{"id":199400,"date":"2025-07-27T08:58:08","date_gmt":"2025-07-27T08:58:08","guid":{"rendered":"https:\/\/radiofenix.com.ar\/2023\/petroleras-tambien-en-aprietos\/"},"modified":"2025-07-27T08:58:08","modified_gmt":"2025-07-27T08:58:08","slug":"petroleras-tambien-en-aprietos","status":"publish","type":"post","link":"https:\/\/radiofenix.com.ar\/2023\/petroleras-tambien-en-aprietos\/","title":{"rendered":"Petroleras, tambi\u00e9n en aprietos"},"content":{"rendered":"<div><!-- Body --><\/p>\n<p>Los trabajadores de Astra Evangelista (AESA), empresa subsidiaria de YPF, denunciaron que los gerentes de la planta de Canning buscan avanzar con una baja masiva de salarios en medio de negociaciones con el sindicato por la reincorporaci\u00f3n de m\u00e1s de 40 trabajadores que fueron despedidos en las \u00faltimas semanas. <\/p>\n<p>\u201cVen\u00edan con amenazas, queriendo bajar nuestro sueldo un 42,5 por ciento. Hasta que hace 25 d\u00edas echaron a 43 compa\u00f1eros. Mediante la conciliaci\u00f3n obligatoria pudieron recuperar el puesto. Ahora venci\u00f3 y no los dejaron entrar m\u00e1s\u201d, explic\u00f3 el delegado gremial, Alfredo Mart\u00ednez.<\/p>\n<p>La planta est\u00e1 parada y la retenci\u00f3n de tareas es total. \u201cAc\u00e1 estamos, hace m\u00e1s de una semana con el acampe fuera de la f\u00e1brica, esperando la reincorporaci\u00f3n y vamos a seguir por el tiempo que sea necesario\u201d, detall\u00f3.<\/p>\n<p>Ante la medida de los operarios, los responsables de la compa\u00f1\u00eda intentan un acuerdo. La propuesta: reducir los salarios. \u201cEst\u00e1n llam\u00e1ndonos d\u00eda por medio, pero nos dicen que nos tenemos que bajar el sueldo para que reingresen los compa\u00f1eros\u201d, asegur\u00f3.<\/p>\n<p>Y agreg\u00f3: \u201cLa empresa tiene m\u00e1s de 75 a\u00f1os y esto nunca ha pasado. Es una verg\u00fcenza que tomen decisiones dr\u00e1sticas. No somos nada para ellos y se olvidan que tenemos familia. El sindicato tambi\u00e9n ofreci\u00f3 formas de mediar y la empresa siempre estuvo con la negativa\u00bb.<\/p>\n<p><!-- Live Blog Post --><\/div>\n<p><a href=\"https:\/\/www.pagina12.com.ar\/844812-petroleras-tambien-en-aprietos\">source<\/a><\/p>\n","protected":false},"excerpt":{"rendered":"<p>Los trabajadores de Astra Evangelista (AESA), empresa subsidiaria de YPF, denunciaron que los gerentes de&#8230;<\/p>\n","protected":false},"author":0,"featured_media":199401,"comment_status":"open","ping_status":"open","sticky":false,"template":"","format":"standard","meta":{"footnotes":""},"categories":[5],"tags":[],"class_list":["post-199400","post","type-post","status-publish","format-standard","has-post-thumbnail","hentry","category-economia"],"featured_image_urls":{"full":["https:\/\/radiofenix.com.ar\/2023\/wp-content\/uploads\/2025\/07\/wp-header-logo-154.png",960,540,false],"thumbnail":["https:\/\/radiofenix.com.ar\/2023\/wp-content\/uploads\/2025\/07\/wp-header-logo-154-150x150.png",150,150,true],"medium":["https:\/\/radiofenix.com.ar\/2023\/wp-content\/uploads\/2025\/07\/wp-header-logo-154-300x169.png",300,169,true],"medium_large":["https:\/\/radiofenix.com.ar\/2023\/wp-content\/uploads\/2025\/07\/wp-header-logo-154-768x432.png",640,360,true],"large":["https:\/\/radiofenix.com.ar\/2023\/wp-content\/uploads\/2025\/07\/wp-header-logo-154.png",640,360,false],"1536x1536":["https:\/\/radiofenix.com.ar\/2023\/wp-content\/uploads\/2025\/07\/wp-header-logo-154.png",960,540,false],"2048x2048":["https:\/\/radiofenix.com.ar\/2023\/wp-content\/uploads\/2025\/07\/wp-header-logo-154.png",960,540,false],"newsium-slider-full":["https:\/\/radiofenix.com.ar\/2023\/wp-content\/uploads\/2025\/07\/wp-header-logo-154.png",960,540,false],"newsium-featured":["https:\/\/radiofenix.com.ar\/2023\/wp-content\/uploads\/2025\/07\/wp-header-logo-154.png",960,540,false],"newsium-medium":["https:\/\/radiofenix.com.ar\/2023\/wp-content\/uploads\/2025\/07\/wp-header-logo-154-720x475.png",720,475,true]},"author_info":{"info":[""]},"category_info":"<a href=\"https:\/\/radiofenix.com.ar\/2023\/category\/economia\/\" rel=\"category tag\">Economia<\/a>","tag_info":"Economia","comment_count":"0","_links":{"self":[{"href":"https:\/\/radiofenix.com.ar\/2023\/wp-json\/wp\/v2\/posts\/199400","targetHints":{"allow":["GET"]}}],"collection":[{"href":"https:\/\/radiofenix.com.ar\/2023\/wp-json\/wp\/v2\/posts"}],"about":[{"href":"https:\/\/radiofenix.com.ar\/2023\/wp-json\/wp\/v2\/types\/post"}],"replies":[{"embeddable":true,"href":"https:\/\/radiofenix.com.ar\/2023\/wp-json\/wp\/v2\/comments?post=199400"}],"version-history":[{"count":0,"href":"https:\/\/radiofenix.com.ar\/2023\/wp-json\/wp\/v2\/posts\/199400\/revisions"}],"wp:featuredmedia":[{"embeddable":true,"href":"https:\/\/radiofenix.com.ar\/2023\/wp-json\/wp\/v2\/media\/199401"}],"wp:attachment":[{"href":"https:\/\/radiofenix.com.ar\/2023\/wp-json\/wp\/v2\/media?parent=199400"}],"wp:term":[{"taxonomy":"category","embeddable":true,"href":"https:\/\/radiofenix.com.ar\/2023\/wp-json\/wp\/v2\/categories?post=199400"},{"taxonomy":"post_tag","embeddable":true,"href":"https:\/\/radiofenix.com.ar\/2023\/wp-json\/wp\/v2\/tags?post=199400"}],"curies":[{"name":"wp","href":"https:\/\/api.w.org\/{rel}","templated":true}]}}