{"id":199402,"date":"2025-07-27T08:58:11","date_gmt":"2025-07-27T08:58:11","guid":{"rendered":"https:\/\/radiofenix.com.ar\/2023\/efemerides-de-hoy-que-paso-un-27-de-julio\/"},"modified":"2025-07-27T08:58:11","modified_gmt":"2025-07-27T08:58:11","slug":"efemerides-de-hoy-que-paso-un-27-de-julio","status":"publish","type":"post","link":"https:\/\/radiofenix.com.ar\/2023\/efemerides-de-hoy-que-paso-un-27-de-julio\/","title":{"rendered":"Efem\u00e9rides de hoy: qu\u00e9 pas\u00f3 un 27 de julio\u00a0"},"content":{"rendered":"<div><!-- Body --><\/p>\n<p>En las<b> efem\u00e9rides del 27 de julio <\/b>sobresalen estos hechos que ocurrieron un d\u00eda como hoy en la Argentina y el mundo:<\/p>\n<h2>1924. Los Juegos Ol\u00edmpicos de Par\u00eds<\/h2>\n<p><b>Terminan los Juegos Ol\u00edmpicos de Par\u00eds, los primeros a los que concurre la Argentina<\/b>. El equipo de polo obtiene la medalla de oro. Alfredo Copello y H\u00e9ctor M\u00e9ndez suman preseas de plata en boxeo. La misma disciplina aporta dos medallas de bronce a trav\u00e9s de Alfredo Porzio y Pedro Quartucci. Luis Brunetto se convierte en el primer sudamericano que gana una medalla en atletismo, al quedarse con la de plata en salto triple. Los Juegos de Par\u00eds <b>son recordados por la controversia en el equipo brit\u00e1nico de atletismo<\/b>: Eric Liddell se niega a competir en 100 metros porque la prueba era un domingo, d\u00eda de observancia religiosa. Pasa a correr los 400 metros y gana la prueba. <a href=\"https:\/\/www.pagina12.com.ar\/286183-murio-ben-cross-uno-de-los-protagonistas-de-carrozas-de-fueg\">Su historia y su rivalidad con Harold Abrahams, campe\u00f3n en 100 metros, es el tema de la pel\u00edcula <i>Carrozas de fuego<\/i><\/a>.<\/p>\n<p><iframe style=\"border: 0px; position: absolute; top: 0px; left: 0px; height: 100%;\" allowfullscreen=\"\" frameborder=\"0\" src=\"https:\/\/www.youtube.com\/embed\/IYNUxdoIacA\"><\/iframe><\/p>\n<h2>1940. El nacimiento de Pina Bausch<\/h2>\n<p><a href=\"https:\/\/www.pagina12.com.ar\/diario\/suplementos\/las12\/13-5018-2009-07-03.html\">Nace la bailarina y core\u00f3grafa alemana Pina Bausch<\/a>, una de las m\u00e1s destacadas de la segunda mitad del siglo XX. <b>Fue pionera de la danza contempor\u00e1nea<\/b>. En cine, colabor\u00f3 con Federico Fellini en <i>Y la nave va <\/i>y con Pedro Almod\u00f3var en <i>Hable con ella<\/i>. <a href=\"https:\/\/www.pagina12.com.ar\/diario\/suplementos\/radar\/9-5413-2009-07-05.html\">Falleci\u00f3 en 2009<\/a>, mientras <a href=\"https:\/\/www.pagina12.com.ar\/diario\/suplementos\/radar\/9-7374-2011-10-09.html\">Wim Wenders filmaba el documental <i>Pina<\/i><\/a>, estrenado en 2011.<\/p>\n<p><iframe style=\"border: 0px; position: absolute; top: 0px; left: 0px; height: 100%;\" allowfullscreen=\"\" frameborder=\"0\" src=\"https:\/\/www.youtube.com\/embed\/F-cV74Mq7KU\"><\/iframe><\/p>\n<h2>1965. Nace Jos\u00e9 Luis Chilavert<\/h2>\n<p><a href=\"https:\/\/www.pagina12.com.ar\/390211-el-fascismo-miserable-de-chilavert\">Nace Jos\u00e9 Luis Chilavert <\/a>en Luque, Paraguay. Lleg\u00f3 al f\u00fatbol argentino para jugar en San Lorenzo. Tras una etapa en Espa\u00f1a, recal\u00f3 en V\u00e9lez, donde gan\u00f3 todo. <a href=\"https:\/\/www.pagina12.com.ar\/233473-irrepetible-el-dia-que-chilavert-marco-tres-goles-en-un-mism\">Fue el arquero m\u00e1s goleador de la historia, con 62 tantos<\/a>, hasta que lo super\u00f3 el brasile\u00f1o Rog\u00e9rio Ceni en 2006. <b>Con su selecci\u00f3n disput\u00f3 los mundiales de 1998 y 2002<\/b>. Se postul\u00f3, sin \u00e9xito, en las elecciones presidenciales de su pa\u00eds, en 2023.<\/p>\n<p><iframe style=\"border: 0px; position: absolute; top: 0px; left: 0px; height: 100%;\" allowfullscreen=\"\" frameborder=\"0\" src=\"https:\/\/www.youtube.com\/embed\/jbhQoM_41oY\"><\/iframe><\/p>\n<h2>1981. Fallece William Wyler<\/h2>\n<p><b>A los 79 a\u00f1os muere William Wyler<\/b>, uno de los principales directores del Hollywood cl\u00e1sico. Hab\u00eda nacido en Alemania en 1902. <b>Con doce candidaturas, es el director m\u00e1s nominado al Oscar<\/b>. Obtuvo la estatuilla por <i>Rosa de abolengo<\/i>, <i>Los mejores a\u00f1os de nuestras vidas<\/i> y <i>Ben-Hur<\/i>, las tres merecedoras adem\u00e1s del premio a mejor pel\u00edcula. Tambi\u00e9n dirigi\u00f3, entre otros t\u00edtulos, <i>Jezabel<\/i>, <i>Cumbres borrascosas<\/i>,<a href=\"https:\/\/www.pagina12.com.ar\/78145-borracha-de-melodrama\"><i> La heredera<\/i><\/a>, <i>La princesa que quer\u00eda vivir<\/i>, <i>Horas desesperadas<\/i>,<i> El coleccionista <\/i>y <i>C\u00f3mo robar un mill\u00f3n<\/i>.<\/p>\n<p><iframe style=\"border: 0px; position: absolute; top: 0px; left: 0px; height: 100%;\" allowfullscreen=\"\" frameborder=\"0\" src=\"https:\/\/www.youtube.com\/embed\/D4EjRzzRQLI\"><\/iframe><\/p>\n<h2>1984. Independiente gana su s\u00e9ptima Copa<br \/>\nLibertadores<\/h2>\n<p><b>Independiente empata 0 a 0 en su cancha con el Gremio de Porto Alegre y se corona campe\u00f3n de la Copa Libertadores por s\u00e9ptima vez<\/b>. Tres d\u00edas antes, el equipo de Jos\u00e9 Omar Pastoriza hab\u00eda ganado 1 a 0 en la ida en Brasil, en lo que se defini\u00f3 como \u00abel partido perfecto\u00bb por el alt\u00edsimo nivel mostrado ante el hasta entonces campe\u00f3n defensor. <b>Es la \u00faltima Libertadores obtenida hasta la fecha por Independiente, y la que lo coloca como el m\u00e1ximo ganador del trofeo continental<\/b>.<\/p>\n<p><iframe style=\"border: 0px; position: absolute; top: 0px; left: 0px; height: 100%;\" allowfullscreen=\"\" frameborder=\"0\" src=\"https:\/\/www.youtube.com\/embed\/K4PYR-Tx2fY\"><\/iframe><\/p>\n<h2>1996. Atentado en los Juegos Ol\u00edmpicos de<br \/>\nAtlanta<\/h2>\n<p><b>Una bomba causa dos muertos y deja 111 heridos en el Parque Ol\u00edmpico del Centenario, en Atlanta<\/b>. Los Juegos Ol\u00edmpicos se hab\u00edan inaugurado ocho d\u00edas antes en la ciudad norteamericana. <b>Eric Rudolph, de 29 a\u00f1os, es el responsable del ataque<\/b>. <a href=\"https:\/\/www.pagina12.com.ar\/239466-el-caso-de-richard-jewell-tema-del-traidor-y-del-heroe\">Un guardia de seguridad, llamado Richard Jewell, descubre el explosivo antes que explote y logra desalojar la zona<\/a>. Cuando detona, la explosi\u00f3n mata a una mujer. El otro fallecido es un camar\u00f3grafo turco que sufre un infarto cuando corre a cubrir el hecho. Las primeras sospechas se volcaron hacia Jewell, que fue hostigado por los medios hasta que se descubri\u00f3 su rol heroico y la responsabilidad del ultraderechista Rudolph, <b>hoy condenado a perpetua<\/b>.<\/p>\n<p><iframe style=\"border: 0px; position: absolute; top: 0px; left: 0px; height: 100%;\" allowfullscreen=\"\" frameborder=\"0\" src=\"https:\/\/www.youtube.com\/embed\/gSMxBLlA8qY\"><\/iframe><\/p>\n<p>Adem\u00e1s, es el <b>D\u00eda Mundial del Perro Callejero<\/b>, y en la Argentina es el <b>D\u00eda del Antrop\u00f3logo<\/b>.<\/p>\n<p><!-- Live Blog Post --><\/div>\n<p><a href=\"https:\/\/www.pagina12.com.ar\/844990-efemerides-de-hoy-que-paso-un-27-de-julio\">source<\/a><\/p>\n","protected":false},"excerpt":{"rendered":"<p>En las efem\u00e9rides del 27 de julio sobresalen estos hechos que ocurrieron un d\u00eda como&#8230;<\/p>\n","protected":false},"author":0,"featured_media":199403,"comment_status":"open","ping_status":"open","sticky":false,"template":"","format":"standard","meta":{"footnotes":""},"categories":[7],"tags":[],"class_list":["post-199402","post","type-post","status-publish","format-standard","has-post-thumbnail","hentry","category-sociedad"],"featured_image_urls":{"full":["https:\/\/radiofenix.com.ar\/2023\/wp-content\/uploads\/2025\/07\/wp-header-logo-155.png",960,540,false],"thumbnail":["https:\/\/radiofenix.com.ar\/2023\/wp-content\/uploads\/2025\/07\/wp-header-logo-155-150x150.png",150,150,true],"medium":["https:\/\/radiofenix.com.ar\/2023\/wp-content\/uploads\/2025\/07\/wp-header-logo-155-300x169.png",300,169,true],"medium_large":["https:\/\/radiofenix.com.ar\/2023\/wp-content\/uploads\/2025\/07\/wp-header-logo-155-768x432.png",640,360,true],"large":["https:\/\/radiofenix.com.ar\/2023\/wp-content\/uploads\/2025\/07\/wp-header-logo-155.png",640,360,false],"1536x1536":["https:\/\/radiofenix.com.ar\/2023\/wp-content\/uploads\/2025\/07\/wp-header-logo-155.png",960,540,false],"2048x2048":["https:\/\/radiofenix.com.ar\/2023\/wp-content\/uploads\/2025\/07\/wp-header-logo-155.png",960,540,false],"newsium-slider-full":["https:\/\/radiofenix.com.ar\/2023\/wp-content\/uploads\/2025\/07\/wp-header-logo-155.png",960,540,false],"newsium-featured":["https:\/\/radiofenix.com.ar\/2023\/wp-content\/uploads\/2025\/07\/wp-header-logo-155.png",960,540,false],"newsium-medium":["https:\/\/radiofenix.com.ar\/2023\/wp-content\/uploads\/2025\/07\/wp-header-logo-155-720x475.png",720,475,true]},"author_info":{"info":[""]},"category_info":"<a href=\"https:\/\/radiofenix.com.ar\/2023\/category\/sociedad\/\" rel=\"category tag\">Sociedad<\/a>","tag_info":"Sociedad","comment_count":"0","_links":{"self":[{"href":"https:\/\/radiofenix.com.ar\/2023\/wp-json\/wp\/v2\/posts\/199402","targetHints":{"allow":["GET"]}}],"collection":[{"href":"https:\/\/radiofenix.com.ar\/2023\/wp-json\/wp\/v2\/posts"}],"about":[{"href":"https:\/\/radiofenix.com.ar\/2023\/wp-json\/wp\/v2\/types\/post"}],"replies":[{"embeddable":true,"href":"https:\/\/radiofenix.com.ar\/2023\/wp-json\/wp\/v2\/comments?post=199402"}],"version-history":[{"count":0,"href":"https:\/\/radiofenix.com.ar\/2023\/wp-json\/wp\/v2\/posts\/199402\/revisions"}],"wp:featuredmedia":[{"embeddable":true,"href":"https:\/\/radiofenix.com.ar\/2023\/wp-json\/wp\/v2\/media\/199403"}],"wp:attachment":[{"href":"https:\/\/radiofenix.com.ar\/2023\/wp-json\/wp\/v2\/media?parent=199402"}],"wp:term":[{"taxonomy":"category","embeddable":true,"href":"https:\/\/radiofenix.com.ar\/2023\/wp-json\/wp\/v2\/categories?post=199402"},{"taxonomy":"post_tag","embeddable":true,"href":"https:\/\/radiofenix.com.ar\/2023\/wp-json\/wp\/v2\/tags?post=199402"}],"curies":[{"name":"wp","href":"https:\/\/api.w.org\/{rel}","templated":true}]}}