{"id":199408,"date":"2025-07-27T08:58:16","date_gmt":"2025-07-27T08:58:16","guid":{"rendered":"https:\/\/radiofenix.com.ar\/2023\/la-rural-celebro-el-fallo-que-condeno-a-cristina-kirchner\/"},"modified":"2025-07-27T08:58:16","modified_gmt":"2025-07-27T08:58:16","slug":"la-rural-celebro-el-fallo-que-condeno-a-cristina-kirchner","status":"publish","type":"post","link":"https:\/\/radiofenix.com.ar\/2023\/la-rural-celebro-el-fallo-que-condeno-a-cristina-kirchner\/","title":{"rendered":"La Rural celebr\u00f3 el fallo que conden\u00f3 a Cristina Kirchner"},"content":{"rendered":"<div id=\"\">\n<p>En otro tramo del discurso, el <strong>Milei volvi\u00f3 a cargar contra el kirchnerismo. \u00abLa casta est\u00e1 afilando los cuchillos para volver a sentarse en el poder<\/strong>\u00ab, advirti\u00f3, y pidi\u00f3 a los productores: \u00abNo los dejen volver\u00bb.<\/p>\n<p>El presidente de la Sociedad Rural Argentina, Nicol\u00e1s Pino, dijo que el sector agropecuario tiene muy claro \u201ca qu\u00e9 lugar no queremos volver\u201d, en alusi\u00f3n al kirchnerismo, lo que desat\u00f3 el primer aplauso de la gente en las gradas, mientras que volvi\u00f3 a pedir la eliminaci\u00f3n de las retenciones y le apunt\u00f3 a provincias y municipios por las altas cargas impositivas.<\/p>\n<p>\u201cSi tuvi\u00e9semos las condiciones adecuadas, podr\u00edamos producir el doble\u201d, asegur\u00f3 el dirigente del agro, quien pidi\u00f3m que el gobierno nacional \u201ccontin\u00fae reduciendo la carga impostiva\u201d.<\/p>\n<p>\u201cTenemos que reconocer los avances logrados hasta ac\u00e1 y marcar lo que hace falta\u201d, dijo Pino.<\/p>\n<p>Y garantiz\u00f3 que el campo \u201csiempre ser\u00e1 parte de la soluci\u00f3n, y nunca parte del problema\u201d.<\/p>\n<p>\u201cEl campo no es un aliado partidario, es exclusivamente un aliado de la Argentina\u201d, aclar\u00f3.<\/p>\n<div contenteditable=\"false\" class=\"embed_cont type_freetext\" rel=\"freetext\" id=\"embed34_wrap\">\n<p> Embed <span onclick=\"parent.parent.TinyMCETdcuerpo.preview_embed('embed34')\" class=\"embed_colapse less\" id=\"embed34_colapse\"\/> <span onclick=\"parent.parent.TinyMCETdcuerpo.delete_embed('embed34')\" class=\"embed_delete less\" id=\"embed34_delete\"\/><\/p>\n<div id=\"embed34_content\" class=\"embed_content\">\n<div id=\"embed34_embed\">\n<figure class=\"figure\"><a href=\"https:\/\/t.me\/minutounocom\" target=\"_blank\" rel=\"noopener\"><img decoding=\"async\" src=\"https:\/\/media.minutouno.com\/adjuntos\/150\/banners\/039\/099\/0039099175.jpg\" class=\"figure-img img-fluid\" style=\"width:100%;height:auto;\"\/><\/a><\/figure>\n<\/p><\/div>\n<\/div><\/div>\n<\/p><\/div>\n<p><a href=\"https:\/\/www.minutouno.com\/politica\/la-rural-celebro-el-fallo-que-condeno-cristina-kirchner-n6171432\">source<\/a><\/p>\n","protected":false},"excerpt":{"rendered":"<p>En otro tramo del discurso, el Milei volvi\u00f3 a cargar contra el kirchnerismo. \u00abLa casta&#8230;<\/p>\n","protected":false},"author":0,"featured_media":199409,"comment_status":"open","ping_status":"open","sticky":false,"template":"","format":"standard","meta":{"footnotes":""},"categories":[2],"tags":[],"class_list":["post-199408","post","type-post","status-publish","format-standard","has-post-thumbnail","hentry","category-politica"],"featured_image_urls":{"full":["https:\/\/radiofenix.com.ar\/2023\/wp-content\/uploads\/2025\/07\/wp-header-logo-158.png",730,100,false],"thumbnail":["https:\/\/radiofenix.com.ar\/2023\/wp-content\/uploads\/2025\/07\/wp-header-logo-158-150x100.png",150,100,true],"medium":["https:\/\/radiofenix.com.ar\/2023\/wp-content\/uploads\/2025\/07\/wp-header-logo-158-300x41.png",300,41,true],"medium_large":["https:\/\/radiofenix.com.ar\/2023\/wp-content\/uploads\/2025\/07\/wp-header-logo-158.png",640,88,false],"large":["https:\/\/radiofenix.com.ar\/2023\/wp-content\/uploads\/2025\/07\/wp-header-logo-158.png",640,88,false],"1536x1536":["https:\/\/radiofenix.com.ar\/2023\/wp-content\/uploads\/2025\/07\/wp-header-logo-158.png",730,100,false],"2048x2048":["https:\/\/radiofenix.com.ar\/2023\/wp-content\/uploads\/2025\/07\/wp-header-logo-158.png",730,100,false],"newsium-slider-full":["https:\/\/radiofenix.com.ar\/2023\/wp-content\/uploads\/2025\/07\/wp-header-logo-158.png",730,100,false],"newsium-featured":["https:\/\/radiofenix.com.ar\/2023\/wp-content\/uploads\/2025\/07\/wp-header-logo-158.png",730,100,false],"newsium-medium":["https:\/\/radiofenix.com.ar\/2023\/wp-content\/uploads\/2025\/07\/wp-header-logo-158-720x100.png",720,100,true]},"author_info":{"info":[""]},"category_info":"<a href=\"https:\/\/radiofenix.com.ar\/2023\/category\/politica\/\" rel=\"category tag\">Pol\u00edtica<\/a>","tag_info":"Pol\u00edtica","comment_count":"0","_links":{"self":[{"href":"https:\/\/radiofenix.com.ar\/2023\/wp-json\/wp\/v2\/posts\/199408","targetHints":{"allow":["GET"]}}],"collection":[{"href":"https:\/\/radiofenix.com.ar\/2023\/wp-json\/wp\/v2\/posts"}],"about":[{"href":"https:\/\/radiofenix.com.ar\/2023\/wp-json\/wp\/v2\/types\/post"}],"replies":[{"embeddable":true,"href":"https:\/\/radiofenix.com.ar\/2023\/wp-json\/wp\/v2\/comments?post=199408"}],"version-history":[{"count":0,"href":"https:\/\/radiofenix.com.ar\/2023\/wp-json\/wp\/v2\/posts\/199408\/revisions"}],"wp:featuredmedia":[{"embeddable":true,"href":"https:\/\/radiofenix.com.ar\/2023\/wp-json\/wp\/v2\/media\/199409"}],"wp:attachment":[{"href":"https:\/\/radiofenix.com.ar\/2023\/wp-json\/wp\/v2\/media?parent=199408"}],"wp:term":[{"taxonomy":"category","embeddable":true,"href":"https:\/\/radiofenix.com.ar\/2023\/wp-json\/wp\/v2\/categories?post=199408"},{"taxonomy":"post_tag","embeddable":true,"href":"https:\/\/radiofenix.com.ar\/2023\/wp-json\/wp\/v2\/tags?post=199408"}],"curies":[{"name":"wp","href":"https:\/\/api.w.org\/{rel}","templated":true}]}}