{"id":199410,"date":"2025-07-27T08:58:18","date_gmt":"2025-07-27T08:58:18","guid":{"rendered":"https:\/\/radiofenix.com.ar\/2023\/chau-macoco-la-sintesis-de-cuarenta-anos-de-teatro-y-humor\/"},"modified":"2025-07-27T08:58:18","modified_gmt":"2025-07-27T08:58:18","slug":"chau-macoco-la-sintesis-de-cuarenta-anos-de-teatro-y-humor","status":"publish","type":"post","link":"https:\/\/radiofenix.com.ar\/2023\/chau-macoco-la-sintesis-de-cuarenta-anos-de-teatro-y-humor\/","title":{"rendered":"&quot;\u00a1Chau, Macoco!&quot;, la s\u00edntesis de cuarenta a\u00f1os de teatro y humor"},"content":{"rendered":"<div><!-- Body --><\/p>\n<p>Cuando <b>Los Macocos<\/b> cumplieron 30 a\u00f1os eligieron reestrenar su obra m\u00e1s emblem\u00e1tica,\u00a0<i>La fabulosa historia de los inolvidables Marrapodi<\/i>. Ahora est\u00e1n cumpliendo 40, y fueron m\u00e1s all\u00e1: inventaron una obra nueva, que es prueba de varias cosas. La <b>vigencia <\/b>del cuarteto de actores; una <b>sinton\u00eda grupal<\/b> que, surgida en la Escuela Nacional de Arte Dram\u00e1tico en los &#8217;80, se ve intacta; lo mismo que la exploraci\u00f3n, la b\u00fasqueda de <b>riesgos <\/b>y la frescura. Con <b>afilada direcci\u00f3n de Mariana Chaud<\/b>, en lo que es su primera colaboraci\u00f3n con el grupo,\u00a0<b><i>\u00a1Chau, Macoco! <\/i><\/b>es una verdadera fiesta de cumplea\u00f1os en el <b>Teatro San Mart\u00edn<\/b> que sintetiza y condensa cuatro d\u00e9cadas de teatro, humor y una poderosa conexi\u00f3n hacia dentro y con el p\u00fablico.<\/p>\n<p><i>\u00a1Chau, Macoco! <\/i>-el t\u00edtulo suena a despedida de los escenarios, pero nada indica que esto vaya a suceder- fue definido como un <b>viudrama<\/b>, en un juego de palabras con el concepto de \u00abbiodrama\u00bb, acu\u00f1ado por Vivi Tellas para aludir al teatro que pone en escena biograf\u00edas. <b>Gabriel Wolf, Daniel Casablanca, Marcelo Xicarts y Mart\u00edn Salazar<\/b> <b>hacen, por primera vez, los cuatro de mujeres y encarnan cada uno a su propia viuda<\/b>, se\u00f1oras que est\u00e1n circunstancialmente unidas por el acontecimiento de la muerte y que deben cumplir la voluntad de que las cenizas de sus esposos sean esparcidas juntas en una sala teatral. Ri\u00e9ndose de su propio final, Los Macocos convierten al tema m\u00e1s \u00e1lgido de todos en algo desopilante. Pero habr\u00eda que decir que el tema de la obra no es precisamente la muerte sino la vida. Como pasa en los velatorios, aqu\u00ed de lo que se habla es de la vida de cuatro hombres dedicados a una pasi\u00f3n, de cuatro amigos que decidieron entregarse a ella y vivirla en conjunto.<\/p>\n<p>Esta obra es una fiesta en un sentido que excede los 40 a\u00f1os de existencia, algo que ya de por s\u00ed ser\u00eda motivo de celebraci\u00f3n. Los Macocos, seguramente uno de los grupos m\u00e1s longevos de la escena nacional, representan y celebran muchas cosas que en este contexto est\u00e1n en crisis o, mejor dicho, se\u00f1aladas, atacadas: <b>la grupalidad, el teatro, incluso las derivas de la educaci\u00f3n p\u00fablica<\/b>. El tema de la obra es, entonces, el teatro, si es que fuera posible separarlo de la vida en este caso.\u00a0<\/p>\n<p>\u00ab<b>Esta decisi\u00f3n de contarnos es una decisi\u00f3n pol\u00edtica. <\/b>Es como si fuera Teatro x la Identidad. Porque nuestra identidad est\u00e1 totalmente bombardeada, destrozada, bastardeada, puesta en jaque, boludeada\u00bb, dijo Salazar a <b>P\u00e1gina\/12<\/b> <a href=\"https:\/\/www.pagina12.com.ar\/843062-los-macocos-queremos-contarnos-porque-nuestra-identidad-esta\">d\u00edas antes del estreno<\/a>. La obra est\u00e1 cargada de sentido pol\u00edtico sin bajada de l\u00ednea: \u00abUn actor, un espectador, una silla, una mesa, una luz, un concepto. <b>Y uno o dos subsidios<\/b>, ya es teatro\u00bb, dice Casablanca en un pasaje del espect\u00e1culo festejado por el p\u00fablico, en un momento de recortes y subestimaci\u00f3n a la actividad por parte del gobierno nacional.<\/p>\n<p>Estas viudas con peluca y anteojos negros -cada una con una impronta f\u00edsica y energ\u00e9tica singular- reciben al p\u00fablico en el hall de la sala Casacuberta con las urnas de madera donde est\u00e1n las cenizas de sus macocos y, muy c\u00e1lidas, permiten que se saquen selfies con ellas. Dentro de la sala son el hilo conductor del espect\u00e1culo, las maestras de ceremonia, la excusa perfecta, el disparador para que Los Macocos puedan contarse a s\u00ed mismos. Entran y salen de la escena, y toda vez que aparecen reflejan tensiones entre ellas, se despachan hablando mal de sus maridos -quienes vivieron para llamar la atenci\u00f3n, dentro y fuera de casa-, tienen inconvenientes con las cenizas y van construyendo una trama que deriva hacia la muerte del \u00faltimo Macoco, una situaci\u00f3n esperada por aquellas que hac\u00eda tiempo se ve\u00edan obligadas a guardar las cenizas en sus hogares.<\/p>\n<p>En el arte, dar origen a un adjetivo es un logro, y a lo largo de estos a\u00f1os Los Macocos lo han conseguido: <b>este espect\u00e1culo es bien\u00a0<\/b><em><b>macocal<\/b><\/em>. No se agota en la presencia de las viudas -m\u00e1s que personajes, sus alter egos-, sino que salta de un registro a otro con naturalidad, lo que lo vuelve muy din\u00e1mico. Elementos de la puesta como la escenograf\u00eda y la iluminaci\u00f3n sostienen bien los vaivenes. A lo largo de la obra, cada actor tiene su momento al borde del escenario. En soledad, cada uno se dirige a p\u00fablico con un mon\u00f3logo en el que revela c\u00f3mo lleg\u00f3 al teatro, al grupo, o c\u00f3mo conoci\u00f3 a alguno de sus compa\u00f1eros. Son <b>escenas \u00edntimas, emotivas<\/b>,\u00a0que no dejan de ser graciosas, incluso por las apariciones furtivas de los dem\u00e1s desde detr\u00e1s de unas puertas, interrumpiendo o acompa\u00f1ando con humor esas confesiones.<\/p>\n<p>Estos mon\u00f3logos aparecen intercalados tambi\u00e9n entre otras escenas de cierto <b>surrealismo absurdo<\/b>, que tienen la forma y el car\u00e1cter de recuerdos. En una de ellas, Xicarts est\u00e1 disfrazado de \u00abbichito del teatro, ese que te pica y te dice &#8216;hac\u00e9 teatro'\u00bb, atacando a \u00abgente inocente que podr\u00eda tener un futuro brillante\u00bb, mientras en un cochecito est\u00e1n metidos los otros Macocos como beb\u00e9s. Una clase de teatro de los &#8217;80 con un profesor insoportable, egoman\u00edaco y maltratador (Salazar), y un camar\u00edn en el que un actor (Casablanca)  se prepara son otros momentos. La <b>m\u00fasica <\/b>tiene, definitivamente, un gran protagonismo en esta fiesta, que tambi\u00e9n conduce a un universo paralelo en el cual Los Macocos muestran en qu\u00e9 se hubieran convertido de no haber sido quienes son.\u00a0Esa es, quiz\u00e1, la apuesta de <i>\u00a1Chau, Macoco!<\/i>: <b>por fuera de la nostalgia o el homenaje, la reafirmaci\u00f3n del teatro<\/b> como decisi\u00f3n de vida, como juego serio, espacio de resistencia y pacto colectivo.<\/p>\n<p><b><i>\u00a1Chau, Macoco!<\/i><\/b><br \/><b>9 puntos.<\/b><br \/><b>Direcci\u00f3n:<\/b>\u00a0Mariana Chaud<br \/><b>Dise\u00f1o de escenograf\u00eda:<\/b>\u00a0Ariel Vaccaro, Paola Delgado<br \/><b>Dise\u00f1o de vestuario:<\/b> Anal\u00eda Morales<br \/><b>Dise\u00f1o de iluminaci\u00f3n:<\/b> Eli Sirlin<br \/><b>Canciones:<\/b> Los Macocos<br \/><b>M\u00fasica original:<\/b> Los Macocos y Tomi Rodr\u00edguez<br \/><b>Dise\u00f1o sonoro y arreglos musicales:<\/b> Tomi Rodr\u00edguez<br \/><b>Realizaci\u00f3n y puesta de video:<\/b> Francisco Chiapparo<br \/><b>Coreograf\u00eda:<\/b> Luciana Acu\u00f1a<br \/><b>Asistencia de direcci\u00f3n y producci\u00f3n:<\/b> Macocal Jimena Morrone<br \/><b>Asistencia de iluminaci\u00f3n:<\/b> Francisco Toia<br \/><b>Funciones: <\/b>mi\u00e9rcoles a domingos a las 20.30 en Teatro San Mart\u00edn (Avenida Corrientes 1530).<\/p>\n<p><!-- Live Blog Post --><\/div>\n<p><a href=\"https:\/\/www.pagina12.com.ar\/844789-chau-macoco-la-sintesis-de-cuarenta-anos-de-teatro-y-humor\">source<\/a><\/p>\n","protected":false},"excerpt":{"rendered":"<p>Cuando Los Macocos cumplieron 30 a\u00f1os eligieron reestrenar su obra m\u00e1s emblem\u00e1tica,\u00a0La fabulosa historia de&#8230;<\/p>\n","protected":false},"author":0,"featured_media":199411,"comment_status":"open","ping_status":"open","sticky":false,"template":"","format":"standard","meta":{"footnotes":""},"categories":[4],"tags":[],"class_list":["post-199410","post","type-post","status-publish","format-standard","has-post-thumbnail","hentry","category-espectaculos"],"featured_image_urls":{"full":["https:\/\/radiofenix.com.ar\/2023\/wp-content\/uploads\/2025\/07\/wp-header-logo-159.png",960,540,false],"thumbnail":["https:\/\/radiofenix.com.ar\/2023\/wp-content\/uploads\/2025\/07\/wp-header-logo-159-150x150.png",150,150,true],"medium":["https:\/\/radiofenix.com.ar\/2023\/wp-content\/uploads\/2025\/07\/wp-header-logo-159-300x169.png",300,169,true],"medium_large":["https:\/\/radiofenix.com.ar\/2023\/wp-content\/uploads\/2025\/07\/wp-header-logo-159-768x432.png",640,360,true],"large":["https:\/\/radiofenix.com.ar\/2023\/wp-content\/uploads\/2025\/07\/wp-header-logo-159.png",640,360,false],"1536x1536":["https:\/\/radiofenix.com.ar\/2023\/wp-content\/uploads\/2025\/07\/wp-header-logo-159.png",960,540,false],"2048x2048":["https:\/\/radiofenix.com.ar\/2023\/wp-content\/uploads\/2025\/07\/wp-header-logo-159.png",960,540,false],"newsium-slider-full":["https:\/\/radiofenix.com.ar\/2023\/wp-content\/uploads\/2025\/07\/wp-header-logo-159.png",960,540,false],"newsium-featured":["https:\/\/radiofenix.com.ar\/2023\/wp-content\/uploads\/2025\/07\/wp-header-logo-159.png",960,540,false],"newsium-medium":["https:\/\/radiofenix.com.ar\/2023\/wp-content\/uploads\/2025\/07\/wp-header-logo-159-720x475.png",720,475,true]},"author_info":{"info":[""]},"category_info":"<a href=\"https:\/\/radiofenix.com.ar\/2023\/category\/espectaculos\/\" rel=\"category tag\">Espectaculos<\/a>","tag_info":"Espectaculos","comment_count":"0","_links":{"self":[{"href":"https:\/\/radiofenix.com.ar\/2023\/wp-json\/wp\/v2\/posts\/199410","targetHints":{"allow":["GET"]}}],"collection":[{"href":"https:\/\/radiofenix.com.ar\/2023\/wp-json\/wp\/v2\/posts"}],"about":[{"href":"https:\/\/radiofenix.com.ar\/2023\/wp-json\/wp\/v2\/types\/post"}],"replies":[{"embeddable":true,"href":"https:\/\/radiofenix.com.ar\/2023\/wp-json\/wp\/v2\/comments?post=199410"}],"version-history":[{"count":0,"href":"https:\/\/radiofenix.com.ar\/2023\/wp-json\/wp\/v2\/posts\/199410\/revisions"}],"wp:featuredmedia":[{"embeddable":true,"href":"https:\/\/radiofenix.com.ar\/2023\/wp-json\/wp\/v2\/media\/199411"}],"wp:attachment":[{"href":"https:\/\/radiofenix.com.ar\/2023\/wp-json\/wp\/v2\/media?parent=199410"}],"wp:term":[{"taxonomy":"category","embeddable":true,"href":"https:\/\/radiofenix.com.ar\/2023\/wp-json\/wp\/v2\/categories?post=199410"},{"taxonomy":"post_tag","embeddable":true,"href":"https:\/\/radiofenix.com.ar\/2023\/wp-json\/wp\/v2\/tags?post=199410"}],"curies":[{"name":"wp","href":"https:\/\/api.w.org\/{rel}","templated":true}]}}