{"id":199426,"date":"2025-07-29T08:58:03","date_gmt":"2025-07-29T08:58:03","guid":{"rendered":"https:\/\/radiofenix.com.ar\/2023\/renuncio-pablo-cortese-el-presidente-del-senasa-en-medio-de-la-guerra-por-la-vacuna-antiaftosa\/"},"modified":"2025-07-29T08:58:03","modified_gmt":"2025-07-29T08:58:03","slug":"renuncio-pablo-cortese-el-presidente-del-senasa-en-medio-de-la-guerra-por-la-vacuna-antiaftosa","status":"publish","type":"post","link":"https:\/\/radiofenix.com.ar\/2023\/renuncio-pablo-cortese-el-presidente-del-senasa-en-medio-de-la-guerra-por-la-vacuna-antiaftosa\/","title":{"rendered":"Renunci\u00f3 Pablo Cortese, el presidente del Senasa en medio de la guerra por la vacuna antiaftosa"},"content":{"rendered":"<div><!-- Body --><\/p>\n<p>La silla del Senasa qued\u00f3 vac\u00eda. <b>Pablo Cortese present\u00f3 su renuncia como presidente del organismo sanitario<\/b> en medio de un conflicto interno que escal\u00f3 desde las oficinas t\u00e9cnicas hasta el despacho presidencial. La gota que rebals\u00f3 el vaso fue una pelea con los laboratorios veterinarios por la importaci\u00f3n de vacunas antiaftosa, un esc\u00e1ndalo que el Gobierno celebra como un triunfo de desregulaci\u00f3n, pero que para la industria local representa un golpe al coraz\u00f3n.<\/p>\n<h3\/>\n<p><b>La renuncia de Cortese no fue una sorpresa, <\/b>pero s\u00ed el final anunciado de una pelea que ven\u00eda creciendo. En menos de ocho meses al frente del Senasa, el funcionario qued\u00f3 en el centro de una fuerte interna con el gobierno, presiones del sector privado y una denuncia que termin\u00f3 de empujarlo a dar un paso al costado.<\/p>\n<p>Durante su gesti\u00f3n, Cortese habilit\u00f3 la importaci\u00f3n m\u00e1s f\u00e1cil de productos veterinarios desde el exterior, con la idea de bajar los costos para el campo. Pero la medida molest\u00f3 a los laboratorios locales, que salieron a marcarle la cancha. El conflicto se encendi\u00f3 cuando <b>Biog\u00e9nesis Bag\u00f3,<\/b> uno de los m\u00e1s grandes, <u>le mand\u00f3 una carta documento por un lote de vacunas que habr\u00eda ingresado sin los controles habituales.<\/u> La empresa competidora, Tecnovax, fue quien hizo la importaci\u00f3n.<\/p>\n<p><b>\u201cLa carta es totalmente improcedente\u201d,<\/b> respondi\u00f3 Cortese. Pero la pol\u00e9mica ya estaba instalada. A eso se sumaron tensiones con el secretario de Agricultura, Sergio Iraeta, y el apoyo p\u00fablico del presidente Javier Milei y el ministro Federico Sturzenegger a la desregulaci\u00f3n del mercado. Cortese qued\u00f3 solo.<\/p>\n<p>Desde la C\u00e1mara de laboratorios (Caprove) denunciaron que no se trata de una apertura del mercado, sino de un negocio para unos pocos. Y advirtieron que estas medidas ponen en riesgo a una industria que da trabajo directo a m\u00e1s de 8.000 personas y exporta por m\u00e1s de<b> 100 millones de d\u00f3lares al a\u00f1o.<\/b><\/p>\n<p>El quiebre fue la Resoluci\u00f3n 338\/2025, que permite importar productos veterinarios ya aprobados en pa\u00edses \u201cequivalentes\u201d, sin controles locales. Para el Gobierno fue una victoria: <b>\u201cVamos a tener vacunas a mitad de precio\u201d, dijo Milei en la Expo Rural. \u201cNos est\u00e1n estafando\u201d, <\/b>agreg\u00f3 Sturzenegger.<\/p>\n<p>Cortese, t\u00e9cnico de perfil bajo, no pudo sostenerse frente a tanta presi\u00f3n. Renunci\u00f3 y dej\u00f3 un organismo clave en medio de una guerra pol\u00edtica, sanitaria y comercial.<\/p>\n<h3>Segu\u00ed leyendo:<\/h3>\n<h3\/><!-- Live Blog Post --><\/div>\n<p><a href=\"https:\/\/www.pagina12.com.ar\/845490-renuncio-pablo-cortese-el-presidente-del-senasa-en-medio-de-\">source<\/a><\/p>\n","protected":false},"excerpt":{"rendered":"<p>La silla del Senasa qued\u00f3 vac\u00eda. Pablo Cortese present\u00f3 su renuncia como presidente del organismo&#8230;<\/p>\n","protected":false},"author":0,"featured_media":199427,"comment_status":"open","ping_status":"open","sticky":false,"template":"","format":"standard","meta":{"footnotes":""},"categories":[7],"tags":[],"class_list":["post-199426","post","type-post","status-publish","format-standard","has-post-thumbnail","hentry","category-sociedad"],"featured_image_urls":{"full":["https:\/\/radiofenix.com.ar\/2023\/wp-content\/uploads\/2025\/07\/wp-header-logo-167.png",960,540,false],"thumbnail":["https:\/\/radiofenix.com.ar\/2023\/wp-content\/uploads\/2025\/07\/wp-header-logo-167-150x150.png",150,150,true],"medium":["https:\/\/radiofenix.com.ar\/2023\/wp-content\/uploads\/2025\/07\/wp-header-logo-167-300x169.png",300,169,true],"medium_large":["https:\/\/radiofenix.com.ar\/2023\/wp-content\/uploads\/2025\/07\/wp-header-logo-167-768x432.png",640,360,true],"large":["https:\/\/radiofenix.com.ar\/2023\/wp-content\/uploads\/2025\/07\/wp-header-logo-167.png",640,360,false],"1536x1536":["https:\/\/radiofenix.com.ar\/2023\/wp-content\/uploads\/2025\/07\/wp-header-logo-167.png",960,540,false],"2048x2048":["https:\/\/radiofenix.com.ar\/2023\/wp-content\/uploads\/2025\/07\/wp-header-logo-167.png",960,540,false],"newsium-slider-full":["https:\/\/radiofenix.com.ar\/2023\/wp-content\/uploads\/2025\/07\/wp-header-logo-167.png",960,540,false],"newsium-featured":["https:\/\/radiofenix.com.ar\/2023\/wp-content\/uploads\/2025\/07\/wp-header-logo-167.png",960,540,false],"newsium-medium":["https:\/\/radiofenix.com.ar\/2023\/wp-content\/uploads\/2025\/07\/wp-header-logo-167-720x475.png",720,475,true]},"author_info":{"info":[""]},"category_info":"<a href=\"https:\/\/radiofenix.com.ar\/2023\/category\/sociedad\/\" rel=\"category tag\">Sociedad<\/a>","tag_info":"Sociedad","comment_count":"0","_links":{"self":[{"href":"https:\/\/radiofenix.com.ar\/2023\/wp-json\/wp\/v2\/posts\/199426","targetHints":{"allow":["GET"]}}],"collection":[{"href":"https:\/\/radiofenix.com.ar\/2023\/wp-json\/wp\/v2\/posts"}],"about":[{"href":"https:\/\/radiofenix.com.ar\/2023\/wp-json\/wp\/v2\/types\/post"}],"replies":[{"embeddable":true,"href":"https:\/\/radiofenix.com.ar\/2023\/wp-json\/wp\/v2\/comments?post=199426"}],"version-history":[{"count":0,"href":"https:\/\/radiofenix.com.ar\/2023\/wp-json\/wp\/v2\/posts\/199426\/revisions"}],"wp:featuredmedia":[{"embeddable":true,"href":"https:\/\/radiofenix.com.ar\/2023\/wp-json\/wp\/v2\/media\/199427"}],"wp:attachment":[{"href":"https:\/\/radiofenix.com.ar\/2023\/wp-json\/wp\/v2\/media?parent=199426"}],"wp:term":[{"taxonomy":"category","embeddable":true,"href":"https:\/\/radiofenix.com.ar\/2023\/wp-json\/wp\/v2\/categories?post=199426"},{"taxonomy":"post_tag","embeddable":true,"href":"https:\/\/radiofenix.com.ar\/2023\/wp-json\/wp\/v2\/tags?post=199426"}],"curies":[{"name":"wp","href":"https:\/\/api.w.org\/{rel}","templated":true}]}}