{"id":199452,"date":"2025-07-31T08:58:07","date_gmt":"2025-07-31T08:58:07","guid":{"rendered":"https:\/\/radiofenix.com.ar\/2023\/maligno-torres-todavia-tengo-cosas-por-lograr-para-que-me-saquen-la-medalla-van-a-tener-que-matarme-o-pincharme-la-bici\/"},"modified":"2025-07-31T08:58:07","modified_gmt":"2025-07-31T08:58:07","slug":"maligno-torres-todavia-tengo-cosas-por-lograr-para-que-me-saquen-la-medalla-van-a-tener-que-matarme-o-pincharme-la-bici","status":"publish","type":"post","link":"https:\/\/radiofenix.com.ar\/2023\/maligno-torres-todavia-tengo-cosas-por-lograr-para-que-me-saquen-la-medalla-van-a-tener-que-matarme-o-pincharme-la-bici\/","title":{"rendered":"Maligno Torres: &quot;Todav\u00eda tengo cosas por lograr. Para que me saquen la medalla van a tener que matarme o pincharme la bici&quot;"},"content":{"rendered":"<div><!-- Body --><\/p>\n<p>\u00abPara que me saquen la medalla de oro en los Juegos Ol\u00edmpicos de\u00a0Los \u00c1ngeles 2028 van a tener que matarme o pincharme la bici\u00bb, afirm\u00f3 el ciclista Jos\u00e9 Augusto \u00abEl Maligno\u00bb Torres Gil, campe\u00f3n ol\u00edmpico en Par\u00eds 2024 en la disciplina de BMX Freestyle y actual l\u00edder del ranking mundial. \u00abQuiero seguir con el mismo hambre y estar m\u00e1s completo y buscar esa medalla a gusto, sinti\u00e9ndome bien, realmente. Al no creer, todav\u00eda, lo que tengo, quiero que me respeten. Por m\u00e1s que s\u00e9 que lo hacen, quiero  sentirlo m\u00e1s todav\u00eda. Para eso necesito exigirme mucho m\u00e1s\u00bb, expres\u00f3 una exclusiva y extensa  entrevista con <b>P\u00e1gina\/12<\/b> a un a\u00f1o de su consagraci\u00f3n en los Juegos Ol\u00edmpicos de Par\u00eds. El \u00abMaligno\u00bb, de 30 a\u00f1os, nacido en Santa Cruz de la Sierra, Bolivia, y que vive en la capital de C\u00f3rdoba desde los 11 a\u00f1os, obtuvo la medalla de oro en los Juegos Ol\u00edmpicos de Par\u00eds 2024  y logr\u00f3 as\u00ed la segunda presea dorada del ciclismo nacional en la historia de los Juegos Ol\u00edmpicos luego de la que conquistaron Juan Curuchet y Walter P\u00e9rez, en la prueba Madison en Beijing 2008. El otro gran impacto que logr\u00f3 el a\u00f1o pasado fue cuando se consagr\u00f3 subcampe\u00f3n mundial en Abu Dhabi, Emiratos Arabes Unidos, en diciembre, detr\u00e1s del australiano Logan Martin, campe\u00f3n ol\u00edmpico en Tokio 2020.<\/p>\n<p><b>\u2013\u00bfLe das importancia al ranking mundial?<\/b><\/p>\n<p>\u2013El ranking es algo que me pone muy contento pero no es algo que me motive tanto. Es algo incre\u00edble, \u00fanico, que te sirve para muchas cosas pero lo \u00fanico que me mantiene tranquilo es saber que estoy al nivel de los dem\u00e1s. Si no estoy a ese nivel y estoy primero en el ranking,  mentalmente  no me sirve.<\/p>\n<p><b>\u2013\u00bfA un a\u00f1o de que subiste a lo m\u00e1s alto del podio  en los Juegos Ol\u00edmpicos de Par\u00eds siguen en pie estas dos frases: \u00abtodav\u00eda no me creo que gan\u00e9 el oro\u00bb y \u00abtodav\u00eda no me creo que soy campe\u00f3n ol\u00edmpico\u00bb?<\/b><\/p>\n<p>\u2013Esa frase est\u00e1 m\u00e1s firme que nunca. Igual, intacta. Siendo realmente sincero, no lo puedo comprender. Siempre vi a los Juegos Ol\u00edmpicos y al deporte de alto rendimiento y supe que eran lo m\u00e1ximo. Ni hablar de medallas, ni hablar de un oro. Hoy me pregunto \u00bfpor qu\u00e9 me toc\u00f3 a m\u00ed? A veces no lo comprendo. No lo comprendo ni lo puedo sentir todav\u00eda: \u00absoy campe\u00f3n ol\u00edmpico\u00bb, \u00abfui o ser\u00e9 el mejor del mundo\u00bb. Nada, no lo puedo ni decir, ni me animo. Y pas\u00f3 un a\u00f1o.  Cuando voy al exterior est\u00e1 todo perfecto, normal pero vuelvo y me olvido literalmente de la medalla ol\u00edmpica y en el aeropuerto est\u00e1 la gente pidi\u00e9ndome fotos, felicit\u00e1ndome, agradeci\u00e9ndome y ah\u00ed reci\u00e9n me vuelvo a acordar del oro. Realmente me olvido de lo que sucedi\u00f3 porque todav\u00eda tengo cosas  por lograr que quedaron inconclusas.<\/p>\n<p><b>\u2013Aunque digas esto, lo cierto es que sos campe\u00f3n ol\u00edmpico.<\/b><\/p>\n<p>\u2013Si, si trato de sentirlo pero me es dif\u00edcil. Se logr\u00f3 lo m\u00e1ximo. Fui a mi primer Juego Ol\u00edmpico\u00a0bastante jugado y ganar la medalla de oro en la \u00faltima ronda, dentro del riesgo que tom\u00e9, lo disfrut\u00e9 un poco. <\/p>\n<p><b>\u2013Hablaste de cosas por lograr que quedaron inconclusas. \u00bfCu\u00e1les?<\/b><\/p>\n<p>\u2013Algo que para m\u00ed es muy importante: sentirme al ciento por ciento. A\u00fan no llegu\u00e9 a sentirme cerca. Algo que me gustar\u00eda saber es c\u00f3mo me sentir\u00eda o me desenvolver\u00eda en la competencia en los pr\u00f3ximos Juegos<span>,<\/span>\u00a0si me siento realmente al ciento por ciento y afino todas las cosas que no hice.<\/p>\n<p><b>\u2013\u00bfGanaste la medalla oro no estando al ciento por ciento?\t<\/b><\/p>\n<p>\u2013Me exig\u00ed al m\u00e1ximo, tomando riesgos. Funcion\u00f3,  pero no estaba al ciento por ciento. No me sent\u00eda el tipo m\u00e1s preparado de todos. A Los \u00c1ngeles me gustar\u00eda ir completo, seguro, firme en lo que estoy por hacer y con aura de decir \u00abChe, estoy por ac\u00e1\u00bb.<\/p>\n<p><b>\u2013\u00bfPara lograr esto qu\u00e9 trabajo deb\u00e9s hacer?<\/b><\/p>\n<p>\u2013Siento que, dentro de todo, tengo disciplina porque me gusta no porque para un sacrificio. Pero no te voy a negar que en la parte de la alimentaci\u00f3n no soy un tipo perfecto, me descuido bastante. Esa parte me gustar\u00eda trabajarla porque a la hora de ir a entrenar y a competir, la siento: me falta energ\u00eda; en vez de entrenar dos horas  hago una hora y media, entonces voy y vengo, voy y vengo y en ese sentido me falta afinar bastante. Me gustar\u00eda tener esa mentalidad fuerte para poder hacerlo.<\/p>\n<p><b>\u2013\u00bfY esos cuelgues a qu\u00e9 se deben?<\/b><\/p>\n<p>\u2013Punto uno: tengo a mi vieja que para m\u00ed es la mejor repostera del mundo  y hace las mejores tortas del planeta y claro, cuando algo sale mal, queda en la heladera y quien est\u00e1 cerca de la heladera? Yo. La parte dulce es la que m\u00e1s me complica, no tanto la salada y todo el tiempo estoy con esos gustos. Tengo que mejorar esos detalles. Otra cosa que tengo que mejorar despu\u00e9s de ganar la medalla es que mucha gente se acerca a nuestro parque y se pone a ver junto a sus familias nuestros entrenamientos y te piden fotos, se ponen a charlar con vos. Yo, feliz de hacer todo eso, pero lo cierto es que eso conlleva 10, 15 o 20 minutos de enfriamiento de la pr\u00e1ctica en la que estabas.  Me complico. Tengo que decir: \u00abme esperan un segundito que termino de entrenar\u00bb.  No lo hago y eso hace que baje un poquito el rendimiento.\u00a0<\/p>\n<p><b>\u2013\u00bfPensaste en incorporar a un nutricionista a tu equipo?<\/b><\/p>\n<p> \u2013Deber\u00eda, deber\u00eda, ja, ja. Como estoy con varios proyectos, varias responsabilidades, si no tengo a alguien \u2013ya sea mi hermano o alguien de la familia\u2013 que me diga: \u201cMaligno, ten\u00e9s un turno ma\u00f1ana a las tres de la tarde con nutricionista\u00bb va a ser muy poco probable que levante el tel\u00e9fono y diga voy a ir, cu\u00e1ndo y c\u00f3mo. No me estoy haciendo ese tipo de tiempos, vengo colgado, pero deber\u00eda hacerlo, realmente.<\/p>\n<p><b>\u2013\u00bfLa medalla de oro en Par\u00eds te genera un peso psicol\u00f3gico de cara a los  JJOO de Los \u00c1ngeles porque ten\u00e9s  que defenderla?<\/b><\/p>\n<p>\u2013S\u00ed, por supuesto. M\u00e1s sabiendo la edad que tengo. No tengo 21 a\u00f1os, sino 30 y s\u00e9 que voy a llegar a Los \u00c1ngeles con 32. S\u00e9 que es mucho m\u00e1s exigente, aunque por supuesto es posible. Tambi\u00e9n se que si tuviera una medalal de bronce buscar\u00eda una de plata u oro, pero logr\u00e9 una de oro en Par\u00eds y voy a buscar lo mismo en Los \u00c1ngles, no menos. Tengo que ingresar como sea a Los \u00c1ngeles 2028 e\u00a0inmolarme all\u00e1.<\/p>\n<p><b>\u2013\u00bfC\u00f3mo es el proceso de clasificaci\u00f3n a los JJ.OO.? \u00bfEl ganador de la medalla de oro del juego pasado clasifica directamente?<\/b><\/p>\n<p>\u2013Por ahora no tengo ninguna noticia. Pero con toda la suerte que tengo no va a pasar eso, voy a tener que clasificar de nuevo. Quiz\u00e1s prefiera hacerlo de esa manera para mantenerme exigido todo el tiempo, pero ojal\u00e1 tuviera un vientito a favor y digan \u00abMaligno est\u00e1 directamente en el pr\u00f3ximo Juego Ol\u00edmpico\u00bb.  Como somos un deporte nuevo en los Juegos\u00a0lo veo poco probable, no creo que pase.<\/p>\n<p><b>\u2013\u00bfSos consciente de que te la van a querer arrebatar?<\/b><\/p>\n<p>\u2013S\u00ed, dalo por hecho.  Tres meses despu\u00e9s de los Juegos nos enteramos que Inglaterra ten\u00eda un parque igual para las olimpiadas. Vos vas a probar las rampas y ellos va a ver qu\u00e9 trucos hacer en cada l\u00ednea que ya tienen en la cabeza. Es muy dif\u00edcil pelear contra ese tipo de cosas. Para que me saquen la medalla de oro van a tener que matarme o pincharme la bici. Quiero seguir con el mismo hambre y estar m\u00e1s completo y buscar esa medalla a gusto, sinti\u00e9ndome bien, realmente. Quiero que mis rivales me respeten y por m\u00e1s que s\u00e9 que lo hacen, quiero  sentirlo m\u00e1s todav\u00eda. Para eso necesito exigirme mucho m\u00e1s.\u00a0<\/p>\n<p><b>\u2013\u00bfCu\u00e1ndo decis seguimos siendo latinos, puntualmente a qu\u00e9 aspecto te refer\u00eds?<\/b><\/p>\n<p>\u2013A que la tenemos muy complicada y dif\u00edcil. En infraestructura, a nuestra vida, a nuestros ingresos, todo. No vamos pensando simplemente en competir como hacen los de afuera. Vamos pensando en c\u00f3mo vas a llegar a la competencia, si tenes plata para tal cosa u otra. Lo t\u00edpico de un latino. Un latino no tiene chances. Cuando crees que despu\u00e9s de tantos eventos lograste ponerte una sombrilla para el sol, ellos ya tienen un chaleco de hielo. Estamos muy lejos de los equipos que viajan con ellos. Y nosotros viajamos con un preparador f\u00edsico. Nada m\u00e1s. Hay que aceptar las condiciones de d\u00f3nde venimos, que obviamente son desiguales, y meterle huevos. El argentino tiene ese extra, ir con toda la sangre y la garra a competir.\u00a0<\/p>\n<p><b>\u2013En una entrevista con P\u00e1gina\/12, en enero, dijiste que otro reto que te trazaste para este a\u00f1o era tratar de mantener una l\u00ednea, y demostrar que est\u00e1s entre los mejores del planeta. \u00bfLo lograste?<\/b><\/p>\n<p>\u2013Uno de mis objetivos para este per\u00edodo de olimpiadas\u00a0era tratar de mantenerme en en lo m\u00e1s alto. Ver si pod\u00eda lograrlo. Por el momento, lo logr\u00e9. Siempre estoy dentro del top-10, hace varios a\u00f1os, que es lo m\u00e1s dif\u00edcil. Pero como no soy conformista quiero m\u00e1s y m\u00e1s. <\/p>\n<p><b>\u2013En octubre se disputar\u00e1 el mundial en Arabia Saudita. \u00bfQu\u00e9 objetivo ten\u00e9s para ese torneo?<\/b><\/p>\n<p>\u2013Me gustar\u00eda ver si puedo lograr ser campe\u00f3n del mundo. Tengo las ganas y las esperanzas del lograr un primer puesto en un campeonato mundial. Tambi\u00e9n colocarme esa remerita de campe\u00f3n del mundo. Quiero ir por eso. S\u00e9 que es realmente dif\u00edcil pero no es imposible. Voy entendiendo que todo es posible, que a los atletas que siempre fueron mis \u00eddolos tambi\u00e9n se les puede ganar. Quiero ir por ese campeonato del mundo.<\/p>\n<p><b>\u2013Sos campe\u00f3n ol\u00edmpico, subcampe\u00f3n mundial  en Abu Dhabi, Emiratos Arabes Unidos, 2024, \u00bfcontinu\u00e1s con las inseguridades que constaste que ten\u00e9s antes de las competencias?<\/b><\/p>\n<p>\u2013Soy muy inseguro, honestamente. Un truco lo aprendo muy lento, me lleva mucho tiempo aprenderlo pero perder la seguridad es f\u00e1cil. Me cuesta confiar, al d\u00eda de hoy no me siento mejor que nadie y cuando voy a las competencias siento que los otros son mucho mejor que yo, as\u00ed que eso me da una cierta inseguridad. Trato de ver si puedo disfrutar m\u00e1s la competencia para ver si logro esa seguridad que me est\u00e1 faltando, pero todav\u00eda no logr\u00e9 mejorarla del todo, estoy en eso.<\/p>\n<p><b>\u2013Por \u00faltimo, \u00bfen el plano psicol\u00f3gico te cambi\u00f3 en algo ser campe\u00f3n ol\u00edmpico?<\/b><\/p>\n<p>\u2013Me ayuda a estar m\u00e1s tranquilo mentalmente. Antes estaba un poco m\u00e1s desesperado por los ingresos, porque eso jam\u00e1s lo podes evitar. Por m\u00e1s que est\u00e9s compitiendo, siempre pens\u00e1s  en c\u00f3mo llegar a ese objetivo, como tratar de no desperdiciar ni un peso de lo que ten\u00e9s porque sabes que la carrera deportiva es corta. En ese sentido, me ayudo a tranquilizarme un poco m\u00e1s.<\/p>\n<p><!-- Live Blog Post --><\/div>\n<p><a href=\"https:\/\/www.pagina12.com.ar\/846005-maligno-torres-para-que-me-saquen-la-medalla-van-a-tener-que\">source<\/a><\/p>\n","protected":false},"excerpt":{"rendered":"<p>\u00abPara que me saquen la medalla de oro en los Juegos Ol\u00edmpicos de\u00a0Los \u00c1ngeles 2028&#8230;<\/p>\n","protected":false},"author":0,"featured_media":199453,"comment_status":"open","ping_status":"open","sticky":false,"template":"","format":"standard","meta":{"footnotes":""},"categories":[3],"tags":[],"class_list":["post-199452","post","type-post","status-publish","format-standard","has-post-thumbnail","hentry","category-deportes"],"featured_image_urls":{"full":["https:\/\/radiofenix.com.ar\/2023\/wp-content\/uploads\/2025\/07\/wp-header-logo-180.png",960,540,false],"thumbnail":["https:\/\/radiofenix.com.ar\/2023\/wp-content\/uploads\/2025\/07\/wp-header-logo-180-150x150.png",150,150,true],"medium":["https:\/\/radiofenix.com.ar\/2023\/wp-content\/uploads\/2025\/07\/wp-header-logo-180-300x169.png",300,169,true],"medium_large":["https:\/\/radiofenix.com.ar\/2023\/wp-content\/uploads\/2025\/07\/wp-header-logo-180-768x432.png",640,360,true],"large":["https:\/\/radiofenix.com.ar\/2023\/wp-content\/uploads\/2025\/07\/wp-header-logo-180.png",640,360,false],"1536x1536":["https:\/\/radiofenix.com.ar\/2023\/wp-content\/uploads\/2025\/07\/wp-header-logo-180.png",960,540,false],"2048x2048":["https:\/\/radiofenix.com.ar\/2023\/wp-content\/uploads\/2025\/07\/wp-header-logo-180.png",960,540,false],"newsium-slider-full":["https:\/\/radiofenix.com.ar\/2023\/wp-content\/uploads\/2025\/07\/wp-header-logo-180.png",960,540,false],"newsium-featured":["https:\/\/radiofenix.com.ar\/2023\/wp-content\/uploads\/2025\/07\/wp-header-logo-180.png",960,540,false],"newsium-medium":["https:\/\/radiofenix.com.ar\/2023\/wp-content\/uploads\/2025\/07\/wp-header-logo-180-720x475.png",720,475,true]},"author_info":{"info":[""]},"category_info":"<a href=\"https:\/\/radiofenix.com.ar\/2023\/category\/deportes\/\" rel=\"category tag\">Deportes<\/a>","tag_info":"Deportes","comment_count":"0","_links":{"self":[{"href":"https:\/\/radiofenix.com.ar\/2023\/wp-json\/wp\/v2\/posts\/199452","targetHints":{"allow":["GET"]}}],"collection":[{"href":"https:\/\/radiofenix.com.ar\/2023\/wp-json\/wp\/v2\/posts"}],"about":[{"href":"https:\/\/radiofenix.com.ar\/2023\/wp-json\/wp\/v2\/types\/post"}],"replies":[{"embeddable":true,"href":"https:\/\/radiofenix.com.ar\/2023\/wp-json\/wp\/v2\/comments?post=199452"}],"version-history":[{"count":0,"href":"https:\/\/radiofenix.com.ar\/2023\/wp-json\/wp\/v2\/posts\/199452\/revisions"}],"wp:featuredmedia":[{"embeddable":true,"href":"https:\/\/radiofenix.com.ar\/2023\/wp-json\/wp\/v2\/media\/199453"}],"wp:attachment":[{"href":"https:\/\/radiofenix.com.ar\/2023\/wp-json\/wp\/v2\/media?parent=199452"}],"wp:term":[{"taxonomy":"category","embeddable":true,"href":"https:\/\/radiofenix.com.ar\/2023\/wp-json\/wp\/v2\/categories?post=199452"},{"taxonomy":"post_tag","embeddable":true,"href":"https:\/\/radiofenix.com.ar\/2023\/wp-json\/wp\/v2\/tags?post=199452"}],"curies":[{"name":"wp","href":"https:\/\/api.w.org\/{rel}","templated":true}]}}