{"id":199468,"date":"2025-08-01T08:57:21","date_gmt":"2025-08-01T08:57:21","guid":{"rendered":"https:\/\/radiofenix.com.ar\/2023\/caso-libra-amplian-la-demanda-en-eeuu-y-vinculan-a-karina-milei-con-hayden-davis\/"},"modified":"2025-08-01T08:57:21","modified_gmt":"2025-08-01T08:57:21","slug":"caso-libra-amplian-la-demanda-en-eeuu-y-vinculan-a-karina-milei-con-hayden-davis","status":"publish","type":"post","link":"https:\/\/radiofenix.com.ar\/2023\/caso-libra-amplian-la-demanda-en-eeuu-y-vinculan-a-karina-milei-con-hayden-davis\/","title":{"rendered":"Caso $LIBRA: ampl\u00edan la demanda en EEUU y vinculan a Karina Milei con Hayden Davis"},"content":{"rendered":"<div id=\"\">\n<p data-start=\"806\" data-end=\"1402\">En ella, los letrados sostienen que los acusados deben enfrentar un juicio oral y p\u00fablico ante jurados por los delitos de crimen organizado, estafa y enriquecimiento injusto. <span class=\"saysCMSEmphasis\" id=\"saysCMSEmphasiso1y47quskp\">A pesar de que el mandatario no figura entre los demandados, su apellido aparece mencionado m\u00e1s de 50 veces a lo largo del texto<\/span>, principalmente por su rol en la promoci\u00f3n p\u00fablica de $LIBRA en redes sociales y el impacto que esa difusi\u00f3n tuvo en el mercado.<\/p>\n<div contenteditable=\"false\" class=\"embed_cont type_imagen\" id=\"8086842-Libre-351549355_wrap\">\n<p>javier karina milei <span onclick=\"parent.parent.TinyMCETdcuerpo.preview_embed('8086842-Libre-351549355')\" class=\"embed_colapse less\" id=\"8086842-Libre-351549355_colapse\"\/>  <span onclick=\"parent.parent.TinyMCETdcuerpo.delete_embed('8086842-Libre-351549355')\" class=\"embed_delete less\" id=\"8086842-Libre-351549355_delete\"\/><\/p>\n<div id=\"8086842-Libre-351549355_content\" class=\"embed_content\"><img loading=\"lazy\" decoding=\"async\" src=\"https:\/\/media.minutouno.com\/p\/48deda1e759f9731bf3ee32e4fb264c2\/adjuntos\/150\/imagenes\/042\/499\/0042499141\/javier-karina-milei.jpg\" alt=\"\" title=\"\" width=\"610\" height=\"456\" id=\"8086842-Libre-351549355_embed\"\/><\/div>\n<\/p><\/div>\n<p data-start=\"1404\" data-end=\"1717\"><strong>\u201cEl inter\u00e9s de los inversores, el volumen de operaciones y el precio aumentaron en respuesta al anuncio del presidente Milei\u201d<\/strong>, se\u00f1ala el escrito, en referencia al posteo que hizo el mandatario en su cuenta oficial de X, y que habr\u00eda influido de forma directa en la valorizaci\u00f3n del activo digital.<\/p>\n<p data-start=\"1719\" data-end=\"2118\">En ese contexto, los abogados destacan que Karina, en su rol de secretaria general de la Presidencia, fue quien autoriz\u00f3 el primer ingreso de Davis a la Casa de Gobierno. Esta menci\u00f3n marca un punto de inflexi\u00f3n en la causa, ya que hasta ahora ninguna figura del entorno presidencial hab\u00eda sido aludida directamente en los documentos judiciales presentados en territorio estadounidense.<\/p>\n<div contenteditable=\"false\" class=\"embed_cont type_imagen\" id=\"8042167-Libre-1130532202_wrap\">\n<p>hayden davis.jpeg <span onclick=\"parent.parent.TinyMCETdcuerpo.preview_embed('8042167-Libre-1130532202')\" class=\"embed_colapse less\" id=\"8042167-Libre-1130532202_colapse\"\/>  <span onclick=\"parent.parent.TinyMCETdcuerpo.delete_embed('8042167-Libre-1130532202')\" class=\"embed_delete less\" id=\"8042167-Libre-1130532202_delete\"\/><\/p>\n<div id=\"8042167-Libre-1130532202_content\" class=\"embed_content\"><img decoding=\"async\" src=\"https:\/\/media.minutouno.com\/p\/5f20e83993c4537caa730191e9ccd7f4\/adjuntos\/150\/imagenes\/042\/204\/0042204597\/610x0\/smart\/hayden-davisjpeg.jpeg\" alt=\"\" title=\"\" width=\"610\" height=\"undefined\" id=\"8042167-Libre-1130532202_embed\"\/><\/div>\n<\/p><\/div>\n<p data-start=\"2120\" data-end=\"2368\">La ampliaci\u00f3n no implica imputaciones nuevas contra Milei o su hermana, pero el hecho de que sus nombres comiencen a figurar en el expediente suma tensi\u00f3n pol\u00edtica al caso. Hasta el momento, el Gobierno no emiti\u00f3 declaraciones p\u00fablicas al respecto.<\/p>\n<p data-start=\"2370\" data-end=\"2778\" data-is-last-node=\"\" data-is-only-node=\"\">El desarrollo de la causa es seguido de cerca tanto por sectores pol\u00edticos como por analistas financieros, ya que podr\u00eda escalar en los pr\u00f3ximos meses si los jueces del caso aceptan avanzar hacia la etapa de juicio con jurado. Mientras tanto, la investigaci\u00f3n sigue su curso, con nuevas ramificaciones y actores que se suman al entramado de uno de los esc\u00e1ndalos financieros m\u00e1s resonantes del \u00faltimo tiempo.<\/p>\n<div contenteditable=\"false\" class=\"embed_cont type_freetext\" rel=\"freetext\" id=\"embed3455_wrap\" data-provider=\"YouTube\">\n<p>Embed &#8211; CAUSA $LIBRA: MENCIONAN a KARINA MILEI por PRMERA VEZ<span onclick=\"parent.parent.TinyMCETdcuerpo.preview_embed('embed3455')\" class=\"embed_colapse less\" id=\"embed3455_colapse\"\/><span onclick=\"parent.parent.TinyMCETdcuerpo.delete_embed('embed3455')\" class=\"embed_delete less\" id=\"embed3455_delete\"\/><\/p>\n<\/p><\/div>\n<div contenteditable=\"false\" class=\"embed_cont type_freetext\" rel=\"freetext\" id=\"embed63_wrap\">\n<p> Embed <span onclick=\"parent.parent.TinyMCETdcuerpo.preview_embed('embed63')\" class=\"embed_colapse less\" id=\"embed63_colapse\"\/> <span onclick=\"parent.parent.TinyMCETdcuerpo.delete_embed('embed63')\" class=\"embed_delete less\" id=\"embed63_delete\"\/><\/p>\n<div id=\"embed63_content\" class=\"embed_content\">\n<div id=\"embed63_embed\">\n<figure class=\"figure\"><a href=\"https:\/\/t.me\/minutounocom\" target=\"_blank\" rel=\"noopener\"><img decoding=\"async\" src=\"https:\/\/media.minutouno.com\/adjuntos\/150\/banners\/039\/099\/0039099175.jpg\" class=\"figure-img img-fluid\" style=\"width:100%;height:auto;\"\/><\/a><\/figure>\n<\/p><\/div>\n<\/div><\/div>\n<\/p><\/div>\n<p><a href=\"https:\/\/www.minutouno.com\/politica\/caso-libra-amplian-la-demanda-eeuu-y-vinculan-karina-milei-hayden-davis-n6172893\">source<\/a><\/p>\n","protected":false},"excerpt":{"rendered":"<p>En ella, los letrados sostienen que los acusados deben enfrentar un juicio oral y p\u00fablico&#8230;<\/p>\n","protected":false},"author":0,"featured_media":199469,"comment_status":"open","ping_status":"open","sticky":false,"template":"","format":"standard","meta":{"footnotes":""},"categories":[2],"tags":[],"class_list":["post-199468","post","type-post","status-publish","format-standard","has-post-thumbnail","hentry","category-politica"],"featured_image_urls":{"full":["https:\/\/radiofenix.com.ar\/2023\/wp-content\/uploads\/2025\/08\/wp-header-logo-4.png",610,456,false],"thumbnail":["https:\/\/radiofenix.com.ar\/2023\/wp-content\/uploads\/2025\/08\/wp-header-logo-4-150x150.png",150,150,true],"medium":["https:\/\/radiofenix.com.ar\/2023\/wp-content\/uploads\/2025\/08\/wp-header-logo-4-300x224.png",300,224,true],"medium_large":["https:\/\/radiofenix.com.ar\/2023\/wp-content\/uploads\/2025\/08\/wp-header-logo-4.png",610,456,false],"large":["https:\/\/radiofenix.com.ar\/2023\/wp-content\/uploads\/2025\/08\/wp-header-logo-4.png",610,456,false],"1536x1536":["https:\/\/radiofenix.com.ar\/2023\/wp-content\/uploads\/2025\/08\/wp-header-logo-4.png",610,456,false],"2048x2048":["https:\/\/radiofenix.com.ar\/2023\/wp-content\/uploads\/2025\/08\/wp-header-logo-4.png",610,456,false],"newsium-slider-full":["https:\/\/radiofenix.com.ar\/2023\/wp-content\/uploads\/2025\/08\/wp-header-logo-4.png",610,456,false],"newsium-featured":["https:\/\/radiofenix.com.ar\/2023\/wp-content\/uploads\/2025\/08\/wp-header-logo-4.png",610,456,false],"newsium-medium":["https:\/\/radiofenix.com.ar\/2023\/wp-content\/uploads\/2025\/08\/wp-header-logo-4.png",610,456,false]},"author_info":{"info":[""]},"category_info":"<a href=\"https:\/\/radiofenix.com.ar\/2023\/category\/politica\/\" rel=\"category tag\">Pol\u00edtica<\/a>","tag_info":"Pol\u00edtica","comment_count":"0","_links":{"self":[{"href":"https:\/\/radiofenix.com.ar\/2023\/wp-json\/wp\/v2\/posts\/199468","targetHints":{"allow":["GET"]}}],"collection":[{"href":"https:\/\/radiofenix.com.ar\/2023\/wp-json\/wp\/v2\/posts"}],"about":[{"href":"https:\/\/radiofenix.com.ar\/2023\/wp-json\/wp\/v2\/types\/post"}],"replies":[{"embeddable":true,"href":"https:\/\/radiofenix.com.ar\/2023\/wp-json\/wp\/v2\/comments?post=199468"}],"version-history":[{"count":0,"href":"https:\/\/radiofenix.com.ar\/2023\/wp-json\/wp\/v2\/posts\/199468\/revisions"}],"wp:featuredmedia":[{"embeddable":true,"href":"https:\/\/radiofenix.com.ar\/2023\/wp-json\/wp\/v2\/media\/199469"}],"wp:attachment":[{"href":"https:\/\/radiofenix.com.ar\/2023\/wp-json\/wp\/v2\/media?parent=199468"}],"wp:term":[{"taxonomy":"category","embeddable":true,"href":"https:\/\/radiofenix.com.ar\/2023\/wp-json\/wp\/v2\/categories?post=199468"},{"taxonomy":"post_tag","embeddable":true,"href":"https:\/\/radiofenix.com.ar\/2023\/wp-json\/wp\/v2\/tags?post=199468"}],"curies":[{"name":"wp","href":"https:\/\/api.w.org\/{rel}","templated":true}]}}