{"id":199470,"date":"2025-08-01T08:57:23","date_gmt":"2025-08-01T08:57:23","guid":{"rendered":"https:\/\/radiofenix.com.ar\/2023\/un-abrazo-infinito-la-muestra-de-leo-vaca-sobre-madres-y-abuelas\/"},"modified":"2025-08-01T08:57:23","modified_gmt":"2025-08-01T08:57:23","slug":"un-abrazo-infinito-la-muestra-de-leo-vaca-sobre-madres-y-abuelas","status":"publish","type":"post","link":"https:\/\/radiofenix.com.ar\/2023\/un-abrazo-infinito-la-muestra-de-leo-vaca-sobre-madres-y-abuelas\/","title":{"rendered":"&quot;Un abrazo infinito&quot;, la muestra de Leo Vaca sobre Madres y Abuelas"},"content":{"rendered":"<div><!-- Body --><\/p>\n<p>\u201cPara ellas siempre era una grata sorpresa que <b>un fot\u00f3grafo cayera con un ramo de flores\u201d,<\/b> recuerda Leo Vaca. El fot\u00f3grafo estar\u00e1 presentando nuevamente <i>Un abrazo infinito<\/i>, su serie de retratos de Madres y Abuelas de Plaza de Mayo, realizado durante la pandemia. Esta vez la exhibici\u00f3n de sus obras ser\u00e1 en<b> Proyecto Donado (Donado 1710)<\/b> y se podr\u00e1 visitar desde este <b>s\u00e1bado 2:<\/b> las puertas estar\u00e1n abiertas <b>de martes a domingos de 14 a 20, hasta el 24.<\/b><\/p>\n<p>  Lo que inicialmente era <b>un ensayo fotogr\u00e1fico breve, <\/b>para suplir la imposibilidad de marchar un 24 de marzo, devino <b>un trabajo de dos a\u00f1os,<\/b> cuando la potencia simb\u00f3lica de esos retratos se hizo evidente. \u201cFue un hallazgo ver esos hogares, a esas se\u00f1oras en sus casas y descubrir en ellas un color nuevo, \u00bfno? Porque las conocemos de la militancia, de los actos, pero verlas en sus livings, con los retratos de sus hijos, sus familias, mostrando alg\u00fan recuerdo&#8230;\u201d. Al final del proyecto Vaca <b>hab\u00eda retratado a cuarenta Madres y Abuelas,<\/b> y la muestra se convirti\u00f3 en un libro -publicado en 2023- que recoge toda la experiencia. Ahora, la exhibici\u00f3n es itinerante y va donde la memoria lo requiera.<\/p>\n<p>  En el proceso tambi\u00e9n aparecieron an\u00e9cdotas bell\u00edsimas, como esa Madre que conservaba a\u00fan una<b> \u201cflor de p\u00e1jaro\u201d,<\/b> o \u201cEstrelicia\u201d, el \u00faltimo regalo de su hijo desaparecido, y de la que ofrendaba brotes, como forma de mantener viva la memoria de su hijo. \u201cEl trabajo se fue dando muy lentamente, yo acced\u00eda a ellas cuando desde la Secretar\u00eda de Derechos Humanos me informaban que tal o cual Madre me esperaba. As\u00ed que la visita era en sus hogares\u201d, recuerda el fot\u00f3grafo. Vaca es consciente que su trabajo es un archivo de memoria indispensable. Muchas de las Madres y Abuelas que retrat\u00f3, lamenta, <b>ya no est\u00e1n.<\/b> Para algunas de ellas, las que \u00e9l les tom\u00f3 fueron las \u00faltimas fotograf\u00edas p\u00fablicas.<\/p>\n<p>  \u201cLeo tom\u00f3 un punto de vista que es muy de estas se\u00f1oras que han sufrido en su cuerpo, en sus historias, en su historizaci\u00f3n como sujeto, el peor desgarro: que le quiten a sus hijos y a sus hijas, y a sus nietos y a sus nietas\u201d, destaca <b>Alejandro Reynoso, gestor de Proyecto Donado<\/b> y, adem\u00e1s, colega de Vaca. \u201cPero \u00e9l no hace hincapi\u00e9 en ese dolor y ese desgarro, que claramente est\u00e1 porque es lo que atraviesa la obra por completo y la historia a las que ellas pertenecen, sino que encuentra el amoroso dom\u00e9stico, el amoroso espacio dom\u00e9stico y de <b>contexto vital<\/b> en el que est\u00e1n. Las casas con las fotos, los cuadros, las casas donde hay prendas y ropas, el contexto por ah\u00ed de una sierra cordobesa donde se ve el cielo y se ve el verde y se ven los patios y se ven las poes\u00edas que escribieron los seres queridos, y los juguetes, los cigarrillos, el mar, los cuadritos, las ventanas de las luces, las luces de las ventanas de sus casas c\u00e1lidas y amorosas, sus muebles, su respiraci\u00f3n vital\u00bb, se\u00f1ala y pregunta: \u00ab\u00bfCu\u00e1l es el entorno donde son como las moradas de amor donde se refugian, se refuerzan y desde las que saltan a la acci\u00f3n p\u00fablica, a la acci\u00f3n social y a la acci\u00f3n comunitaria que todos conocemos y admiramos? Es como si Leo hubiera encontrado en ese lugar a estas personas, no en la calle reclamando, que eso ya lo conocemos y lo admiramos y lo acompa\u00f1amos, sino en la <b>intimidad <\/b>de sus espacios, de sus patios y sus bosques. Encontr\u00e9 una sutileza, un amor y una sensibilidad muy especial. Como fot\u00f3grafo encuentro que eso es muy rico y muy sutil y una b\u00fasqueda muy linda, poder tener ese material ac\u00e1 en Proyecto Donado es un gran placer, gusto, honor y compromiso\u201d, completa.<\/p>\n<p>  Vaca trabaja en medios desde 1990. Pas\u00f3 por<i> El D\u00eda, por La Prensa, La Naci\u00f3n, Clar\u00edn, Infojus, T\u00e9lam, Anfibia, Crisis<\/i> y m\u00e1s. Acumula menciones y premios. Pero pocos trabajos tan <b>significativos <\/b>como este, que adem\u00e1s va ganando fuerza y valor con el correr de los a\u00f1os.\u00a0<\/p>\n<p>El cambio de signo pol\u00edtico en el pa\u00eds dota a todo de un espesor m\u00e1s dram\u00e1tico a\u00fan. \u201cEl cambio de color pol\u00edtico le da mucha fuerza a este registro. Por un lado, porque muchas de ellas ya se est\u00e1n yendo y quedan los hijos y nietos, herederos de su lucha, y tantas otras personas de la sociedad que valoran y acompa\u00f1an su gesta de <b>memoria, verdad y justicia,<\/b> esa lucha por esclarecer y por lo mantener los juicios y condenar a los culpables y seguir buscando a los nietos. Pero que entonces llegue un gobierno a no solo a negar sino a reivindicar las atrocidades cometidas por los militares, me hace pensar mucho como ciudadano y preguntarme si algo que uno pensaba que estaba cerrado en realidad no lo estaba\u201d.<\/p>\n<p>  Vaca enumera los espacios de memoria cerrados, las pol\u00edticas discontinuadas, el cierre del Banco Nacional de Datos Gen\u00e9ticos, la Conadi \u201cy tantas otras instituciones que si pudieran las <b>eliminar\u00edan<\/b>, pero est\u00e1n viendo de qu\u00e9 manera da\u00f1arlas y debilitarlas\u201d, comenta. \u201cJustamente pese a toda esta este <b>maldad <\/b>que emergi\u00f3, justamente por eso me parece que est\u00e1 muy bien mantener vivas a estas mujeres que son luz y amor, y que son las verdaderas protagonistas del dolor. Entonces es un muy buen momento para compartir y poder verles sus caras y <b>darnos fuerzas <\/b>y seguir con la lucha que entendemos que es la que la que vale\u201d.<\/p>\n<p><b>  \u00bfY las flores?<\/b> Un regalo, reafirma Vaca. M\u00e1s all\u00e1 de la potencia simb\u00f3lica de asociarla al \u201cflorecer\u00e1n mil flores\u201d y al \u201cno detendr\u00e1n la primavera\u201d, el suyo \u2013cuenta- era un gesto simple. \u201cUn presente lindo para cualquiera, y m\u00e1s para unas madres tan especiales\u201d.<\/p>\n<p><!-- Live Blog Post --><\/div>\n<p><a href=\"https:\/\/www.pagina12.com.ar\/846238-un-abrazo-infinito-la-muestra-de-leo-vaca-sobre-madres-y-abu\">source<\/a><\/p>\n","protected":false},"excerpt":{"rendered":"<p>\u201cPara ellas siempre era una grata sorpresa que un fot\u00f3grafo cayera con un ramo de&#8230;<\/p>\n","protected":false},"author":0,"featured_media":199471,"comment_status":"open","ping_status":"open","sticky":false,"template":"","format":"standard","meta":{"footnotes":""},"categories":[4],"tags":[],"class_list":["post-199470","post","type-post","status-publish","format-standard","has-post-thumbnail","hentry","category-espectaculos"],"featured_image_urls":{"full":["https:\/\/radiofenix.com.ar\/2023\/wp-content\/uploads\/2025\/08\/wp-header-logo-5.png",960,540,false],"thumbnail":["https:\/\/radiofenix.com.ar\/2023\/wp-content\/uploads\/2025\/08\/wp-header-logo-5-150x150.png",150,150,true],"medium":["https:\/\/radiofenix.com.ar\/2023\/wp-content\/uploads\/2025\/08\/wp-header-logo-5-300x169.png",300,169,true],"medium_large":["https:\/\/radiofenix.com.ar\/2023\/wp-content\/uploads\/2025\/08\/wp-header-logo-5-768x432.png",640,360,true],"large":["https:\/\/radiofenix.com.ar\/2023\/wp-content\/uploads\/2025\/08\/wp-header-logo-5.png",640,360,false],"1536x1536":["https:\/\/radiofenix.com.ar\/2023\/wp-content\/uploads\/2025\/08\/wp-header-logo-5.png",960,540,false],"2048x2048":["https:\/\/radiofenix.com.ar\/2023\/wp-content\/uploads\/2025\/08\/wp-header-logo-5.png",960,540,false],"newsium-slider-full":["https:\/\/radiofenix.com.ar\/2023\/wp-content\/uploads\/2025\/08\/wp-header-logo-5.png",960,540,false],"newsium-featured":["https:\/\/radiofenix.com.ar\/2023\/wp-content\/uploads\/2025\/08\/wp-header-logo-5.png",960,540,false],"newsium-medium":["https:\/\/radiofenix.com.ar\/2023\/wp-content\/uploads\/2025\/08\/wp-header-logo-5-720x475.png",720,475,true]},"author_info":{"info":[""]},"category_info":"<a href=\"https:\/\/radiofenix.com.ar\/2023\/category\/espectaculos\/\" rel=\"category tag\">Espectaculos<\/a>","tag_info":"Espectaculos","comment_count":"0","_links":{"self":[{"href":"https:\/\/radiofenix.com.ar\/2023\/wp-json\/wp\/v2\/posts\/199470","targetHints":{"allow":["GET"]}}],"collection":[{"href":"https:\/\/radiofenix.com.ar\/2023\/wp-json\/wp\/v2\/posts"}],"about":[{"href":"https:\/\/radiofenix.com.ar\/2023\/wp-json\/wp\/v2\/types\/post"}],"replies":[{"embeddable":true,"href":"https:\/\/radiofenix.com.ar\/2023\/wp-json\/wp\/v2\/comments?post=199470"}],"version-history":[{"count":0,"href":"https:\/\/radiofenix.com.ar\/2023\/wp-json\/wp\/v2\/posts\/199470\/revisions"}],"wp:featuredmedia":[{"embeddable":true,"href":"https:\/\/radiofenix.com.ar\/2023\/wp-json\/wp\/v2\/media\/199471"}],"wp:attachment":[{"href":"https:\/\/radiofenix.com.ar\/2023\/wp-json\/wp\/v2\/media?parent=199470"}],"wp:term":[{"taxonomy":"category","embeddable":true,"href":"https:\/\/radiofenix.com.ar\/2023\/wp-json\/wp\/v2\/categories?post=199470"},{"taxonomy":"post_tag","embeddable":true,"href":"https:\/\/radiofenix.com.ar\/2023\/wp-json\/wp\/v2\/tags?post=199470"}],"curies":[{"name":"wp","href":"https:\/\/api.w.org\/{rel}","templated":true}]}}