{"id":199474,"date":"2025-08-02T08:57:19","date_gmt":"2025-08-02T08:57:19","guid":{"rendered":"https:\/\/radiofenix.com.ar\/2023\/dos-militares-condenados-en-mendoza-por-maltratos-fisicos-y-psicologicos\/"},"modified":"2025-08-02T08:57:19","modified_gmt":"2025-08-02T08:57:19","slug":"dos-militares-condenados-en-mendoza-por-maltratos-fisicos-y-psicologicos","status":"publish","type":"post","link":"https:\/\/radiofenix.com.ar\/2023\/dos-militares-condenados-en-mendoza-por-maltratos-fisicos-y-psicologicos\/","title":{"rendered":"Dos militares condenados en Mendoza por maltratos f\u00edsicos y psicol\u00f3gicos"},"content":{"rendered":"<p>Daure fue condenado a un a\u00f1o y medio de prisi\u00f3n condicional e inhabilitaci\u00f3n especial para ejercer funciones p\u00fablicas, mientras que Pucheta recibi\u00f3 una pena de un a\u00f1o de c\u00e1rcel.<br \/><a href=\"https:\/\/www.pagina12.com.ar\/846657-dos-militares-condenados-en-mendoza-por-maltratos-fisicos-y-\">source<\/a><\/p>\n","protected":false},"excerpt":{"rendered":"<p>Daure fue condenado a un a\u00f1o y medio de prisi\u00f3n condicional e inhabilitaci\u00f3n especial para&#8230;<\/p>\n","protected":false},"author":0,"featured_media":199475,"comment_status":"open","ping_status":"open","sticky":false,"template":"","format":"standard","meta":{"footnotes":""},"categories":[7],"tags":[],"class_list":["post-199474","post","type-post","status-publish","format-standard","has-post-thumbnail","hentry","category-sociedad"],"featured_image_urls":{"full":["https:\/\/radiofenix.com.ar\/2023\/wp-content\/uploads\/2025\/08\/wp-header-logo-7.png",960,540,false],"thumbnail":["https:\/\/radiofenix.com.ar\/2023\/wp-content\/uploads\/2025\/08\/wp-header-logo-7-150x150.png",150,150,true],"medium":["https:\/\/radiofenix.com.ar\/2023\/wp-content\/uploads\/2025\/08\/wp-header-logo-7-300x169.png",300,169,true],"medium_large":["https:\/\/radiofenix.com.ar\/2023\/wp-content\/uploads\/2025\/08\/wp-header-logo-7-768x432.png",640,360,true],"large":["https:\/\/radiofenix.com.ar\/2023\/wp-content\/uploads\/2025\/08\/wp-header-logo-7.png",640,360,false],"1536x1536":["https:\/\/radiofenix.com.ar\/2023\/wp-content\/uploads\/2025\/08\/wp-header-logo-7.png",960,540,false],"2048x2048":["https:\/\/radiofenix.com.ar\/2023\/wp-content\/uploads\/2025\/08\/wp-header-logo-7.png",960,540,false],"newsium-slider-full":["https:\/\/radiofenix.com.ar\/2023\/wp-content\/uploads\/2025\/08\/wp-header-logo-7.png",960,540,false],"newsium-featured":["https:\/\/radiofenix.com.ar\/2023\/wp-content\/uploads\/2025\/08\/wp-header-logo-7.png",960,540,false],"newsium-medium":["https:\/\/radiofenix.com.ar\/2023\/wp-content\/uploads\/2025\/08\/wp-header-logo-7-720x475.png",720,475,true]},"author_info":{"info":[""]},"category_info":"<a href=\"https:\/\/radiofenix.com.ar\/2023\/category\/sociedad\/\" rel=\"category tag\">Sociedad<\/a>","tag_info":"Sociedad","comment_count":"0","_links":{"self":[{"href":"https:\/\/radiofenix.com.ar\/2023\/wp-json\/wp\/v2\/posts\/199474","targetHints":{"allow":["GET"]}}],"collection":[{"href":"https:\/\/radiofenix.com.ar\/2023\/wp-json\/wp\/v2\/posts"}],"about":[{"href":"https:\/\/radiofenix.com.ar\/2023\/wp-json\/wp\/v2\/types\/post"}],"replies":[{"embeddable":true,"href":"https:\/\/radiofenix.com.ar\/2023\/wp-json\/wp\/v2\/comments?post=199474"}],"version-history":[{"count":0,"href":"https:\/\/radiofenix.com.ar\/2023\/wp-json\/wp\/v2\/posts\/199474\/revisions"}],"wp:featuredmedia":[{"embeddable":true,"href":"https:\/\/radiofenix.com.ar\/2023\/wp-json\/wp\/v2\/media\/199475"}],"wp:attachment":[{"href":"https:\/\/radiofenix.com.ar\/2023\/wp-json\/wp\/v2\/media?parent=199474"}],"wp:term":[{"taxonomy":"category","embeddable":true,"href":"https:\/\/radiofenix.com.ar\/2023\/wp-json\/wp\/v2\/categories?post=199474"},{"taxonomy":"post_tag","embeddable":true,"href":"https:\/\/radiofenix.com.ar\/2023\/wp-json\/wp\/v2\/tags?post=199474"}],"curies":[{"name":"wp","href":"https:\/\/api.w.org\/{rel}","templated":true}]}}