{"id":199476,"date":"2025-08-02T08:57:20","date_gmt":"2025-08-02T08:57:20","guid":{"rendered":"https:\/\/radiofenix.com.ar\/2023\/sad-congelan-los-acciones-del-dueno-de-botafogo\/"},"modified":"2025-08-02T08:57:20","modified_gmt":"2025-08-02T08:57:20","slug":"sad-congelan-los-acciones-del-dueno-de-botafogo","status":"publish","type":"post","link":"https:\/\/radiofenix.com.ar\/2023\/sad-congelan-los-acciones-del-dueno-de-botafogo\/","title":{"rendered":"SAD: congelan los acciones del due\u00f1o de Botafogo"},"content":{"rendered":"<div><!-- Body --><\/p>\n<p><b>John Textor, el due\u00f1o del Botafogo<\/b> -y otros clubes- tan mencionado como caso exitoso de los modelos de <b>Sociedades An\u00f3nimas Deportivas (SAD) <\/b>alrededor del mundo, sigue sumando esc\u00e1ndalos. Esta vez, la Justicia de R\u00edo de Janeiro congel\u00f3 las acciones de uno de sus fondos para hacer frente a una de las <b>tantas deudas que mantiene el empresario estadounidense<\/b>.<\/p>\n<p>El grupo econ\u00f3mico de Textor, <b>el Eagle Football Holdings, mantiene una deuda de 46 millones de euros con el club brasile\u00f1o<\/b>, por lo que\u00a0el 3er Tribunal de lo Econ\u00f3mico del Tribunal de Justicia de R\u00edo decidi\u00f3 <b>congelar activos para garantizar, al menos, el pago de la mitad de esa cifra<\/b>. De acuerdo a lo informado por el Tribunal carioca, hay \u00abun riesgo manifiesto de que la deuda multimillonaria existente con Botafogo no sea saldada\u00bb.<\/p>\n<p>Como Textor y su grupo <b>tambi\u00e9n son due\u00f1os del Olympique Lyon franc\u00e9s y el Crystal Palace ingl\u00e9s<\/b>, desde hace tiempo que se sospecha del traslado de recursos desde Botafogo hacia otras instituciones del mismo grupo econ\u00f3mico. Entre estas llam\u00f3 la atenci\u00f3n el traspaso de Thiago Almada al equipo franc\u00e9s, sin cargo.<\/p>\n<p>Por el contrario, desde Francia, los hinchas del Lyon acusan que los fondos fueron en direcci\u00f3n contraria. En el medio, como si fuera poco, el <span>Olympique\u00a0<\/span>fue penalizado en su pa\u00eds con un<b> descenso administrativo<\/b>, levantado luego de que Textor diera un paso al costado como m\u00e1xima autoridad del club.<\/p>\n<p><!-- Live Blog Post --><\/div>\n<p><a href=\"https:\/\/www.pagina12.com.ar\/846564-sad-congelan-los-acciones-del-dueno-de-botafogo\">source<\/a><\/p>\n","protected":false},"excerpt":{"rendered":"<p>John Textor, el due\u00f1o del Botafogo -y otros clubes- tan mencionado como caso exitoso de&#8230;<\/p>\n","protected":false},"author":0,"featured_media":199477,"comment_status":"open","ping_status":"open","sticky":false,"template":"","format":"standard","meta":{"footnotes":""},"categories":[3],"tags":[],"class_list":["post-199476","post","type-post","status-publish","format-standard","has-post-thumbnail","hentry","category-deportes"],"featured_image_urls":{"full":["https:\/\/radiofenix.com.ar\/2023\/wp-content\/uploads\/2025\/08\/wp-header-logo-8.png",960,540,false],"thumbnail":["https:\/\/radiofenix.com.ar\/2023\/wp-content\/uploads\/2025\/08\/wp-header-logo-8-150x150.png",150,150,true],"medium":["https:\/\/radiofenix.com.ar\/2023\/wp-content\/uploads\/2025\/08\/wp-header-logo-8-300x169.png",300,169,true],"medium_large":["https:\/\/radiofenix.com.ar\/2023\/wp-content\/uploads\/2025\/08\/wp-header-logo-8-768x432.png",640,360,true],"large":["https:\/\/radiofenix.com.ar\/2023\/wp-content\/uploads\/2025\/08\/wp-header-logo-8.png",640,360,false],"1536x1536":["https:\/\/radiofenix.com.ar\/2023\/wp-content\/uploads\/2025\/08\/wp-header-logo-8.png",960,540,false],"2048x2048":["https:\/\/radiofenix.com.ar\/2023\/wp-content\/uploads\/2025\/08\/wp-header-logo-8.png",960,540,false],"newsium-slider-full":["https:\/\/radiofenix.com.ar\/2023\/wp-content\/uploads\/2025\/08\/wp-header-logo-8.png",960,540,false],"newsium-featured":["https:\/\/radiofenix.com.ar\/2023\/wp-content\/uploads\/2025\/08\/wp-header-logo-8.png",960,540,false],"newsium-medium":["https:\/\/radiofenix.com.ar\/2023\/wp-content\/uploads\/2025\/08\/wp-header-logo-8-720x475.png",720,475,true]},"author_info":{"info":[""]},"category_info":"<a href=\"https:\/\/radiofenix.com.ar\/2023\/category\/deportes\/\" rel=\"category tag\">Deportes<\/a>","tag_info":"Deportes","comment_count":"0","_links":{"self":[{"href":"https:\/\/radiofenix.com.ar\/2023\/wp-json\/wp\/v2\/posts\/199476","targetHints":{"allow":["GET"]}}],"collection":[{"href":"https:\/\/radiofenix.com.ar\/2023\/wp-json\/wp\/v2\/posts"}],"about":[{"href":"https:\/\/radiofenix.com.ar\/2023\/wp-json\/wp\/v2\/types\/post"}],"replies":[{"embeddable":true,"href":"https:\/\/radiofenix.com.ar\/2023\/wp-json\/wp\/v2\/comments?post=199476"}],"version-history":[{"count":0,"href":"https:\/\/radiofenix.com.ar\/2023\/wp-json\/wp\/v2\/posts\/199476\/revisions"}],"wp:featuredmedia":[{"embeddable":true,"href":"https:\/\/radiofenix.com.ar\/2023\/wp-json\/wp\/v2\/media\/199477"}],"wp:attachment":[{"href":"https:\/\/radiofenix.com.ar\/2023\/wp-json\/wp\/v2\/media?parent=199476"}],"wp:term":[{"taxonomy":"category","embeddable":true,"href":"https:\/\/radiofenix.com.ar\/2023\/wp-json\/wp\/v2\/categories?post=199476"},{"taxonomy":"post_tag","embeddable":true,"href":"https:\/\/radiofenix.com.ar\/2023\/wp-json\/wp\/v2\/tags?post=199476"}],"curies":[{"name":"wp","href":"https:\/\/api.w.org\/{rel}","templated":true}]}}