{"id":199478,"date":"2025-08-02T08:57:22","date_gmt":"2025-08-02T08:57:22","guid":{"rendered":"https:\/\/radiofenix.com.ar\/2023\/brasil-el-partido-de-bolsonaro-echa-a-uno-de-sus-diputados-por-criticar-a-trump\/"},"modified":"2025-08-02T08:57:22","modified_gmt":"2025-08-02T08:57:22","slug":"brasil-el-partido-de-bolsonaro-echa-a-uno-de-sus-diputados-por-criticar-a-trump","status":"publish","type":"post","link":"https:\/\/radiofenix.com.ar\/2023\/brasil-el-partido-de-bolsonaro-echa-a-uno-de-sus-diputados-por-criticar-a-trump\/","title":{"rendered":"Brasil: El partido de Bolsonaro echa a uno de sus diputados por criticar a Trump"},"content":{"rendered":"<div><!-- Body --><\/p>\n<p>El Partido Liberal (PL), que lidera <a href=\"https:\/\/www.pagina12.com.ar\/844634-condenaron-a-bolsonaro-por-sus-dichos-con-connotacion-sexual\"><b>Jair Bolsonaro<\/b><\/a>, <b>expuls\u00f3 a uno de sus diputados tras haber criticado p\u00fablicamente al presidente estadounidense, Donald Trump, por <a href=\"https:\/\/www.pagina12.com.ar\/846029-estados-unidos-sanciono-al-juez-brasileno-a-cargo-del-juicio\">sancionar al juez del Supremo brasile\u00f1o Alexandre de Moraes<\/a><\/b>, instructor de la causa contra el exmandatario por intento de golpe de Estado.<\/p>\n<p>El presidente del PL, Valdemar Costa Neto, confirm\u00f3 en un comunicado la expulsi\u00f3n del partido de Ant\u00f4nio Carlos Rodrigues <i>(foto)<\/i>, diputado federal por S\u00e3o Paulo, debido a presiones internas de los otros legisladores de la formaci\u00f3n, que consideran que \u00abatacar a Trump es de una ignorancia sin tama\u00f1o\u00bb. \u00abTrump es el presidente del pa\u00eds m\u00e1s fuerte del mundo. Lo que necesitamos es diplomacia y di\u00e1logo, no populismo barato, que solo dificulta el desarrollo de nuestra naci\u00f3n. Basta de generar confusi\u00f3n\u00bb, se\u00f1al\u00f3.<\/p>\n<p><b>Rodrigues<\/b> critic\u00f3 el mi\u00e9rcoles la sanci\u00f3n de Estados Unidos al magistrado Alexandre de Moraes, a quien adem\u00e1s halag\u00f3 en una entrevista al portal Metr\u00f3poles, lo que caus\u00f3 malestar entre los que apoyan a Bolsonaro. <b>\u00ab(La sanci\u00f3n) es el absurdo m\u00e1s grande que vi en mi vida pol\u00edtica. Alexandre (De Moraes) es uno de los mayores juristas del pa\u00eds, extremadamente competente. Trump tiene que cuidar de Estados Unidos. Y no meterse con Brasil como se est\u00e1 metiendo\u00bb<\/b>, expres\u00f3 el legislador.<\/p>\n<p>El diputado, de 75 a\u00f1os, que fue ministro de Transporte durante la segunda gesti\u00f3n de Dilma Rousseff, ya hab\u00eda tenido otros desacuerdos con el ala radical del partido que encabezan Bolsonaro y sus hijos.vEn abril pasado, Rodrigues se neg\u00f3 a firmar el pedido de urgencia para que el Congreso debatiera una amnist\u00eda para los condenados por la intentona golpista de 2023. \u00abQuiero dejar algo claro: estoy en el PL hace m\u00e1s de 25 a\u00f1os. Todas las posiciones que tuve en mi vida pol\u00edtica fueron por mi partido. No van a ser los que llegaron ahora los que dicten las reglas para m\u00ed\u00bb, argument\u00f3 en el Congreso.<\/p>\n<p><!-- Live Blog Post --><\/div>\n<p><a href=\"https:\/\/www.pagina12.com.ar\/846653-brasil-el-partido-de-bolsonaro-echa-a-uno-de-sus-diputados-p\">source<\/a><\/p>\n","protected":false},"excerpt":{"rendered":"<p>El Partido Liberal (PL), que lidera Jair Bolsonaro, expuls\u00f3 a uno de sus diputados tras&#8230;<\/p>\n","protected":false},"author":0,"featured_media":199479,"comment_status":"open","ping_status":"open","sticky":false,"template":"","format":"standard","meta":{"footnotes":""},"categories":[60],"tags":[],"class_list":["post-199478","post","type-post","status-publish","format-standard","has-post-thumbnail","hentry","category-internacional"],"featured_image_urls":{"full":["https:\/\/radiofenix.com.ar\/2023\/wp-content\/uploads\/2025\/08\/wp-header-logo-9.png",960,540,false],"thumbnail":["https:\/\/radiofenix.com.ar\/2023\/wp-content\/uploads\/2025\/08\/wp-header-logo-9-150x150.png",150,150,true],"medium":["https:\/\/radiofenix.com.ar\/2023\/wp-content\/uploads\/2025\/08\/wp-header-logo-9-300x169.png",300,169,true],"medium_large":["https:\/\/radiofenix.com.ar\/2023\/wp-content\/uploads\/2025\/08\/wp-header-logo-9-768x432.png",640,360,true],"large":["https:\/\/radiofenix.com.ar\/2023\/wp-content\/uploads\/2025\/08\/wp-header-logo-9.png",640,360,false],"1536x1536":["https:\/\/radiofenix.com.ar\/2023\/wp-content\/uploads\/2025\/08\/wp-header-logo-9.png",960,540,false],"2048x2048":["https:\/\/radiofenix.com.ar\/2023\/wp-content\/uploads\/2025\/08\/wp-header-logo-9.png",960,540,false],"newsium-slider-full":["https:\/\/radiofenix.com.ar\/2023\/wp-content\/uploads\/2025\/08\/wp-header-logo-9.png",960,540,false],"newsium-featured":["https:\/\/radiofenix.com.ar\/2023\/wp-content\/uploads\/2025\/08\/wp-header-logo-9.png",960,540,false],"newsium-medium":["https:\/\/radiofenix.com.ar\/2023\/wp-content\/uploads\/2025\/08\/wp-header-logo-9-720x475.png",720,475,true]},"author_info":{"info":[""]},"category_info":"<a href=\"https:\/\/radiofenix.com.ar\/2023\/category\/internacional\/\" rel=\"category tag\">Internacional<\/a>","tag_info":"Internacional","comment_count":"0","_links":{"self":[{"href":"https:\/\/radiofenix.com.ar\/2023\/wp-json\/wp\/v2\/posts\/199478","targetHints":{"allow":["GET"]}}],"collection":[{"href":"https:\/\/radiofenix.com.ar\/2023\/wp-json\/wp\/v2\/posts"}],"about":[{"href":"https:\/\/radiofenix.com.ar\/2023\/wp-json\/wp\/v2\/types\/post"}],"replies":[{"embeddable":true,"href":"https:\/\/radiofenix.com.ar\/2023\/wp-json\/wp\/v2\/comments?post=199478"}],"version-history":[{"count":0,"href":"https:\/\/radiofenix.com.ar\/2023\/wp-json\/wp\/v2\/posts\/199478\/revisions"}],"wp:featuredmedia":[{"embeddable":true,"href":"https:\/\/radiofenix.com.ar\/2023\/wp-json\/wp\/v2\/media\/199479"}],"wp:attachment":[{"href":"https:\/\/radiofenix.com.ar\/2023\/wp-json\/wp\/v2\/media?parent=199478"}],"wp:term":[{"taxonomy":"category","embeddable":true,"href":"https:\/\/radiofenix.com.ar\/2023\/wp-json\/wp\/v2\/categories?post=199478"},{"taxonomy":"post_tag","embeddable":true,"href":"https:\/\/radiofenix.com.ar\/2023\/wp-json\/wp\/v2\/tags?post=199478"}],"curies":[{"name":"wp","href":"https:\/\/api.w.org\/{rel}","templated":true}]}}