{"id":199480,"date":"2025-08-02T08:57:23","date_gmt":"2025-08-02T08:57:23","guid":{"rendered":"https:\/\/radiofenix.com.ar\/2023\/imputaron-por-violencia-de-genero-al-candidato-libertario-maximiliano-cobas-y-renuncio\/"},"modified":"2025-08-02T08:57:23","modified_gmt":"2025-08-02T08:57:23","slug":"imputaron-por-violencia-de-genero-al-candidato-libertario-maximiliano-cobas-y-renuncio","status":"publish","type":"post","link":"https:\/\/radiofenix.com.ar\/2023\/imputaron-por-violencia-de-genero-al-candidato-libertario-maximiliano-cobas-y-renuncio\/","title":{"rendered":"Imputaron por violencia de g\u00e9nero al candidato libertario Maximiliano Cobas y renunci\u00f3"},"content":{"rendered":"<div id=\"\">\n<p>Las im\u00e1genes grabadas en un domicilio, reproducidas en redes sociales, <strong>lo muestran agrediendo verbal y f\u00edsicamente a su exesposa, de 37 a\u00f1os, tomando por la fuerza a una ni\u00f1a que ser\u00eda su hija<\/strong>, todo delante de otro menor que no deja de llorar ante la violenta escena.<\/p>\n<p>En ese marco, fue imputado en una <strong>causa por lesiones leves agravadas en el contexto de violencia de g\u00e9nero y violaci\u00f3n del domicilio en concurso real<\/strong>, ubicado sobre la calle Soldado Azc\u00e1rate al 1100, donde viven quien fuera su pareja y dos menores de edad.<\/p>\n<p>Seg\u00fan detallan medios locales como <em>InfoLobos<\/em>, en el expediente interviene la UFIJ 1 de Saladillo, que <strong>proces\u00f3 a Cobas, de 46 a\u00f1os, al tiempo que se dictaron medidas de protecci\u00f3n para su expareja y los menores<\/strong>.<\/p>\n<h2>La renuncia del candidato libertario<\/h2>\n<div contenteditable=\"false\" class=\"embed_cont type_imagen\" id=\"8107941-Libre-1229056185_wrap\">\n<p>renuncia cobas lobos <span onclick=\"parent.parent.TinyMCETdcuerpo.preview_embed('8107941-Libre-1229056185')\" class=\"embed_colapse less\" id=\"8107941-Libre-1229056185_colapse\"\/>  <span onclick=\"parent.parent.TinyMCETdcuerpo.delete_embed('8107941-Libre-1229056185')\" class=\"embed_delete less\" id=\"8107941-Libre-1229056185_delete\"\/><\/p>\n<div id=\"8107941-Libre-1229056185_content\" class=\"embed_content\"><img decoding=\"async\" src=\"https:\/\/media.minutouno.com\/p\/15676ff13e9f1d38f6df2bc534ffde6d\/adjuntos\/150\/imagenes\/042\/637\/0042637454\/610x0\/smart\/renuncia-cobas-lobos.jpg\" alt=\"\" title=\"\" width=\"610\" height=\"undefined\" id=\"8107941-Libre-1229056185_embed\"\/><\/div>\n<\/p><\/div>\n<p>En tanto, horas despu\u00e9s de que el hecho tomara estado p\u00fablico, desde La Libertad Avanza (LLA) emitieron un comunicado para informar que <strong>Maximiliano Cobas \u201cha presentado su renuncia voluntaria e indeclinable a su participaci\u00f3n en nuestro espacio pol\u00edtico\u201d<\/strong>.<\/p>\n<p>\u201cEl se\u00f1or Maximiliano Cobas ha presentado su renuncia voluntaria e indeclinable a su participaci\u00f3n en nuestro espacio pol\u00edtico. <strong>La Libertad Avanza sostiene los principios de la vida, la libertad y la propiedad privada, y exigimos a nuestros integrantes, un compromiso \u00e9tico con las normas de convivencia republicana<\/strong>, el respeto a las instituciones y el principio de no agresi\u00f3n, pilares esenciales de una sociedad libre y ordenada\u201d, dice el texto difundido por estas horas.<\/p>\n<p>Adem\u00e1s se afirma que desde el espacio pol\u00edtico liderado por Javier Milei \u201creafirmamos as\u00ed nuestro compromiso con la transparencia, la <strong>responsabilidad institucional y la construcci\u00f3n de una alternativa basada en los valores que nos definen<\/strong>\u201d.<\/p>\n<p>Hasta donde se sabe, Cobas es <strong>militante de la agrupaci\u00f3n \u201cLa San Mart\u00edn\u201d, de la Tercera Secci\u00f3n electoral<\/strong>, vinculada a la estructura local y regional del espacio que responde al partido conducido a nivel nacional por Karina Milei.<\/p>\n<div contenteditable=\"false\" class=\"embed_cont type_video\" id=\"8107520-1653870430_wrap\">\n<p>maximiliano cobas lobos violencia de genero <span onclick=\"parent.parent.TinyMCETdcuerpo.preview_embed('8107520-1653870430')\" class=\"embed_colapse less\" id=\"8107520-1653870430_colapse\"\/>  <span onclick=\"parent.parent.TinyMCETdcuerpo.delete_embed('8107520-1653870430')\" class=\"embed_delete less\" id=\"8107520-1653870430_delete\"\/><\/p>\n<\/p><\/div>\n<\/p><\/div>\n<p><a href=\"https:\/\/www.minutouno.com\/politica\/imputaron-violencia-genero-al-candidato-libertario-maximiliano-cobas-y-renuncio-n6173878\">source<\/a><\/p>\n","protected":false},"excerpt":{"rendered":"<p>Las im\u00e1genes grabadas en un domicilio, reproducidas en redes sociales, lo muestran agrediendo verbal y&#8230;<\/p>\n","protected":false},"author":0,"featured_media":199481,"comment_status":"open","ping_status":"open","sticky":false,"template":"","format":"standard","meta":{"footnotes":""},"categories":[2],"tags":[],"class_list":["post-199480","post","type-post","status-publish","format-standard","has-post-thumbnail","hentry","category-politica"],"featured_image_urls":{"full":["https:\/\/radiofenix.com.ar\/2023\/wp-content\/uploads\/2025\/08\/wp-header-logo-10.png",610,762,false],"thumbnail":["https:\/\/radiofenix.com.ar\/2023\/wp-content\/uploads\/2025\/08\/wp-header-logo-10-150x150.png",150,150,true],"medium":["https:\/\/radiofenix.com.ar\/2023\/wp-content\/uploads\/2025\/08\/wp-header-logo-10-240x300.png",240,300,true],"medium_large":["https:\/\/radiofenix.com.ar\/2023\/wp-content\/uploads\/2025\/08\/wp-header-logo-10.png",610,762,false],"large":["https:\/\/radiofenix.com.ar\/2023\/wp-content\/uploads\/2025\/08\/wp-header-logo-10.png",610,762,false],"1536x1536":["https:\/\/radiofenix.com.ar\/2023\/wp-content\/uploads\/2025\/08\/wp-header-logo-10.png",610,762,false],"2048x2048":["https:\/\/radiofenix.com.ar\/2023\/wp-content\/uploads\/2025\/08\/wp-header-logo-10.png",610,762,false],"newsium-slider-full":["https:\/\/radiofenix.com.ar\/2023\/wp-content\/uploads\/2025\/08\/wp-header-logo-10.png",610,762,false],"newsium-featured":["https:\/\/radiofenix.com.ar\/2023\/wp-content\/uploads\/2025\/08\/wp-header-logo-10.png",610,762,false],"newsium-medium":["https:\/\/radiofenix.com.ar\/2023\/wp-content\/uploads\/2025\/08\/wp-header-logo-10-610x475.png",610,475,true]},"author_info":{"info":[""]},"category_info":"<a href=\"https:\/\/radiofenix.com.ar\/2023\/category\/politica\/\" rel=\"category tag\">Pol\u00edtica<\/a>","tag_info":"Pol\u00edtica","comment_count":"0","_links":{"self":[{"href":"https:\/\/radiofenix.com.ar\/2023\/wp-json\/wp\/v2\/posts\/199480","targetHints":{"allow":["GET"]}}],"collection":[{"href":"https:\/\/radiofenix.com.ar\/2023\/wp-json\/wp\/v2\/posts"}],"about":[{"href":"https:\/\/radiofenix.com.ar\/2023\/wp-json\/wp\/v2\/types\/post"}],"replies":[{"embeddable":true,"href":"https:\/\/radiofenix.com.ar\/2023\/wp-json\/wp\/v2\/comments?post=199480"}],"version-history":[{"count":0,"href":"https:\/\/radiofenix.com.ar\/2023\/wp-json\/wp\/v2\/posts\/199480\/revisions"}],"wp:featuredmedia":[{"embeddable":true,"href":"https:\/\/radiofenix.com.ar\/2023\/wp-json\/wp\/v2\/media\/199481"}],"wp:attachment":[{"href":"https:\/\/radiofenix.com.ar\/2023\/wp-json\/wp\/v2\/media?parent=199480"}],"wp:term":[{"taxonomy":"category","embeddable":true,"href":"https:\/\/radiofenix.com.ar\/2023\/wp-json\/wp\/v2\/categories?post=199480"},{"taxonomy":"post_tag","embeddable":true,"href":"https:\/\/radiofenix.com.ar\/2023\/wp-json\/wp\/v2\/tags?post=199480"}],"curies":[{"name":"wp","href":"https:\/\/api.w.org\/{rel}","templated":true}]}}