{"id":199492,"date":"2025-08-03T08:57:20","date_gmt":"2025-08-03T08:57:20","guid":{"rendered":"https:\/\/radiofenix.com.ar\/2023\/victor-hugo-morales-sigo-diciendo-lo-que-creo-y-siento\/"},"modified":"2025-08-03T08:57:20","modified_gmt":"2025-08-03T08:57:20","slug":"victor-hugo-morales-sigo-diciendo-lo-que-creo-y-siento","status":"publish","type":"post","link":"https:\/\/radiofenix.com.ar\/2023\/victor-hugo-morales-sigo-diciendo-lo-que-creo-y-siento\/","title":{"rendered":"V\u00edctor Hugo Morales: &quot;Sigo diciendo lo que creo y siento&quot;"},"content":{"rendered":"<div><!-- Body --><\/p>\n<p><b>V\u00edctor Hugo Morales<\/b> ingresa al bar vistiendo un sobretodo que vuelve a\u00fan m\u00e1s imponente a su alargada figura. El saludo cordial y respetuoso hacia los clientes y el mozo que le traer\u00e1 un t\u00e9 se repite a medida que sus pasos cansinos pero firmes se abren camino hacia la mesa en la que espera <b>P\u00e1gina\/12.<\/b> La excusa de la entrevista con el periodista es<b> su regreso a la TV en formato diario<\/b> con <i>La columna de V\u00edctor Hugo,<\/i> <b>desde este lunes 4 de agosto a las 19 en IP, <\/b>para seguir analizando la realidad sin medias tintas, con la convicci\u00f3n de que las cosas se dicen <b>sin eufemismos<\/b> y con nombres y apellidos. Artesano del buen decir, luchador incansable de causas justas, V\u00edctor Hugo amplificar\u00e1 su voz siendo consciente de que <b>la pelea es cada vez m\u00e1s desigual, <\/b>pero con la misma energ\u00eda de siempre. \u201cMe siento con la responsabilidad y hasta la <b>alegr\u00eda <\/b>de seguir diciendo lo que pienso\u201d, afirma el periodista.<\/p>\n<p>Los <b>77 a\u00f1os<\/b> a cuestas no le quitan la energ\u00eda a quien durante a\u00f1os emocion\u00f3 a la patria futbolera con sus relatos, y que desde hace un tiempo le sum\u00f3 a la po\u00e9tica del juego la valent\u00eda de contar la realidad social y pol\u00edtica con argumentos y <b>un vocabulario en peligro de extinci\u00f3n<\/b> en los medios. Desde <i>La ma\u00f1ana con V\u00edctor Hugo,<\/i> el ciclo que desde hace a\u00f1os conduce <b>de 9 a 13 por la AM750,<\/b> hasta la divulgaci\u00f3n de sus columnas diarias en<b> P\u00e1gina\/12,<\/b> el periodista uruguayo hizo de la opini\u00f3n un refugio necesario para muchos, cuestionando la \u201cnaturalizaci\u00f3n\u201d del estado de cosas y <b>se\u00f1alando las arbitrariedades y las injusticias del poder real.<\/b> V\u00edctor Hugo es la voz de quienes -por falta de espacios, valent\u00eda y lenguaje- no pueden decir todo lo que sienten. Un grito que ahora sumar\u00e1 un amplificador m\u00e1s en la tardes televisivas de IP.<\/p>\n<p><b>-\u00bfPor qu\u00e9 volv\u00e9s a la tele? <\/b><\/p>\n<p>-Se dio.<\/p>\n<p><b>-\u00bfNo lo buscaste? <\/b><\/p>\n<p>-No. En alg\u00fan momento le coment\u00e9 a mi gran colaborador<b> Juli\u00e1n Capasso<\/b> que, aunque no s\u00e9 nada de lo que es el streaming, me gustaba la idea de hacer algo a la tarde. Se lo coment\u00e9 a (V\u00edctor) Santa Mar\u00eda en un almuerzo, y me dijo \u201c\u00bfpor qu\u00e9 no ven\u00eds a IP?\u201d Y me re\u00ed, porque no ten\u00eda una ocurrencia tan grande. Y al pasar los d\u00edas, lo pens\u00e9 y le dije: \u201cmir\u00e1, si me lo dijiste en serio, conversemos\u201d. Y s\u00ed, me lo hab\u00eda dicho en serio. Y ac\u00e1 estoy.<\/p>\n<p><b>-\u00bfNo dudaste en regresar a la pantalla chica, que tiene sus propias l\u00f3gicas, diferentes a las del streaming?<\/b><\/p>\n<p>-Me pareci\u00f3 que si te ofrecen una herramienta como la TV <b>no se puede desaprovechar.<\/b> Somos pocos los que tenemos una mirada de la Argentina y del mundo que se sabe m\u00e1s o menos cu\u00e1l es, y el hecho de estar a la ma\u00f1ana en radio y a la tarde en TV me hace pensar que somos dos voces. Y como somos pocos los de este lado, cre\u00ed que no estaba mal arrimar un soldado m\u00e1s.<\/p>\n<p><b>-\u00bfEl surgimiento de las redes sociales no modificaron en nada a la manera en que se producen, distribuyen y penetran las noticias? \u00bfLos medios tradicionales no perdieron poder?<\/b><\/p>\n<p>-Precisamente por eso, porque creo que cuanto m\u00e1s podamos sumar desde nuestro punto de vista,<b> mejor pelea estamos dando<\/b> en algo que, por supuesto, es muy dif\u00edcil contra los sectores de poder, contra la derecha medi\u00e1tica de la Argentina, que tiene una potencia arrolladora. Pero mientras tenga una cierta energ\u00eda personal y me ofrezcan trabajo, me parece que est\u00e1 bien asumirlo. Lo mismo sentir\u00eda si parara todo.<b> Todos los fines de a\u00f1o pienso que me van a decir que \u201cya est\u00e1\u201d.<\/b> Y cuando llega fin de a\u00f1o todo parece normal y sigue el programa, entonces sigo, porque me parece que es mi obligaci\u00f3n moral frente a lo que yo mismo he creado de m\u00ed. Una especie de responsabilidad frente a la gente que me cree. O que me considera alguien que da pelea a nombre de mucha gente que no tiene c\u00f3mo hacerlo. Esas ideas a m\u00ed se me presentan. O me meto en el <b>olvido<\/b>, que tambi\u00e9n es algo deseable a cierta altura y con lo que tambi\u00e9n especulo, <b>o contin\u00fao diciendo lo que veo y siento cada vez que pueda.<\/b> He recibido ofrecimientos ins\u00f3litos, sobre todo cuando uno se da por finalizado en lo que ten\u00e9s para hacer.<\/p>\n<p><b>-\u00bfVos te sent\u00eds que ya no\u2026?<\/b><\/p>\n<p>-Yo siento que si me tocara no hacer nada, meterme en el olvido total, puedo hacerlo sin ning\u00fan problema. Para que eso suceda me tienen que quitar las herramientas, que yo no interese. Mientras haya inter\u00e9s por m\u00ed, como tengo algo para decir y me importa mucho decirlo y dar esa pelea, yo me siento con la responsabilidad y hasta la alegr\u00eda de hacerlo.<\/p>\n<p><b>-\u00bfA qu\u00e9 te refer\u00eds con que ten\u00e9s la responsabilidad de seguir haciendo periodismo?\u00bfTe sent\u00eds esclavo de la gente que te sigue? \u00bfLa responsabilidad es con ellos?<\/b><\/p>\n<p>-No dir\u00eda exactamente eso, y mucho menos esclavo. Me siento responsable frente a lo que yo he creado en cierta gente que me cree y a la que no quiero abandonar. Mientras esa gente vea que yo tengo posibilidades y me siga escuchando, me siga viendo, yo me siento bien haci\u00e9ndolo. Cuando yo no tenga la herramienta, lo lamento, no tengo donde. No ser\u00e1 culpa m\u00eda.<\/p>\n<p><b>-Reci\u00e9n hablaste de que sent\u00eds estar finalizando una trayectoria. \u00bfPor qu\u00e9 percib\u00eds eso? \u00bfEs una idea tuya o te lo hacen sentir? <\/b><\/p>\n<p>-Por la edad.<\/p>\n<p><b>-\u00bfTan importante es la edad para vos?<\/b><\/p>\n<p>-Soy un tipo de setenta y siete a\u00f1os. Yo ya no tengo expectativas. De verdad, no las tengo. \u00bfQu\u00e9 voy a ser? \u00bfM\u00e1s famoso? \u00bfVoy a ganar un dinero que me cambie qu\u00e9 cosa, a esta altura de los acontecimientos? No hay un rubro de mi vida que no cierre hasta positivamente, te dir\u00eda.<\/p>\n<p><b>-\u00bfS\u00ed? Qu\u00e9 lindo tener esa visi\u00f3n de lo realizado.<\/b><\/p>\n<p>-Le tengo una gran gratitud a la vida. Como escribi\u00f3 Amado Nervo, con eso de: \u201cvida, nada me debes. Estamos en paz\u201d. Esa es mi tesitura. Por eso si termina el a\u00f1o y no se renueva el contrato, me aparto sin problemas. Pero mientras me digan que puedo seguir, si es v\u00e1lido para el que te contrata, pues es v\u00e1lido para la gente. Nadie te contrata en este ambiente si vos no le import\u00e1s a la gente. O por lo menos a un sector.<\/p>\n<p><b>-\u00bfSos de la idea de que te gustar\u00eda \u201cmorirte frente a un micr\u00f3fono\u201d?<\/b><\/p>\n<p>-No necesariamente.<\/p>\n<p><b>-\u00bfPero disfrut\u00e1s del ocio, de no estar trabajando?<\/b><\/p>\n<p>-Ah, s\u00ed\u2026. Soy un tipo muy amante del ocio. De hecho, estos dos a\u00f1os y medio que no hice TV, que no ten\u00eda nada a la tarde, que el proyecto no era prepararme para hacer el editorial que hac\u00eda en C5N, fueron de enorme <b>felicidad<\/b>. Fue notable que cuando a la una de la tarde terminaba la radio, sal\u00eda y ya no pensaba en nada m\u00e1s, supuestamente. El d\u00eda lo constru\u00eda distinto. A la una de la tarde quedo libre, almuerzo, duermo la siesta, leo un poco y me voy al teatro. Echo un vistazo a <b>P\u00e1gina\/12<\/b> y a alg\u00fan otro portal, para saber que las cosas est\u00e1n como cuando sal\u00ed de la radio. Y si hay alguna novedad, me voy aplicando a conocerla un poco mejor. Ahora, ser\u00e1 distinto: cuando termine el programa, me pondr\u00e9 a pensar qu\u00e9 hago para el ciclo de la tarde. <b>\u00bfQu\u00e9 materiales de la ma\u00f1ana me sirven televisivamente?<\/b> \u00bfCu\u00e1l es el eje m\u00e1s importante a las 19, que no es el mismo que a las nueve de la ma\u00f1ana? Eso hace que <b>siempre est\u00e9 dentro de la m\u00e1quina.<\/b> As\u00ed vaya a dormir la siesta, me duermo con una responsabilidad en mi cabeza. De eso no cabe ning\u00fan tipo de duda. Lo \u00fanico que lamento es que las obras teatrales empiezan en general a las 20, y ahora no voy a llegar a esas funciones, salvo a las que empiezan 20.30 o 21. Pero ven\u00eda maquinando hacer algo m\u00e1s. La radio est\u00e1 muy fuerte, lo que hace <b>P\u00e1gina\/12<\/b> con mis comentarios me da una penetraci\u00f3n muy particular, y en vez de sentir que caigo en el olvido aprecio que haya una vigencia \u00edntimamente inesperada por mi edad, trayectoria y traqueteo,\u00a0pero que es evidente que todav\u00eda est\u00e1. Recib\u00ed incluso alguna otra propuesta ins\u00f3lita, tambi\u00e9n. Me dije, \u201ccaramba, no me hab\u00eda dado cuenta de que sigo interesando\u201d.<\/p>\n<p><b>-\u00bfNo lo cre\u00edas? <\/b><\/p>\n<p>-S\u00ed, yo no tengo una depresi\u00f3n con lo que me pasa. Al contrario: tengo una aceptaci\u00f3n con las cosas como son, dejo fluir la vida. Yo estoy bien. <b>Me siento en condiciones de seguir afrontando mi tarea. <\/b>Finalmente, lo m\u00edo pasa por una cuesti\u00f3n de actividad intelectual y no f\u00edsica. Si tuviera que hacerlo con el chasis, abandono&#8230;\u00a0<i>(risas).<\/i> Todav\u00eda puedo pensar la radio o pensar la televisi\u00f3n o pensar escribir, que adem\u00e1s son todas cosas que cuando me pongo a hacerlas me apasionan. Los que me escuchan saben que es muy dif\u00edcil que encuentren a un tipo con m\u00e1s pasi\u00f3n de radio. Si me ven preparando lo de la TV cuando empiece de nuevo, vas a ver un tipo totalmente involucrado en eso. Y si me ves escribiendo, me vas a ver sufriendo para hacerlo de la mejor manera.<\/p>\n<div class=\"medium-insert-embeds\">\n<figure>\n<div class=\"medium-insert-embed\">\n<div align=\"center\">\n<figure role=\"group\" class=\"caption caption-drupal-entity\"><figcaption>(Imagen: Ver\u00f3nica Bellomo)<\/figcaption><\/figure>\n<\/div>\n<\/div><figcaption>\u00a0<\/figcaption><\/figure>\n<p>\u00a0<\/p>\n<\/div>\n<p>\u00a0<\/p>\n<p><b>-\u00bfY c\u00f3mo hac\u00e9s para mantener esa pasi\u00f3n por hacer y decir, con el paso del tiempo? <\/b><\/p>\n<p>-La militancia. <b>Una militancia que no es partidaria. <\/b>Es una militancia que es por la vida, por las ideas, por los sue\u00f1os, por el mundo, por la familia, por todo aquello que te parece que vale la pena. Militar por por algo en lo que has cre\u00eddo toda la vida. Esa militancia, esa manera de leer un diario y sacar muchas conclusiones que el lector com\u00fan posiblemente no hace, corroborar la existencia de una verdadera mafia medi\u00e1tica como la que tenemos hoy, encarnada en Magnetto y <i>Clar\u00edn <\/i>de una manera particular, pero con un poder tal que<b> los otros medios caen en la fijaci\u00f3n de agenda,<\/b> <b>en el temor, en la complicidad o en el mismo inter\u00e9s ideol\u00f3gico.<\/b> No en los mismos intereses de construcci\u00f3n de poder y materiales que son los que caracterizan al grupo de Magnetto. Me parece que en un mundo period\u00edstico donde no se animan a decir la palabra Magnetto, donde <i>Clar\u00edn<\/i>\u00a0es sustituido por \u201cmedios hegem\u00f3nicos\u201d, donde personas que yo respeto much\u00edsimo igual se ahorran energ\u00eda de pelea no nombr\u00e1ndolos, que haya alguien que lo hace\u2026 No s\u00e9, <b>no debo ser el \u00fanico, pero soy el m\u00e1s persistente.<\/b> Eso sin ninguna duda.<\/p>\n<p><b>-Una persistencia que tuvo su costo.<\/b><\/p>\n<p>-Con un costo importante, humanamente ya saldado\u2026 Nada me mueve desde el lugar de broncas. Lo que me mueve es mi pelea por <b>el periodismo, devastado por esta mafia,<\/b> y por el pa\u00eds, cuya democracia ha sido herida de muerte en 2015. El \u00faltimo proyecto que tengo de mi vida es un libro que se titula <i>2015,<\/i> porque es el a\u00f1o en que fundieron a la democracia.<\/p>\n<p><b>-\u00bfPor qu\u00e9 traz\u00e1s ese a\u00f1o con tanta exactitud? \u00bfEn qu\u00e9 lo not\u00e1s? <\/b><\/p>\n<p>-Porque en 2015 ellos, a fuerza de brutales mentiras, <b>cambiaron el resultado de una elecci\u00f3n.<\/b> Y de esto no cabe ning\u00fan tipo de dudas: generaron una situaci\u00f3n en la cual vos o votabas a una chorra asesina, que era la que hab\u00eda construido el Estado de bienestar, o votabas a los que representaban la nobleza moral del pa\u00eds. Les falt\u00f3 poco igual a los buenos para ganar la elecci\u00f3n, pero les falt\u00f3. Es decir, construyeron una mayor\u00eda modesta en cuanto a los n\u00fameros, pero <b>de una potencia en el ejercicio del poder inigualable. <\/b>Como no hay en el mundo entero. Yo desaf\u00edo que me digan lo contrario. No hay ni en Estados Unidos, ni en Francia, ni en Espa\u00f1a, en ning\u00fan pa\u00eds\u2026 Salvo los que viven en dictadura, que en este momento ya no les hace falta la dictadura porque controlan todo con el poder de la derecha, que es m\u00e1s autoritaria a veces que la propia dictadura. Yo desaf\u00edo que me elijan un lugar en el mundo donde un sector de poder lo concentre tanto como en la Argentina. No hay.<\/p>\n<p><b>-\u00bfPor qu\u00e9 sucedi\u00f3 eso? \u00bfPor qu\u00e9 la sociedad civil, los movimientos sociales, los partidos pol\u00edticos, los gobiernos, no pudieron doblegarlo?<\/b><\/p>\n<p>-Porque ese poder concentrado consigue doblegar la resistencia intelectual de la gente. La envenena, la condiciona, la mal informa, y el resultado es el que vemos, el que el que tenemos hoy d\u00eda.<\/p>\n<p><b>-\u00bfY no hay responsabilidad de los sectores que intentan combatir eso por no haber logrado cambiar ese funcionamiento de las cosas? \u00bfHace falta un mea culpa? <\/b><\/p>\n<p>-No. Una de las cosas que m\u00e1s me molesta es la obligaci\u00f3n que se crean que hay que hacer mea culpa. Es culpa de nada. <b>Se est\u00e1 peleando contra Tyson.<\/b> Yo, vos, peleamos contra Tyson, te da una paliza y al otro d\u00eda el comentarista de boxeo dice: \u201clo que pasa es que Respighi no sacaba la mano izquierda\u201d, o \u201cV\u00edctor Hugo bailoteaba mal\u201d. No, <b>est\u00e1s enfrentado a un poder enorme. <\/b>Entonces, hacer la autocr\u00edtica, salir a hacer declaraciones a la prensa\u2026 \u201cNo, lo que pasa es que manej\u00e9 mal el jab\u201d\u2026 Y ten\u00e9s la cara tumefacta de la paliza que te han dado\u2026 Me parece que es lo que -encima- a la derecha se le permite exigirle a la izquierda, y la izquierda tonta, la parte tonta de la izquierda acepta tal cosa.<\/p>\n<p><b>-Pero cometer errores es parte de la vida y de la pol\u00edtica.<\/b><\/p>\n<p>-S\u00ed, \u00bfcu\u00e1les errores pod\u00e9s cometer? \u00bfCu\u00e1les? El de elegir a una persona que despu\u00e9s te da la espalda. Pero no fue un error.<\/p>\n<p><b>-\u00bfLo dec\u00eds por Alberto Fern\u00e1ndez?<\/b><\/p>\n<p>-S\u00ed, pero no fue un error. Es una cosa que pas\u00f3, pero no lo pod\u00e9s poner en el d\u00e9ficit que vos generaste. No hay nada, absolutamente nada, que haya que reprocharse frente al colosal poder que los otros tienen. <b>Todos los pol\u00edticos que dicen que hay que hacer autocr\u00edtica son tibios, d\u00e9biles y terminan siendo serviles al sistema. <\/b>No es verdad que haya que hacer una autocr\u00edtica. \u00bfCu\u00e1l autocr\u00edtica vas a hacer del tiempo de <b>Cristina Kirchner<\/b>? \u00bfQue jubil\u00f3 a todo el mundo, que se preocup\u00f3 en tener el salario m\u00e1s alto de Am\u00e9rica Latina, que le dio la <b>Asignaci\u00f3n Universal por Hijo<\/b> a millones de chicos, que cre\u00f3 derechos permanentemente para los sectores diferenciados y maltratados que hab\u00eda en la sociedad, como por ejemplo la diversidad sexual? \u00bfCu\u00e1l es el error que vos pod\u00e9s imputar? \u00bfQue eligi\u00f3 mal un Ministro de Econom\u00eda? Eso no es imputable, esas son cosas que pasan. \u00bfNo haber construido poder? <b>\u00bfC\u00f3mo constru\u00eds poder con continuidad?<\/b> \u00bfDe qu\u00e9 manera vos pod\u00e9s armar el poder con una sociedad que ya viene con un poder real desde el fondo de la historia, conformado por<b> las Fuerzas Armadas, Iglesia, el campo y la \u00e9lite dominante? <\/b>Se robaron absolutamente todo, porque todos estos gauchos que estaban el s\u00e1bado ah\u00ed, en la inauguraci\u00f3n de la Exposici\u00f3n Rural, todos participan de un escandaloso robo.<\/p>\n<p><b>-\u00bfCu\u00e1l? <\/b><\/p>\n<p>-El de los campos que tienen, que se los compraron a uno que lo rob\u00f3, que a su vez se lo compr\u00f3 a otro y as\u00ed. \u00bfCu\u00e1l fue el primero de todos? <b>\u00bfC\u00f3mo se construyeron las fortunas en la Argentina? <\/b>Y despu\u00e9s de construida la fortuna hicieron los c\u00f3digos: C\u00f3digo Civil para seguir robando, facilit\u00e1ndose las cosas, y C\u00f3digo Penal para que no se les toque nada de lo de ellos. Seguridad jur\u00eddica de la propiedad privada y listo\u2026 Todo armado, todo redondeado. Cortes Supremas que, en el mejor de los casos, en cualquier parte del mundo son conservadoras\u2026 Pueden ser decentes, pero son conservadoras. Nadie que no sea conservador, salvo excepciones como fueron <b>Ra\u00fal Zaffaroni <\/b>y en el comienzo de su gesti\u00f3n <b>Carmen Argibay, <\/b>es posible de que ocupe alguno de esos lugares. Pero la realidad es que las Cortes Supremas son de derecha, conservadoras, preservadoras del sistema injusto, y est\u00e1n para vigilar que la injusticia prospere por la eternidad.<\/p>\n<p><b>-Siguiendo tu pensamiento, pareciera que la \u00fanica manera de cambiar el sstatus quo argentino y del mundo es a trav\u00e9s de una revoluci\u00f3n.<\/b><\/p>\n<p>-Las revoluciones, que ten\u00edan raz\u00f3n, son <b>imposibles<\/b>. Una sola gan\u00f3 y sobrevivi\u00f3, que es la cubana. No puedo hablar de la de China, porque no conozco en detalle y no es parte de mi cultura, pero de las revoluciones conocidas lo que pas\u00f3 es que <b>todos los revolucionarios fueron asesinados, apresados o se dieron vuelta,<\/b> como pas\u00f3 con muchos. Qu\u00e9 s\u00e9 yo, la izquierda francesa del \u00b468, para citar un ejemplo. <b>Lo \u00fanico que le queda al capitalismo es la revoluci\u00f3n individual.<\/b> Por supuesto que hay colectivos pol\u00edticos, sociales, pero finalmente, ante la derrota cotidiana habitual e inevitable de esos sectores colectivos que no no pueden construir poder, termina siendo lo que vos personalmente puedas hacer contra el sistema. \u00bfC\u00f3mo logr\u00e1s huir del capitalismo en los efectos negativos y c\u00f3mo consegu\u00eds usar el capitalismo en lo que te ofrezca de posibilidades para poder sobrevivirlo mejor?<\/p>\n<h2>Ese asunto de la grieta<\/h2>\n<p><b>-\u00bfC\u00f3mo ves al periodismo en este tiempo, grieta de por medio?<\/b><\/p>\n<p>-La grieta viene desde el fondo de la historia. <b>La grieta es Lavalle asesinando a Dorrego.<\/b> La grieta es la construcci\u00f3n que se hizo del rosismo. La grieta son los asesinatos de de los indios para quedarse absolutamente con todo y hacer el poder econ\u00f3mico. La grieta es un tr\u00e1nsito hist\u00f3rico entre una clase social que se siente due\u00f1a del pa\u00eds y los que consiguen resistir, pelear o confrontar con ese poder. Hist\u00f3rica grieta. Es verdad que eso se agudiz\u00f3 con la <b>Ley de Medios,<\/b> pero no fue una grieta que se parezca a la que verdaderamente hab\u00eda. Es una grieta en la cual hab\u00eda un \u201cmalo\u201d designado por los supuestos \u201cbuenos\u201d. Es una grieta con los malos, no es una grieta entre dos pensamientos distintos.<\/p>\n<p><b>-Construida por el poder pol\u00edtico. <\/b><\/p>\n<p>-Por el poder econ\u00f3mico, pol\u00edtico y medi\u00e1tico y judicial. Es una ampliaci\u00f3n de la grieta, en todo caso, porque de lo que no cabe dudas es que la derecha consolid\u00f3 a partir de la Ley de Medios lo que siempre tuvo. Ten\u00eda el poder de las Fuerzas Armadas, de la Iglesia, de los ricos de la Sociedad Rural y de la UIA, seg\u00fan sus vaivenes. Pero desde la Ley de Medios en adelante, el efecto que se consigui\u00f3 es un fortalecimiento feroz, imbatible de ese poder real.<\/p>\n<p><b>-\u00bfLas redes sociales no ayudan a mitigar el peso del poder medi\u00e1tico concentrado? <\/b><\/p>\n<p>-En proporci\u00f3n, yo que no pertenezco a ese mundo, percibo que esa derechizaci\u00f3n que ha tenido la Argentina y que tiene el mundo se da en las redes sociales. Es decir, <b>no mejor\u00f3 nada. <\/b>Y creo que en el mundo tampoco. Las redes fueron una esperanza en aquella \u00e9poca de la revoluci\u00f3n egipcia, de lo que pas\u00f3 en El Cairo. Ah\u00ed daba la sensaci\u00f3n de que el pueblo al poder expresarse, se iba a a producir una verdadera revoluci\u00f3n, pero eso se apag\u00f3 y se convirti\u00f3 en <b>esta bazofia de lo que llamamos redes sociales,<\/b> que creo que es una desgracia complementaria de todas las que corresponde vivir. Y dentro de eso, es evidente que la derecha tambi\u00e9n tiene todo el poder. \u00bfA qui\u00e9nes pueden destruir? A los sectores confrontativos con la derecha? Lo tienen todo. En esa conclusi\u00f3n de que \u201clo tienen todo\u201d, uno se pregunta: <i>\u201c\u00bfqu\u00e9 hago? \u00bfMe voy para mi casa, me siento a esperar la muerte?\u00bb<\/i> Es una posibilidad. O decir, \u201cbueno, por lo menos les voy a decir que son unos ladrones, unos hampones, unos sinverg\u00fcenzas, unos bandidos\u2026<\/p>\n<p><b>-Aunque sea un grito en el desierto.<\/b><\/p>\n<p>-Aunque sea un grito en el desierto. Si yo no pudiera escribir o decir sobre el discurso de Pino en la Rural del otro d\u00eda y decir las cosas que dije, no s\u00e9 las cosas que me quedar\u00edan ac\u00e1 atragantadas. <b>Te enferm\u00e1s.<\/b> El ejercicio del periodismo quiz\u00e1s, a veces, evita que uno se enferme. Porque esa <b>catarsis <\/b>es individual y colectiva a la vez, ya que la gente la hace a trav\u00e9s de los comunicadores en los que cree, de los comunicadores a los que quiere, y ah\u00ed aparece la <b>responsabilidad<\/b>. Y ah\u00ed vos sos alguien para nunca sab\u00e9s cu\u00e1ntos, pero para un colectivo. Y a ese colectivo no es bueno ni es justo defraudarlo, porque vos lo creaste desde tu sue\u00f1o. Cuando te impidan so\u00f1ar, cuando te impidan ejercer la condici\u00f3n de un se\u00f1or, vos ya no pod\u00e9s hacer nada, mala suerte. Escribir\u00e1s un libro, te apagar\u00e1s de a poco, y no pasa nada. <b>Pero mientras alguien me diga \u201c\u00bfusted quiere este micr\u00f3fono?\u201d Voy a responder<\/b> <b>\u201cS\u00ed, d\u00e9melo.<\/b> D\u00e9melo, algo voy a hacer con eso\u201d.<\/p>\n<p><b>-\u00bfEst\u00e1s de acuerdo con la frase de que \u201cel periodismo es el cuarto poder\u201d?<\/b><\/p>\n<p>-En Argentina es el primer poder. El pa\u00eds es la confrontaci\u00f3n del Estado con las corporaciones. Esa es la pelea. <b>\u00bfCu\u00e1l es la corporaci\u00f3n m\u00e1s fuerte que existe en el pa\u00eds? La medi\u00e1tica, por lejos.<\/b> No hay nada m\u00e1s poderoso que eso. Por lo tanto, cuando hablamos de Estado vs. corporaciones, la corporaci\u00f3n que representa todo ese poder a trav\u00e9s de AEA, ADEPA y todos los sat\u00e9lites que ellos crean, que incluye a FOPEA, sector muy vulnerable \u00e9ticamente del mundo period\u00edstico, creaci\u00f3n del poder para <b>fingir que hay un colectivo que defiende al periodismo,<\/b> a su calidad, a su sinceridad y a su libertad de expresi\u00f3n\u2026 Pero lo que b\u00e1sicamente existe es un poder brutalmente ejercido de los medios. Podemos hacer el ejercicio, decime un tema y que yo no sea capaz de buscar c\u00f3mo es que ah\u00ed aparece el grupo de Magnetto. \u00bfEn cu\u00e1l tema cotidiano? \u00bfQui\u00e9n es el que lleva la voz cantante para que aparezcan sus menesterosos de la pol\u00edtica a hacer lo que ellos dicen?<\/p>\n<p><b>-N\u00e9stor Kirchner supo comenzar un proceso de transformaci\u00f3n en el pa\u00eds y, sin embargo, durante su gobierno otorg\u00f3 la fusi\u00f3n Cablevisi\u00f3n y Multicanal.<\/b><\/p>\n<p>-El m\u00e1s grave error pol\u00edtico, para m\u00ed, que se cometi\u00f3. Ah\u00ed ten\u00e9s un error, pero no es uno de los que la gente quiere que le digan. El error fue darle la posibilidad de que aumente el poder a <i>Clar\u00edn <\/i>en aquel momento, cuando siendo muy poderoso no era esto insoportable de ahora. Es fatal ese episodio, reconocido por el propio kirchnerismo, por Cristina, por M\u00e1ximo&#8230; Aunque sea a la pasada lo han reflejado porque fue muy duro lo que sucedi\u00f3. <b>Intentar negociar con ellos es imposible, porque quieren todo, van por todo.<\/b> No pod\u00e9s negociar con el que inexorablemente te va a tomar algo por encima de tu voluntad. Hay un poder extorsivo propio de las mafias. Le pasa a Milei, tambi\u00e9n. Ah\u00ed aparece el poder real contra el poder de Milei. \u00bfQui\u00e9n esta ganando? <b>\u00bfQui\u00e9n tiene una cautelar que le permite hacerse cargo de todo? <\/b>\u00bfQui\u00e9n compr\u00f3 e invirti\u00f3 200 milloness de d\u00f3lares para asegurarse quedarse con Telef\u00f3nica? Milei no va a poder incomodar a <i>Clar\u00edn <\/i>a trav\u00e9s de la Justicia. Todo lo que vaya a la Justicia se lo va a ganar <i>Clar\u00edn<\/i>. Como siempre. Lo que puede es aletargar un poco y <i>Clar\u00edn <\/i>le pega coscorrones para mostrarle que no se la va a llevar de arriba si se atrevi\u00f3 a pelear con ellos. La verdad es que es el \u00fanico elemento de simpat\u00eda que te puede provocar Milei.<b> La \u00fanica verdad que ha dicho en su vida es que <i>Clar\u00edn <\/i>es una mafia.<\/b> Lo ha dicho m\u00e1s de 10 veces. Lo ha dicho m\u00e1s que ning\u00fan otro pol\u00edtico. No puedo ocultar que me inspira, en ese momento, una enrome simpat\u00eda. Me dar\u00eda ganas de que \u00e9l fuera parecido en todo a ese Milei que pelea contra ese poder que, por supuesto, lo va a devastar.\u00a0<\/p>\n<p><!-- Live Blog Post --><\/div>\n<p><a href=\"https:\/\/www.pagina12.com.ar\/846775-victor-hugo-morales-sigo-diciendo-lo-que-creo-y-siento\">source<\/a><\/p>\n","protected":false},"excerpt":{"rendered":"<p>V\u00edctor Hugo Morales ingresa al bar vistiendo un sobretodo que vuelve a\u00fan m\u00e1s imponente a&#8230;<\/p>\n","protected":false},"author":0,"featured_media":199493,"comment_status":"open","ping_status":"open","sticky":false,"template":"","format":"standard","meta":{"footnotes":""},"categories":[4],"tags":[],"class_list":["post-199492","post","type-post","status-publish","format-standard","has-post-thumbnail","hentry","category-espectaculos"],"featured_image_urls":{"full":["https:\/\/radiofenix.com.ar\/2023\/wp-content\/uploads\/2025\/08\/wp-header-logo-16.png",960,540,false],"thumbnail":["https:\/\/radiofenix.com.ar\/2023\/wp-content\/uploads\/2025\/08\/wp-header-logo-16-150x150.png",150,150,true],"medium":["https:\/\/radiofenix.com.ar\/2023\/wp-content\/uploads\/2025\/08\/wp-header-logo-16-300x169.png",300,169,true],"medium_large":["https:\/\/radiofenix.com.ar\/2023\/wp-content\/uploads\/2025\/08\/wp-header-logo-16-768x432.png",640,360,true],"large":["https:\/\/radiofenix.com.ar\/2023\/wp-content\/uploads\/2025\/08\/wp-header-logo-16.png",640,360,false],"1536x1536":["https:\/\/radiofenix.com.ar\/2023\/wp-content\/uploads\/2025\/08\/wp-header-logo-16.png",960,540,false],"2048x2048":["https:\/\/radiofenix.com.ar\/2023\/wp-content\/uploads\/2025\/08\/wp-header-logo-16.png",960,540,false],"newsium-slider-full":["https:\/\/radiofenix.com.ar\/2023\/wp-content\/uploads\/2025\/08\/wp-header-logo-16.png",960,540,false],"newsium-featured":["https:\/\/radiofenix.com.ar\/2023\/wp-content\/uploads\/2025\/08\/wp-header-logo-16.png",960,540,false],"newsium-medium":["https:\/\/radiofenix.com.ar\/2023\/wp-content\/uploads\/2025\/08\/wp-header-logo-16-720x475.png",720,475,true]},"author_info":{"info":[""]},"category_info":"<a href=\"https:\/\/radiofenix.com.ar\/2023\/category\/espectaculos\/\" rel=\"category tag\">Espectaculos<\/a>","tag_info":"Espectaculos","comment_count":"0","_links":{"self":[{"href":"https:\/\/radiofenix.com.ar\/2023\/wp-json\/wp\/v2\/posts\/199492","targetHints":{"allow":["GET"]}}],"collection":[{"href":"https:\/\/radiofenix.com.ar\/2023\/wp-json\/wp\/v2\/posts"}],"about":[{"href":"https:\/\/radiofenix.com.ar\/2023\/wp-json\/wp\/v2\/types\/post"}],"replies":[{"embeddable":true,"href":"https:\/\/radiofenix.com.ar\/2023\/wp-json\/wp\/v2\/comments?post=199492"}],"version-history":[{"count":0,"href":"https:\/\/radiofenix.com.ar\/2023\/wp-json\/wp\/v2\/posts\/199492\/revisions"}],"wp:featuredmedia":[{"embeddable":true,"href":"https:\/\/radiofenix.com.ar\/2023\/wp-json\/wp\/v2\/media\/199493"}],"wp:attachment":[{"href":"https:\/\/radiofenix.com.ar\/2023\/wp-json\/wp\/v2\/media?parent=199492"}],"wp:term":[{"taxonomy":"category","embeddable":true,"href":"https:\/\/radiofenix.com.ar\/2023\/wp-json\/wp\/v2\/categories?post=199492"},{"taxonomy":"post_tag","embeddable":true,"href":"https:\/\/radiofenix.com.ar\/2023\/wp-json\/wp\/v2\/tags?post=199492"}],"curies":[{"name":"wp","href":"https:\/\/api.w.org\/{rel}","templated":true}]}}