{"id":199496,"date":"2025-08-04T08:57:21","date_gmt":"2025-08-04T08:57:21","guid":{"rendered":"https:\/\/radiofenix.com.ar\/2023\/misterio-en-la-plata-un-joven-con-un-frondoso-prontuario-se-habria-disparado-jugando-a-la-ruleta-rusa\/"},"modified":"2025-08-04T08:57:21","modified_gmt":"2025-08-04T08:57:21","slug":"misterio-en-la-plata-un-joven-con-un-frondoso-prontuario-se-habria-disparado-jugando-a-la-ruleta-rusa","status":"publish","type":"post","link":"https:\/\/radiofenix.com.ar\/2023\/misterio-en-la-plata-un-joven-con-un-frondoso-prontuario-se-habria-disparado-jugando-a-la-ruleta-rusa\/","title":{"rendered":"Misterio en La Plata: un joven con un frondoso prontuario se habr\u00eda disparado jugando a la ruleta rusa"},"content":{"rendered":"<div><!-- Body --><\/p>\n<p>Un joven de 33 a\u00f1os se encuentra internado en estado cr\u00edtico tras haberse disparado en la cabeza en un presunto juego de <strong>ruleta rusa<\/strong>\u00a0en una vivienda de la localidad platense de Hern\u00e1ndez. La v\u00edctima fue identificada como <strong>Alan Jorge Castro<\/strong> y tiene un <strong>escalofriante prontuario delictivo<\/strong>.<\/p>\n<p>El hecho ocurri\u00f3 este domingo a la madrugada en una casa de la calle 137. Un testigo que se present\u00f3 en el hospital relat\u00f3 que Castro <strong>tom\u00f3 un rev\u00f3lver, dijo \u00abvamos a jugar a la ruleta rusa\u00bb y gatill\u00f3 contra su propia sien<\/strong>.<\/p>\n<p>Tras el disparo, la v\u00edctima fue trasladada en moto al Hospital de Gonnet por dos personas que lo dejaron en la guardia y se retiraron. Uno de ellos regres\u00f3 m\u00e1s tarde y aport\u00f3 la versi\u00f3n de los hechos.<\/p>\n<p>La investigaci\u00f3n, a cargo de la fiscal Virginia Bravo, presenta varias inc\u00f3gnitas: <strong>el arma utilizada en el hecho no fue encontrada<\/strong> en la vivienda y la polic\u00eda busca intensamente al resto de las personas que estaban presentes en el momento del disparo.<\/p>\n<h4><strong>El prontuario de la v\u00edctima<\/strong><\/h4>\n<p>Alan Jorge Castro posee un extenso historial delictivo que se remonta a 2011, con al menos <strong>14 causas penales<\/strong> que incluyen:<\/p>\n<ul>\n<li>Tentativa de robo calificado<\/li>\n<li>Tenencia ilegal de armas de uso civil<\/li>\n<li>Encubrimiento<\/li>\n<li>Resistencia a la autoridad y da\u00f1o<\/li>\n<li>Tenencia simple de estupefacientes<\/li>\n<\/ul>\n<p>El expediente fue caratulado como \u00abAveriguaci\u00f3n de il\u00edcito y lesiones\u00bb y no se descartan nuevas medidas en las pr\u00f3ximas horas.<\/p>\n<p><!-- Live Blog Post --><\/div>\n<p><a href=\"https:\/\/www.pagina12.com.ar\/846979-misterio-en-la-plata-un-joven-con-un-frondoso-prontuario-se-\">source<\/a><\/p>\n","protected":false},"excerpt":{"rendered":"<p>Un joven de 33 a\u00f1os se encuentra internado en estado cr\u00edtico tras haberse disparado en&#8230;<\/p>\n","protected":false},"author":0,"featured_media":199497,"comment_status":"open","ping_status":"open","sticky":false,"template":"","format":"standard","meta":{"footnotes":""},"categories":[7],"tags":[],"class_list":["post-199496","post","type-post","status-publish","format-standard","has-post-thumbnail","hentry","category-sociedad"],"featured_image_urls":{"full":["https:\/\/radiofenix.com.ar\/2023\/wp-content\/uploads\/2025\/08\/wp-header-logo-18.png",960,540,false],"thumbnail":["https:\/\/radiofenix.com.ar\/2023\/wp-content\/uploads\/2025\/08\/wp-header-logo-18-150x150.png",150,150,true],"medium":["https:\/\/radiofenix.com.ar\/2023\/wp-content\/uploads\/2025\/08\/wp-header-logo-18-300x169.png",300,169,true],"medium_large":["https:\/\/radiofenix.com.ar\/2023\/wp-content\/uploads\/2025\/08\/wp-header-logo-18-768x432.png",640,360,true],"large":["https:\/\/radiofenix.com.ar\/2023\/wp-content\/uploads\/2025\/08\/wp-header-logo-18.png",640,360,false],"1536x1536":["https:\/\/radiofenix.com.ar\/2023\/wp-content\/uploads\/2025\/08\/wp-header-logo-18.png",960,540,false],"2048x2048":["https:\/\/radiofenix.com.ar\/2023\/wp-content\/uploads\/2025\/08\/wp-header-logo-18.png",960,540,false],"newsium-slider-full":["https:\/\/radiofenix.com.ar\/2023\/wp-content\/uploads\/2025\/08\/wp-header-logo-18.png",960,540,false],"newsium-featured":["https:\/\/radiofenix.com.ar\/2023\/wp-content\/uploads\/2025\/08\/wp-header-logo-18.png",960,540,false],"newsium-medium":["https:\/\/radiofenix.com.ar\/2023\/wp-content\/uploads\/2025\/08\/wp-header-logo-18-720x475.png",720,475,true]},"author_info":{"info":[""]},"category_info":"<a href=\"https:\/\/radiofenix.com.ar\/2023\/category\/sociedad\/\" rel=\"category tag\">Sociedad<\/a>","tag_info":"Sociedad","comment_count":"0","_links":{"self":[{"href":"https:\/\/radiofenix.com.ar\/2023\/wp-json\/wp\/v2\/posts\/199496","targetHints":{"allow":["GET"]}}],"collection":[{"href":"https:\/\/radiofenix.com.ar\/2023\/wp-json\/wp\/v2\/posts"}],"about":[{"href":"https:\/\/radiofenix.com.ar\/2023\/wp-json\/wp\/v2\/types\/post"}],"replies":[{"embeddable":true,"href":"https:\/\/radiofenix.com.ar\/2023\/wp-json\/wp\/v2\/comments?post=199496"}],"version-history":[{"count":0,"href":"https:\/\/radiofenix.com.ar\/2023\/wp-json\/wp\/v2\/posts\/199496\/revisions"}],"wp:featuredmedia":[{"embeddable":true,"href":"https:\/\/radiofenix.com.ar\/2023\/wp-json\/wp\/v2\/media\/199497"}],"wp:attachment":[{"href":"https:\/\/radiofenix.com.ar\/2023\/wp-json\/wp\/v2\/media?parent=199496"}],"wp:term":[{"taxonomy":"category","embeddable":true,"href":"https:\/\/radiofenix.com.ar\/2023\/wp-json\/wp\/v2\/categories?post=199496"},{"taxonomy":"post_tag","embeddable":true,"href":"https:\/\/radiofenix.com.ar\/2023\/wp-json\/wp\/v2\/tags?post=199496"}],"curies":[{"name":"wp","href":"https:\/\/api.w.org\/{rel}","templated":true}]}}