{"id":199536,"date":"2025-08-07T08:57:24","date_gmt":"2025-08-07T08:57:24","guid":{"rendered":"https:\/\/radiofenix.com.ar\/2023\/colombia-confirmaron-la-detencion-de-uribe\/"},"modified":"2025-08-07T08:57:24","modified_gmt":"2025-08-07T08:57:24","slug":"colombia-confirmaron-la-detencion-de-uribe","status":"publish","type":"post","link":"https:\/\/radiofenix.com.ar\/2023\/colombia-confirmaron-la-detencion-de-uribe\/","title":{"rendered":"Colombia: confirmaron la detenci\u00f3n de Uribe"},"content":{"rendered":"<div><!-- Body --><\/p>\n<p>El Tribunal Superior de Bogot\u00e1 <b>deneg\u00f3 la solicitud<\/b> hecha por la defensa del expresidente colombiano<b> <a href=\"https:\/\/www.pagina12.com.ar\/tags\/723-alvaro-uribe\">\u00c1lvaro Uribe<\/a><\/b> de una medida provisional para suspender la detenci\u00f3n domiciliaria del exmandatario, <b>condenado en primera instancia a doce a\u00f1os de c\u00e1rcel por fraude procesal y soborno <\/b>en actuaci\u00f3n penal.<\/p>\n<p>El tribunal resolvi\u00f3, ante las medidas cautelares solicitadas por la defensa del expresidente, \u00abno decretar la medida provisional\u00bb y advirti\u00f3 que ante esta decisi\u00f3n \u00abno proceden recursos\u00bb.<\/p>\n<p>Sin embargo, la c\u00e1mara contin\u00faa estudiando una acci\u00f3n de tutela (recurso de amparo) interpuesta por los abogados de Uribe, que solicitan la libertad inmediata de su cliente.<\/p>\n<p>\u00abNo se acceder\u00e1 a decretar la medida provisional solicitada, lo cual en manera alguna significa que a partir de esta providencia se desprenda el sentido del fallo que se vaya a emitir cuando se resuelva la presente acci\u00f3n, el cual deber\u00e1 estar precedido de los elementos de juicio que en forma oportuna habr\u00e1n de allegarse\u00bb, explic\u00f3 el tribunal.<\/p>\n<h2>Requisitos<\/h2>\n<p>El magistrado <b>Leonel Rogeles Moreno<\/b>, encargado de estudiar la solicitud de libertad inmediata que la defensa incluy\u00f3 en la acci\u00f3n de tutela, encontr\u00f3 que \u00e9sta <b>\u201cno cumple los est\u00e1ndares de urgencia, necesidad, impostergabilidad, requisitos sine qua non para que, en estos casos, <\/b>el juez constitucional intervenga desde el inicio del tr\u00e1mite de la tutela, en la forma antes pretendida,\u201d inform\u00f3 elpa\u00eds. com.<\/p>\n<p>El abogado <b>Jaime Granados<\/b>, que interpuso la acci\u00f3n de tutela este lunes, consider\u00f3 en su recurso que la sentencia del pasado 1 de agosto \u00abtransgredi\u00f3 derechos fundamentales como la dignidad humana, el debido proceso, la presunci\u00f3n de inocencia y la libertad del doctor \u00c1lvaro Uribe V\u00e9lez\u00bb.<\/p>\n<p>En esa direcci\u00f3n, el equipo jur\u00eddico de Uribe, quien gobern\u00f3 Colombia entre 2002 y 2010, pide que se amparen esos derechos y que se suspenda la ejecuci\u00f3n de la sentencia mientras avanza el proceso de apelaci\u00f3n.<\/p>\n<p>El objetivo de esta acci\u00f3n constitucional, un mecanismo que se utiliza cuando se considera que se ha vulnerado un derecho fundamental, es que el expresidente pueda apelar el fallo de la jueza, de primera instancia, en libertad.\u00a0<\/p>\n<h2>P\u00f3liza<\/h2>\n<p>Ayer los abogados de Uribe informaron que<b> pagaron la p\u00f3liza que le exigi\u00f3 la jueza\u00a0 Sandra Heredia <\/b>y est\u00e1 a la espera de que se resuelva tutela presentada por la defensa para suspender prisi\u00f3n domiciliaria, seg\u00fan inform\u00f3 Eltiempo.com.<\/p>\n<p>El medio colombiano inform\u00f3 que pago de la p\u00f3liza de m\u00e1s de cino millones de pesos se concret\u00f3 como parte de los tr\u00e1mites administrativos para cumplir con el subrogado de la detenci\u00f3n domiciliaria ordenada contra Uribe. <b>Esta garant\u00eda corresponde a cuatro salarios m\u00ednimos<\/b>, equivalentes a 5.694.000 pesos colombianos, y es requisito para la ejecuci\u00f3n de la medida de arresto en su domicilio, mientras avanzan los recursos legales.<\/p>\n<p>Uribe, de 73 a\u00f1os y fundador del partido de derecha Centro Democr\u00e1tico, fue sentenciado en primera instancia a doce a\u00f1os de c\u00e1rcel en r\u00e9gimen domiciliario, a una multa de m\u00e1s de 3.400 millones de pesos colombianos (unos 822.000 d\u00f3lares) y a la inhabilitaci\u00f3n por m\u00e1s de ocho a\u00f1os para el ejercicio de funciones p\u00fablicas.<\/p>\n<p>Heredia, la jueza 44 Penal del Circuito de Bogot\u00e1, orden\u00f3 la detenci\u00f3n inmediata de Uribe al leer la sentencia, a pesar de que el fallo a\u00fan ser\u00e1 apelado ante el Tribunal Superior de Bogot\u00e1, que debe pronunciarse en segunda instancia a m\u00e1s tardar en octubre pr\u00f3ximo. Heredia ampli\u00f3 en dos d\u00edas, hasta el 13 de agosto, el plazo para que la defensa de Uribe presente la apelaci\u00f3n de la condena.\u00a0<\/p>\n<p><!-- Live Blog Post --><\/div>\n<p><a href=\"https:\/\/www.pagina12.com.ar\/847520-colombia-confirmaron-la-detencion-de-uribe\">source<\/a><\/p>\n","protected":false},"excerpt":{"rendered":"<p>El Tribunal Superior de Bogot\u00e1 deneg\u00f3 la solicitud hecha por la defensa del expresidente colombiano&#8230;<\/p>\n","protected":false},"author":0,"featured_media":199537,"comment_status":"open","ping_status":"open","sticky":false,"template":"","format":"standard","meta":{"footnotes":""},"categories":[60],"tags":[],"class_list":["post-199536","post","type-post","status-publish","format-standard","has-post-thumbnail","hentry","category-internacional"],"featured_image_urls":{"full":["https:\/\/radiofenix.com.ar\/2023\/wp-content\/uploads\/2025\/08\/wp-header-logo-38.png",960,540,false],"thumbnail":["https:\/\/radiofenix.com.ar\/2023\/wp-content\/uploads\/2025\/08\/wp-header-logo-38-150x150.png",150,150,true],"medium":["https:\/\/radiofenix.com.ar\/2023\/wp-content\/uploads\/2025\/08\/wp-header-logo-38-300x169.png",300,169,true],"medium_large":["https:\/\/radiofenix.com.ar\/2023\/wp-content\/uploads\/2025\/08\/wp-header-logo-38-768x432.png",640,360,true],"large":["https:\/\/radiofenix.com.ar\/2023\/wp-content\/uploads\/2025\/08\/wp-header-logo-38.png",640,360,false],"1536x1536":["https:\/\/radiofenix.com.ar\/2023\/wp-content\/uploads\/2025\/08\/wp-header-logo-38.png",960,540,false],"2048x2048":["https:\/\/radiofenix.com.ar\/2023\/wp-content\/uploads\/2025\/08\/wp-header-logo-38.png",960,540,false],"newsium-slider-full":["https:\/\/radiofenix.com.ar\/2023\/wp-content\/uploads\/2025\/08\/wp-header-logo-38.png",960,540,false],"newsium-featured":["https:\/\/radiofenix.com.ar\/2023\/wp-content\/uploads\/2025\/08\/wp-header-logo-38.png",960,540,false],"newsium-medium":["https:\/\/radiofenix.com.ar\/2023\/wp-content\/uploads\/2025\/08\/wp-header-logo-38-720x475.png",720,475,true]},"author_info":{"info":[""]},"category_info":"<a href=\"https:\/\/radiofenix.com.ar\/2023\/category\/internacional\/\" rel=\"category tag\">Internacional<\/a>","tag_info":"Internacional","comment_count":"0","_links":{"self":[{"href":"https:\/\/radiofenix.com.ar\/2023\/wp-json\/wp\/v2\/posts\/199536","targetHints":{"allow":["GET"]}}],"collection":[{"href":"https:\/\/radiofenix.com.ar\/2023\/wp-json\/wp\/v2\/posts"}],"about":[{"href":"https:\/\/radiofenix.com.ar\/2023\/wp-json\/wp\/v2\/types\/post"}],"replies":[{"embeddable":true,"href":"https:\/\/radiofenix.com.ar\/2023\/wp-json\/wp\/v2\/comments?post=199536"}],"version-history":[{"count":0,"href":"https:\/\/radiofenix.com.ar\/2023\/wp-json\/wp\/v2\/posts\/199536\/revisions"}],"wp:featuredmedia":[{"embeddable":true,"href":"https:\/\/radiofenix.com.ar\/2023\/wp-json\/wp\/v2\/media\/199537"}],"wp:attachment":[{"href":"https:\/\/radiofenix.com.ar\/2023\/wp-json\/wp\/v2\/media?parent=199536"}],"wp:term":[{"taxonomy":"category","embeddable":true,"href":"https:\/\/radiofenix.com.ar\/2023\/wp-json\/wp\/v2\/categories?post=199536"},{"taxonomy":"post_tag","embeddable":true,"href":"https:\/\/radiofenix.com.ar\/2023\/wp-json\/wp\/v2\/tags?post=199536"}],"curies":[{"name":"wp","href":"https:\/\/api.w.org\/{rel}","templated":true}]}}