{"id":199538,"date":"2025-08-07T08:57:26","date_gmt":"2025-08-07T08:57:26","guid":{"rendered":"https:\/\/radiofenix.com.ar\/2023\/memes-y-reacciones-por-el-particular-look-de-ricardo-lopez-murphy-en-el-debate-legislativo\/"},"modified":"2025-08-07T08:57:26","modified_gmt":"2025-08-07T08:57:26","slug":"memes-y-reacciones-por-el-particular-look-de-ricardo-lopez-murphy-en-el-debate-legislativo","status":"publish","type":"post","link":"https:\/\/radiofenix.com.ar\/2023\/memes-y-reacciones-por-el-particular-look-de-ricardo-lopez-murphy-en-el-debate-legislativo\/","title":{"rendered":"Memes y reacciones por el particular look de Ricardo L\u00f3pez Murphy en el debate legislativo"},"content":{"rendered":"<div id=\"\">\n<h2>Diputados: la oposici\u00f3n aprob\u00f3 la emergencia pedi\u00e1trica en el Garrahan y sum\u00f3 otro rev\u00e9s para Javier Milei<\/h2>\n<p>La <strong>C\u00e1mara de Diputados <\/strong>tiene este mi\u00e9rcoles a una sesi\u00f3n especial que fue solicitada por bloques de la oposici\u00f3n, que tras el primer rev\u00e9s para el Gobierno de <strong>Javier Milei<\/strong> por la <a href=\"https:\/\/www.minutouno.com\/politica\/reves-javier-milei-diputados-media-sancion-el-presupuesto-universitario-n6175565\" target=\"_blank\" rel=\"follow noopener\">media sanci\u00f3n a la Ley de Financiamiento Universitario<\/a>, tambi\u00e9n aprob\u00f3 la <strong>emergencia pedi\u00e1trica en el Hospital Garrahan<\/strong>.<\/p>\n<p>La iniciativa tuvo 159 votos positivos, 67 negativos y 4 abstenciones. Los bloques de La Libertad Avanza y el PRO fueron los que no apoyaron el proyecto que busca mejorar la situaci\u00f3n del hospital pedi\u00e1trico.<\/p>\n<p>Incluso, legisladores oficialistas y del PRO se levantaron de sus sillas cuando se empez\u00f3 a tratar la emergencia del Sistema Pedi\u00e1trico de la Argentina y del Hospital Garrahan.<\/p>\n<p>La sesi\u00f3n especial fue solicitada por bloques de la oposici\u00f3n entre los que se destacan Uni\u00f3n por la Patria, Democracia para Siempre, Encuentro Federal, la Coalici\u00f3n C\u00edvica y Por Santa Cruz, que buscaron llevar al debate en el recinto m\u00e1s de una decena de iniciativas que podr\u00edan generar nuevos vetos del Presidente.<\/p>\n<p>Entre las iniciativas que se trataron se encuentran proyectos para garantizar el financiamiento universitario, la cr\u00edtica situaci\u00f3n del Hospital Garrahan y otros proyectos presentados por gobernadores provinciales.<\/p>\n<p>El extenso temario no incluy\u00f3 sin embargo <strong>el rechazo a los pol\u00e9micos vetos del presidente Milei<\/strong> a aumentos a jubilados, moratoria previsional y emergencia en el \u00e1rea discapacidad que fueron anunciados la semana pasada pero oficializados este lunes.<\/p>\n<\/div>\n<p><a href=\"https:\/\/www.minutouno.com\/politica\/memes-y-reacciones-el-particular-look-ricardo-lopez-murphy-el-debate-legislativo-n6175688\">source<\/a><\/p>\n","protected":false},"excerpt":{"rendered":"<p>Diputados: la oposici\u00f3n aprob\u00f3 la emergencia pedi\u00e1trica en el Garrahan y sum\u00f3 otro rev\u00e9s para&#8230;<\/p>\n","protected":false},"author":0,"featured_media":199539,"comment_status":"open","ping_status":"open","sticky":false,"template":"","format":"standard","meta":{"footnotes":""},"categories":[2],"tags":[],"class_list":["post-199538","post","type-post","status-publish","format-standard","has-post-thumbnail","hentry","category-politica"],"featured_image_urls":{"full":["https:\/\/radiofenix.com.ar\/2023\/wp-content\/uploads\/2025\/08\/wp-header-logo-39.png",1200,675,false],"thumbnail":["https:\/\/radiofenix.com.ar\/2023\/wp-content\/uploads\/2025\/08\/wp-header-logo-39-150x150.png",150,150,true],"medium":["https:\/\/radiofenix.com.ar\/2023\/wp-content\/uploads\/2025\/08\/wp-header-logo-39-300x169.png",300,169,true],"medium_large":["https:\/\/radiofenix.com.ar\/2023\/wp-content\/uploads\/2025\/08\/wp-header-logo-39-768x432.png",640,360,true],"large":["https:\/\/radiofenix.com.ar\/2023\/wp-content\/uploads\/2025\/08\/wp-header-logo-39-1024x576.png",640,360,true],"1536x1536":["https:\/\/radiofenix.com.ar\/2023\/wp-content\/uploads\/2025\/08\/wp-header-logo-39.png",1200,675,false],"2048x2048":["https:\/\/radiofenix.com.ar\/2023\/wp-content\/uploads\/2025\/08\/wp-header-logo-39.png",1200,675,false],"newsium-slider-full":["https:\/\/radiofenix.com.ar\/2023\/wp-content\/uploads\/2025\/08\/wp-header-logo-39.png",1200,675,false],"newsium-featured":["https:\/\/radiofenix.com.ar\/2023\/wp-content\/uploads\/2025\/08\/wp-header-logo-39-1024x576.png",1024,576,true],"newsium-medium":["https:\/\/radiofenix.com.ar\/2023\/wp-content\/uploads\/2025\/08\/wp-header-logo-39-720x475.png",720,475,true]},"author_info":{"info":[""]},"category_info":"<a href=\"https:\/\/radiofenix.com.ar\/2023\/category\/politica\/\" rel=\"category tag\">Pol\u00edtica<\/a>","tag_info":"Pol\u00edtica","comment_count":"0","_links":{"self":[{"href":"https:\/\/radiofenix.com.ar\/2023\/wp-json\/wp\/v2\/posts\/199538","targetHints":{"allow":["GET"]}}],"collection":[{"href":"https:\/\/radiofenix.com.ar\/2023\/wp-json\/wp\/v2\/posts"}],"about":[{"href":"https:\/\/radiofenix.com.ar\/2023\/wp-json\/wp\/v2\/types\/post"}],"replies":[{"embeddable":true,"href":"https:\/\/radiofenix.com.ar\/2023\/wp-json\/wp\/v2\/comments?post=199538"}],"version-history":[{"count":0,"href":"https:\/\/radiofenix.com.ar\/2023\/wp-json\/wp\/v2\/posts\/199538\/revisions"}],"wp:featuredmedia":[{"embeddable":true,"href":"https:\/\/radiofenix.com.ar\/2023\/wp-json\/wp\/v2\/media\/199539"}],"wp:attachment":[{"href":"https:\/\/radiofenix.com.ar\/2023\/wp-json\/wp\/v2\/media?parent=199538"}],"wp:term":[{"taxonomy":"category","embeddable":true,"href":"https:\/\/radiofenix.com.ar\/2023\/wp-json\/wp\/v2\/categories?post=199538"},{"taxonomy":"post_tag","embeddable":true,"href":"https:\/\/radiofenix.com.ar\/2023\/wp-json\/wp\/v2\/tags?post=199538"}],"curies":[{"name":"wp","href":"https:\/\/api.w.org\/{rel}","templated":true}]}}