{"id":199542,"date":"2025-08-08T08:57:13","date_gmt":"2025-08-08T08:57:13","guid":{"rendered":"https:\/\/radiofenix.com.ar\/2023\/se-recalienta-la-inflacion-portena\/"},"modified":"2025-08-08T08:57:13","modified_gmt":"2025-08-08T08:57:13","slug":"se-recalienta-la-inflacion-portena","status":"publish","type":"post","link":"https:\/\/radiofenix.com.ar\/2023\/se-recalienta-la-inflacion-portena\/","title":{"rendered":"Se recalienta la inflaci\u00f3n porte\u00f1a"},"content":{"rendered":"<div><!-- Body --><\/p>\n<p>En un adelanto de lo que podr\u00eda pasar la semana pr\u00f3xima cuando el INDEC de a conocer la marcha de los precios a nivel nacional, la inflaci\u00f3n de la Capital Federal peg\u00f3 un salto en julio y quedo bastante por encima del 2 por ciernto. El organismo estad\u00edstico de la CABA reflej\u00f3 una suba del 2,5 por ciento, tras el 2,1 por ciento de junio.\u00a0<\/p>\n<p>De esta forma, en siete meses de 2025 la suba de precios acumulada es de 18,1 por ciento, mientras que, con relaci\u00f3n a julio del a\u00f1o pasado, el incremento es del 40,9 por ciento. El dato de la Ciudad est\u00e1 por encima de las proyecciones de las consultoras privadas que hablaban con una inflaci\u00f3n a nivel nacional del orden de 1,8%.<\/p>\n<p>En el detalle de lo que m\u00e1s impact\u00f3, este incremento es producto de un alza de 1,2% en bienes y de 3,3% en los servicios, mientras que en otra de las divisiones, los precios estacionales avanzaron 9%, los regulados 2,1% y el resto 1,9%. Los rubros de mayor aumento se observaron en restaurants y hoteles (5,3%), servicios financieros (3,8%), transporte 3,6% y recreaci\u00f3n y cultura (3,6%), vivienda (2,3%).<\/p>\n<p>Los alimentos tuvieron un incremento de 1,8%. Los principales impulsos provinieron de verduras, tub\u00e9rculos y legumbres (6,9%), carnes (1,2%) y pan y cereales (1,6%). En el mantenimiento de la vivienda se registr\u00f3 una suba de 2,3% por el impacto de las actualizaciones en los valores de los alquileres y de los gastos comunes por la vivienda.<\/p>\n<p>En tanto, transporte promedi\u00f3 un incremento de 3,6%, con una incidencia, debido a las alzas en los precios de los pasajes a\u00e9reos. Le siguieron, en importancia, los ajustes en los valores de los combustibles y lubricantes para veh\u00edculos de uso del hogar y del boleto de colectivo urbano.<\/p>\n<p>Por su lado, Salud mostr\u00f3 un alza de 1,8%, producto de las subas en las cuotas de la medicina privada y en educaci\u00f3n se estim\u00f3 un aumento de 2%, por el ajuste de las cuotas de los colegios privados. El aumento de 5,6% en \u201crestaurantes y hoteles\u201d es resultado de los incrementos en las tarifas del servicio de alojamiento en hoteles por motivos tur\u00edsticos y en los precios de los alimentos preparados en restaurantes, bares y casas de comidas.<\/p>\n<h2>\u00bfY agosto?<\/h2>\n<p>En este contexto, la consultora Equilibra, que conduce Mart\u00edn Rapetti, empez\u00f3 a delinear lo que podr\u00eda ocurrir con los precios en agosto, dado que la disparada del d\u00f3lar coincide con el final de julio y el principio de ese per\u00edodo. \u00abSeg\u00fan nuestros relevamientos (130.000 precios, que cubren 85% de los rubros totales del IPC Nacional), la 1ra semana de agosto arroj\u00f3 una inflaci\u00f3n del 1,0% semanal (+0,1 p.p. vs la 1ra semana de julio), liderada por Regulados (2,0%, +0,3 p.p. vs 1ra semana de julio). Esta suba es la mayor para 1ra semana del mes desde marzo, lo que evidencia una -leve- aceleraci\u00f3n\u00bb, precis\u00f3 la consultora.\u00a0<\/p>\n<p>Asimismo, destacaron que \u00abla inflaci\u00f3n N\u00facleo trep\u00f3 0,9% con mayores subas del componente que no es Alimentos y bebidas (1,3% semanal, +0,3 p.p. vs 1 mes atr\u00e1s). De hecho, si comparamos la variaci\u00f3n punta a punta entre la 1ra semana de agosto y la 1ra de julio de los diferentes rubros afectados por el alza del tipo de cambio oficial (+12,4% en dicho per\u00edodo), se ve un traslado a precios acotado y heterog\u00e9neo\u00bb.\u00a0<\/p>\n<p>Destaca Equilibra que, adem\u00e1s, \u00abeste fue menor en alimentos y bebidas y mayor en los bienes con alto componente importado y nafta. Entre ellos se encuentra principalmente autos, productos de limpieza, cuidado personal, libros o medicamentos. En cambio, a\u00fan no se ve un gran traslado en Alimentos y bebidas (s\u00f3lo az\u00facar y golosinas o aceites, superan el 2%)\u00bb. Por \u00faltimo, los que habitualmente tienen un v\u00ednculo con el tipo de cambio y esta vez se encuentran m\u00e1s estables son la carne, la indumentaria y los celulares.\u00a0<\/p>\n<p>\u00abLa estabilidad\/deflaci\u00f3n en estos precios estar\u00eda relacionada con factores de demanda, estacionales y de apertura comercial, respectivamente.Habr\u00e1 que seguir de cerca la din\u00e1mica del rubro Carnes e Indumentaria (por su alto peso en el IPC) pero, de no haber sobresaltos, esperamos que la inflaci\u00f3n de agosto se encuentre entre 2% y 2,5%\u00bb, concluy\u00f3 Equilibra.\u00a0<\/p>\n<p><!-- Live Blog Post --><\/div>\n<p><a href=\"https:\/\/www.pagina12.com.ar\/848047-se-recalienta-la-inflacion-portena\">source<\/a><\/p>\n","protected":false},"excerpt":{"rendered":"<p>En un adelanto de lo que podr\u00eda pasar la semana pr\u00f3xima cuando el INDEC de&#8230;<\/p>\n","protected":false},"author":0,"featured_media":199543,"comment_status":"open","ping_status":"open","sticky":false,"template":"","format":"standard","meta":{"footnotes":""},"categories":[5],"tags":[],"class_list":["post-199542","post","type-post","status-publish","format-standard","has-post-thumbnail","hentry","category-economia"],"featured_image_urls":{"full":["https:\/\/radiofenix.com.ar\/2023\/wp-content\/uploads\/2025\/08\/wp-header-logo-41.png",960,540,false],"thumbnail":["https:\/\/radiofenix.com.ar\/2023\/wp-content\/uploads\/2025\/08\/wp-header-logo-41-150x150.png",150,150,true],"medium":["https:\/\/radiofenix.com.ar\/2023\/wp-content\/uploads\/2025\/08\/wp-header-logo-41-300x169.png",300,169,true],"medium_large":["https:\/\/radiofenix.com.ar\/2023\/wp-content\/uploads\/2025\/08\/wp-header-logo-41-768x432.png",640,360,true],"large":["https:\/\/radiofenix.com.ar\/2023\/wp-content\/uploads\/2025\/08\/wp-header-logo-41.png",640,360,false],"1536x1536":["https:\/\/radiofenix.com.ar\/2023\/wp-content\/uploads\/2025\/08\/wp-header-logo-41.png",960,540,false],"2048x2048":["https:\/\/radiofenix.com.ar\/2023\/wp-content\/uploads\/2025\/08\/wp-header-logo-41.png",960,540,false],"newsium-slider-full":["https:\/\/radiofenix.com.ar\/2023\/wp-content\/uploads\/2025\/08\/wp-header-logo-41.png",960,540,false],"newsium-featured":["https:\/\/radiofenix.com.ar\/2023\/wp-content\/uploads\/2025\/08\/wp-header-logo-41.png",960,540,false],"newsium-medium":["https:\/\/radiofenix.com.ar\/2023\/wp-content\/uploads\/2025\/08\/wp-header-logo-41-720x475.png",720,475,true]},"author_info":{"info":[""]},"category_info":"<a href=\"https:\/\/radiofenix.com.ar\/2023\/category\/economia\/\" rel=\"category tag\">Economia<\/a>","tag_info":"Economia","comment_count":"0","_links":{"self":[{"href":"https:\/\/radiofenix.com.ar\/2023\/wp-json\/wp\/v2\/posts\/199542","targetHints":{"allow":["GET"]}}],"collection":[{"href":"https:\/\/radiofenix.com.ar\/2023\/wp-json\/wp\/v2\/posts"}],"about":[{"href":"https:\/\/radiofenix.com.ar\/2023\/wp-json\/wp\/v2\/types\/post"}],"replies":[{"embeddable":true,"href":"https:\/\/radiofenix.com.ar\/2023\/wp-json\/wp\/v2\/comments?post=199542"}],"version-history":[{"count":0,"href":"https:\/\/radiofenix.com.ar\/2023\/wp-json\/wp\/v2\/posts\/199542\/revisions"}],"wp:featuredmedia":[{"embeddable":true,"href":"https:\/\/radiofenix.com.ar\/2023\/wp-json\/wp\/v2\/media\/199543"}],"wp:attachment":[{"href":"https:\/\/radiofenix.com.ar\/2023\/wp-json\/wp\/v2\/media?parent=199542"}],"wp:term":[{"taxonomy":"category","embeddable":true,"href":"https:\/\/radiofenix.com.ar\/2023\/wp-json\/wp\/v2\/categories?post=199542"},{"taxonomy":"post_tag","embeddable":true,"href":"https:\/\/radiofenix.com.ar\/2023\/wp-json\/wp\/v2\/tags?post=199542"}],"curies":[{"name":"wp","href":"https:\/\/api.w.org\/{rel}","templated":true}]}}