{"id":199544,"date":"2025-08-08T08:57:14","date_gmt":"2025-08-08T08:57:14","guid":{"rendered":"https:\/\/radiofenix.com.ar\/2023\/no-hay-prision-preventiva-para-claudio-contardi\/"},"modified":"2025-08-08T08:57:14","modified_gmt":"2025-08-08T08:57:14","slug":"no-hay-prision-preventiva-para-claudio-contardi","status":"publish","type":"post","link":"https:\/\/radiofenix.com.ar\/2023\/no-hay-prision-preventiva-para-claudio-contardi\/","title":{"rendered":"No hay prisi\u00f3n preventiva para Claudio Contardi"},"content":{"rendered":"<div><!-- Body --><\/p>\n<p>Este jueves por la tarde<b> el Tribunal Oral en lo Criminal N\u00ba 2 de Z\u00e1rate-Campana rechaz\u00f3 la prisi\u00f3n preventiva para Claudio Contardi<\/b> que hab\u00eda solicitado Javier Ba\u00f1os, el abogado de Julieta Prandi, debido a que <b>no ve\u00edan un intento de fuga<\/b> por parte del imputado. El representante legal de Julieta Prandi hab\u00eda solicitado la prisi\u00f3n preventiva para el <b>ex marido de la modelo y conductora denunciado por abuso sexual con acceso carnal agravado<\/b> por causarle un grave da\u00f1o en la salud mental.<\/p>\n<p>Esta medida fue pedida por el abogado querellante debido al <b>peligro que significa para Prandi y para sus hijos que su presunto agresor est\u00e9 libre<\/b>, en un intento por proteger su integridad, y para evitar todo riesgo de fuga ante el avance del proceso judicial por parte del acusado. <b>\u00abTienen que garantizar que el imputado comparezca a la audiencia de ma\u00f1ana\u00bb<\/b>, explic\u00f3 el letrado fundamentando el reclamo. \u00abTambi\u00e9n se pidi\u00f3 una perimetral porque estaba vencida\u00bb, argument\u00f3 Ba\u00f1os al respecto.<\/p>\n<p>En s\u00edntesis, la solicitud del abogado querellante radic\u00f3 en tres puntos: la <b>prisi\u00f3n preventiva<\/b> para Contardi, una medida de <b>protecci\u00f3n para Prandi<\/b> y la garant\u00eda de la <b>presencia del acusado<\/b> \u00aben la audiencia de los alegatos\u00bb que tendr\u00e1 lugar este viernes.<\/p>\n<p>A pesar de la negativa para la prisi\u00f3n preventiva de Contardi, <b>la fiscal\u00eda s\u00ed concedi\u00f3 la renovaci\u00f3n de la perimetral vencida con una prohibici\u00f3n de acercarse a menos de 300 metros<\/b>\u00a0de la denunciante. Ba\u00f1os se\u00f1al\u00f3 sobre ese tema que pidieron \u00abuna prohibici\u00f3n de acercamiento y bot\u00f3n antip\u00e1nico\u00bb.<\/p>\n<h2>La previa del juicio<\/h2>\n<p><b>Julieta Prandi denunci\u00f3 a Claudio Contardi en 2021 en la UFI N\u00ba4 de Escobar<\/b>, por hechos ocurridos entre el 28 de julio de 2015, tras el nacimiento de su primer hijo, y marzo de 2018, tras haberse mudado a Mart\u00ednez. La pareja finalmente se separ\u00f3 en 2019.<\/p>\n<p>El encargado de la investigaci\u00f3n fue el fiscal Christian Fabio, de la mencionada Unidad Fiscal de Investigaciones de Escobar. El mismo investigador declar\u00f3 ante las autoridades del caso que <b>\u00abexisten elementos de prueba suficientes para demostrar que Contardi ser\u00eda el autor del delito de abuso sexual con acceso carnal agravado\u00bb<\/b>.\u00a0Una vez realizado ese trabajo, <b>el juez Luciano Maroni elev\u00f3 el caso a juicio<\/b> y decidi\u00f3 que el imputado aguardara al inicio en prisi\u00f3n domiciliaria y con monitoreo electr\u00f3nico.<\/p>\n<p>Sin embargo, previo al inicio del juicio, los abogados de Contardi (Tom\u00e1s Costa, Juan Carlos Garc\u00eda Dietze y Claudio y Tom\u00e1s Nitzcaner) hab\u00edan presentado un <b>pedido de nulidad y argumentaron que deb\u00eda hacerse con un jurado popular<\/b>, aunque finalmente se prosigui\u00f3 con uno t\u00e9cnico.<\/p>\n<p>El arranque de las audiencias en el TOC N\u00ba2 de Campana, con los jueces Daniel R\u00f3polo, Luc\u00eda Leiro y Mariano Aguilar, evidenci\u00f3 <b>medidas particulares del caso<\/b>, como un biombo pedido por la querella para que Prandi no vea a su ex marido en la sala que comparten.<\/p>\n<p>Si bien cuestion\u00f3 que \u00abse tard\u00f3 much\u00edsimo\u00bb, <b>Prandi valor\u00f3 que esta semana \u00abfinalmente\u00bb haya iniciado el proceso judicial<\/b> y manifest\u00f3 que tiene \u00abfe en los jueces que van a escuchar todo lo que tuve que atravesar\u00bb. Adem\u00e1s, lament\u00f3 que vivi\u00f3 <b>\u00aba\u00f1os de violencia f\u00edsica y psicol\u00f3gica y amenazas de muerte\u00bb<\/b>, y advirti\u00f3 que est\u00e1 \u00abfuerte y lista, lo que no quiere decir que no est\u00e9 rota\u00bb.<\/p>\n<p><b>\u00abVoy a buscar justicia\u00bb, asegur\u00f3 la actriz, modelo y ex conductora<\/b> antes de ser la primera en declarar en la audiencia inaugural del pasado mi\u00e9rcoles. \u00abCreo que por fin ha llegado la hora de la verdad y que cuando pase este juicio, comenzar\u00e1 una nueva etapa en mi vida\u00bb, concluy\u00f3 Prandi.<\/p>\n<h2>La segunda jornada<\/h2>\n<p>En una audiencia marcada por un <b>cuarto intermedio debido a una fuga de gas<\/b>, Prandi afirm\u00f3 que despu\u00e9s de 5 a\u00f1os de preparaci\u00f3n ya siente <b>\u00abun alivio y una descarga enorme\u00bb<\/b>. De todas formas, la frase que marc\u00f3 a la segunda jornada fue de <b>Contardi<\/b>, quien declar\u00f3 <b>\u00abnunca abus\u00e9 de ella sin su consentimiento\u00bb<\/b>.\u00a0<\/p>\n<p>\u00abFue justicia divina. <b>Su inconsciente lo delat\u00f3 y lo celebro\u00bb, dijo Prandi<\/b> a la salida de la sala. Como en el primer d\u00eda, el acusado volvi\u00f3 a afirmar su inocencia en la causa y dijo no comprender \u00abpor qu\u00e9 me denunci\u00f3\u00bb, aunque Prandi redobl\u00f3 la apuesta y dijo que <b>\u00abno hay condena que equivalga a los a\u00f1os que me rob\u00f3 y a la no vida que tuve que transitar\u00bb<\/b>.<\/p>\n<p><!-- Live Blog Post --><\/div>\n<p><a href=\"https:\/\/www.pagina12.com.ar\/848074-no-hay-prision-preventiva-para-claudio-contardi\">source<\/a><\/p>\n","protected":false},"excerpt":{"rendered":"<p>Este jueves por la tarde el Tribunal Oral en lo Criminal N\u00ba 2 de Z\u00e1rate-Campana&#8230;<\/p>\n","protected":false},"author":0,"featured_media":199545,"comment_status":"open","ping_status":"open","sticky":false,"template":"","format":"standard","meta":{"footnotes":""},"categories":[7],"tags":[],"class_list":["post-199544","post","type-post","status-publish","format-standard","has-post-thumbnail","hentry","category-sociedad"],"featured_image_urls":{"full":["https:\/\/radiofenix.com.ar\/2023\/wp-content\/uploads\/2025\/08\/wp-header-logo-42.png",960,540,false],"thumbnail":["https:\/\/radiofenix.com.ar\/2023\/wp-content\/uploads\/2025\/08\/wp-header-logo-42-150x150.png",150,150,true],"medium":["https:\/\/radiofenix.com.ar\/2023\/wp-content\/uploads\/2025\/08\/wp-header-logo-42-300x169.png",300,169,true],"medium_large":["https:\/\/radiofenix.com.ar\/2023\/wp-content\/uploads\/2025\/08\/wp-header-logo-42-768x432.png",640,360,true],"large":["https:\/\/radiofenix.com.ar\/2023\/wp-content\/uploads\/2025\/08\/wp-header-logo-42.png",640,360,false],"1536x1536":["https:\/\/radiofenix.com.ar\/2023\/wp-content\/uploads\/2025\/08\/wp-header-logo-42.png",960,540,false],"2048x2048":["https:\/\/radiofenix.com.ar\/2023\/wp-content\/uploads\/2025\/08\/wp-header-logo-42.png",960,540,false],"newsium-slider-full":["https:\/\/radiofenix.com.ar\/2023\/wp-content\/uploads\/2025\/08\/wp-header-logo-42.png",960,540,false],"newsium-featured":["https:\/\/radiofenix.com.ar\/2023\/wp-content\/uploads\/2025\/08\/wp-header-logo-42.png",960,540,false],"newsium-medium":["https:\/\/radiofenix.com.ar\/2023\/wp-content\/uploads\/2025\/08\/wp-header-logo-42-720x475.png",720,475,true]},"author_info":{"info":[""]},"category_info":"<a href=\"https:\/\/radiofenix.com.ar\/2023\/category\/sociedad\/\" rel=\"category tag\">Sociedad<\/a>","tag_info":"Sociedad","comment_count":"0","_links":{"self":[{"href":"https:\/\/radiofenix.com.ar\/2023\/wp-json\/wp\/v2\/posts\/199544","targetHints":{"allow":["GET"]}}],"collection":[{"href":"https:\/\/radiofenix.com.ar\/2023\/wp-json\/wp\/v2\/posts"}],"about":[{"href":"https:\/\/radiofenix.com.ar\/2023\/wp-json\/wp\/v2\/types\/post"}],"replies":[{"embeddable":true,"href":"https:\/\/radiofenix.com.ar\/2023\/wp-json\/wp\/v2\/comments?post=199544"}],"version-history":[{"count":0,"href":"https:\/\/radiofenix.com.ar\/2023\/wp-json\/wp\/v2\/posts\/199544\/revisions"}],"wp:featuredmedia":[{"embeddable":true,"href":"https:\/\/radiofenix.com.ar\/2023\/wp-json\/wp\/v2\/media\/199545"}],"wp:attachment":[{"href":"https:\/\/radiofenix.com.ar\/2023\/wp-json\/wp\/v2\/media?parent=199544"}],"wp:term":[{"taxonomy":"category","embeddable":true,"href":"https:\/\/radiofenix.com.ar\/2023\/wp-json\/wp\/v2\/categories?post=199544"},{"taxonomy":"post_tag","embeddable":true,"href":"https:\/\/radiofenix.com.ar\/2023\/wp-json\/wp\/v2\/tags?post=199544"}],"curies":[{"name":"wp","href":"https:\/\/api.w.org\/{rel}","templated":true}]}}