{"id":199546,"date":"2025-08-08T08:57:16","date_gmt":"2025-08-08T08:57:16","guid":{"rendered":"https:\/\/radiofenix.com.ar\/2023\/alexis-y-lautaro-nominados-al-balon-de-oro\/"},"modified":"2025-08-08T08:57:16","modified_gmt":"2025-08-08T08:57:16","slug":"alexis-y-lautaro-nominados-al-balon-de-oro","status":"publish","type":"post","link":"https:\/\/radiofenix.com.ar\/2023\/alexis-y-lautaro-nominados-al-balon-de-oro\/","title":{"rendered":"Alexis y Lautaro, nominados al Bal\u00f3n de Oro"},"content":{"rendered":"<div><!-- Body --><\/p>\n<p>Dos integrantes de la Selecci\u00f3n Argentina pugnar\u00e1n por el Bal\u00f3n de Oro al mejor futbolista del a\u00f1o. Si bien no parten como favoritos, el delantero Lautaro Mart\u00ednez y el mediocampista Alexis Mac Allister forman parte de la lista de 30 candidatos a quedarse con el galard\u00f3n que entrega cada temporada la revista France Football.<\/p>\n<p>Mac Allister tuvo una gran temporada y fue clave para la consagraci\u00f3n del Liverpool en la Premier League de Inglaterra por primera vez desde el 2020. Se trata de la primera nominaci\u00f3n al Bal\u00f3n de Oro para el jugador surgido en Argentinos Juniors, que se sigue afianzando como uno de los mejores mediocampistas del mundo. Adem\u00e1s, tiene un rol clave en la Selecci\u00f3n argentina que es dirigida por Lionel Scaloni.<\/p>\n<div class=\"iframely-embed medium-embedded-content\" data-html=\"Jmx0O2Jsb2NrcXVvdGUgY2xhc3M9InR3aXR0ZXItdHdlZXQiIGRhdGEtZG50PSJ0cnVlIiBhbGlnbj0iY2VudGVyIiZndDsmbHQ7cCBsYW5nPSJlbiIgZGlyPSJsdHIiJmd0O0hlcmUgYXJlIHRoZSAyMDI1IEJhbGxvbiBkJmFtcDsjMzk7T3Igbm9taW5lZXMhJmx0O2EgaHJlZj0iaHR0cHM6Ly90d2l0dGVyLmNvbS9oYXNodGFnL2JhbGxvbmRvcj9zcmM9aGFzaCZhbXA7YW1wO3JlZl9zcmM9dHdzcmMlNUV0ZnciJmd0OyNiYWxsb25kb3ImbHQ7L2EmZ3Q7ICZsdDthIGhyZWY9Imh0dHBzOi8vdC5jby90ZWhtYlU0UjBqIiZndDtwaWMudHdpdHRlci5jb20vdGVobWJVNFIwaiZsdDsvYSZndDsmbHQ7L3AmZ3Q7JmFtcDttZGFzaDsgQmFsbG9uIGQmYW1wOyMzOTtPciAoQGJhbGxvbmRvcikgJmx0O2EgaHJlZj0iaHR0cHM6Ly90d2l0dGVyLmNvbS9iYWxsb25kb3Ivc3RhdHVzLzE5NTM0NDgwNTcyMzc4NzI3Nzk\/cmVmX3NyYz10d3NyYyU1RXRmdyImZ3Q7QXVndXN0IDcsIDIwMjUmbHQ7L2EmZ3Q7Jmx0Oy9ibG9ja3F1b3RlJmd0OwombHQ7c2NyaXB0IGFzeW5jIHNyYz0iaHR0cHM6Ly9wbGF0Zm9ybS50d2l0dGVyLmNvbS93aWRnZXRzLmpzIiBjaGFyc2V0PSJ1dGYtOCImZ3Q7Jmx0Oy9zY3JpcHQmZ3Q7CgombHQ7ZGl2IGNsYXNzPSJtZWRpdW0taW5zZXJ0LWVtYmVkcy1tZXRhIiZndDsmbHQ7c2NyaXB0IHR5cGU9InRleHQvanNvbiImZ3Q7eyJ1cmwiOiJodHRwczovL3R3aXR0ZXIuY29tL2JhbGxvbmRvci9zdGF0dXMvMTk1MzQ0ODA1NzIzNzg3Mjc3OSIsInR5cGUiOiJyaWNoIiwidmVyc2lvbiI6IjEuMCIsInRpdGxlIjoiQmFsbG9uIGQnT3Igb24gVHdpdHRlciAvIFgiLCJhdXRob3IiOiJCYWxsb24gZCdPciIsImF1dGhvcl91cmwiOiJodHRwczovL3R3aXR0ZXIuY29tL2JhbGxvbmRvciIsInByb3ZpZGVyX25hbWUiOiJUd2l0dGVyIiwiZGVzY3JpcHRpb24iOiJIZXJlIGFyZSB0aGUgMjAyNSBCYWxsb24gZCdPciBub21pbmVlcyEjYmFsbG9uZG9yIHBpYy50d2l0dGVyLmNvbS90ZWhtYlU0UjBq4oCUIEJhbGxvbiBkJ09yIChAYmFsbG9uZG9yKSBBdWd1c3QgNywgMjAyNVxuXG5cbiIsInRodW1ibmFpbF91cmwiOiJodHRwczovL3Bicy50d2ltZy5jb20vbWVkaWEvR3h3S3A1aVdBQUE1MTVnLmpwZzpsYXJnZSIsInRodW1ibmFpbF93aWR0aCI6MTA4MCwidGh1bWJuYWlsX2hlaWdodCI6MTM1MCwiY2FjaGVfYWdlIjo4NjQwMCwib3B0aW9ucyI6eyJfaGlkZV9tZWRpYSI6eyJsYWJlbCI6IkhpZGUgcGhvdG9zLCB2aWRlb3MsIGFuZCBjYXJkcyIsInZhbHVlIjpmYWxzZX0sIl90aGVtZSI6eyJ2YWx1ZSI6IiIsInZhbHVlcyI6eyJkYXJrIjoiVXNlIGRhcmsgdGhlbWUifX0sIl9tYXh3aWR0aCI6eyJ2YWx1ZSI6IiIsImxhYmVsIjoiQWRqdXN0IHdpZHRoIiwicGxhY2Vob2xkZXIiOiIyMjAtNTUwLCBpbiBweCJ9fX0mbHQ7L3NjcmlwdCZndDsmbHQ7L2RpdiZndDs=\">\n                <a data-iframely-url=\"\" href=\"https:\/\/twitter.com\/ballondor\/status\/1953448057237872779\">https:\/\/twitter.com\/ballondor\/status\/1953448057237872779<\/a>\n              <\/div>\n<p>En tanto, Mart\u00ednez gui\u00f3 al Inter de Mil\u00e1n hacia la final de la Champions League aunque terminaron siendo aplastados 5-0 por el Paris Saint-Germain de Francia. El \u201cToro\u201d fue clave para el conjunto italiano en dicha competici\u00f3n, ya que anot\u00f3 tanto en la fase de liga como en los octavos, cuartos y semifinal. Esta es la cuarta nominaci\u00f3n al Bal\u00f3n de Oro para Mart\u00ednez, quien ya hab\u00eda estado entre los mejores en 2021 (21\u00b0), 2023 (20\u00b0) y 2024 (7\u00b0).<\/p>\n<p>Otros tres jugadores de la Selecci\u00f3n Argentina parec\u00eda que pod\u00edan tener chances de meterse en el listado, pero finalmente no fueron tenidos en cuenta. Por un lado Juli\u00e1n \u00c1lvarez, de gran temporada en el Atl\u00e9tico de Madrid, aunque la falta de logros del equipo dirigido por Diego Simeone en el a\u00f1o conspiraron contra sus chances.\u00a0<\/p>\n<p>Otro posible candidato era Enzo Fern\u00e1ndez, que complet\u00f3 un buen a\u00f1o como capit\u00e1n del Chelsea, finalista de la Conference League y campe\u00f3n del Mundial de Clubes. Y entre los 30 tampoco aparece Emiliano Mart\u00ednez, figura de la Selecci\u00f3n y el Aston Villa. El Dibu figura como candidato al premio Lev Yashin al mejor arquero, pero no parece tener muchas chances ya que en el listado al Bal\u00f3n de Oro s\u00ed aparece Gianluigi Donnarumma, guardavallas del PSG y \u00fanico portero de la n\u00f3mina de 30.\u00a0<\/p>\n<p>Entre los grandes candidatos a quedarse con el premio est\u00e1n el franc\u00e9s Osumane Demb\u00e9l\u00e9, clave esta temporada en la que el Paris Saint-Germain arras\u00f3 en pr\u00e1cticamente todas las competencias, el ingl\u00e9s Cole Palmer, que fue fundamental para que el Chelsea conquiste el Mundial de Clubes, y el espa\u00f1ol Lamine Yamal, quien se proyecta como la gran figura de los pr\u00f3ximos a\u00f1os en el f\u00fatbol, aunque su equipo s\u00f3lo pudo celebrar el t\u00edtulo de la Liga espa\u00f1ola.<\/p>\n<h2>Todos los nominados al Bal\u00f3n de Oro<\/h2>\n<p>&#8211; Achraf Hakimi<\/p>\n<p>&#8211; Pedri<\/p>\n<p>&#8211; Nuno Mendes<\/p>\n<p>&#8211; Serhou Guirassy<\/p>\n<p>&#8211; Alexis Mac Allister<\/p>\n<p>&#8211; Raphinha<\/p>\n<p>&#8211; Viktor Gy\u00f6keres<\/p>\n<p>&#8211; D\u00e9sir\u00e9 Dou\u00e9<\/p>\n<p>&#8211; Denzel Dumfries<\/p>\n<p>&#8211; Scott McTominay<\/p>\n<p>&#8211; Ousmane Demb\u00e9l\u00e9<\/p>\n<p>&#8211; Erling Haaland<\/p>\n<p>&#8211; Joao Neves<\/p>\n<p>&#8211; Jude Bellingham<\/p>\n<p>&#8211; Robert Lewandowski<\/p>\n<p>&#8211; Mohamed Salah<\/p>\n<p>&#8211; Cole Palmer<\/p>\n<p>&#8211; Fabi\u00e1n Ruiz<\/p>\n<p>&#8211; Vinicius Jr.<\/p>\n<p>&#8211; Declan Rice<\/p>\n<p>&#8211; Vitinha<\/p>\n<p>&#8211; Kylian Mbapp\u00e9<\/p>\n<p>&#8211; Gianluigi Donnarumma<\/p>\n<p>&#8211; Michael Olise<\/p>\n<p>&#8211; Florian Wirtz<\/p>\n<p>&#8211; Lamine Yamal<\/p>\n<p>&#8211; Khvicha Kvaratskhelia<\/p>\n<p>&#8211; Harry Kane<\/p>\n<p>&#8211; Virgil Van Dijk<\/p>\n<p>&#8211; Lautaro Mart\u00ednez<\/p>\n<p><!-- Live Blog Post --><\/div>\n<p><script async src=\"\/\/platform.twitter.com\/widgets.js\" charset=\"utf-8\"><\/script><br \/><a href=\"https:\/\/www.pagina12.com.ar\/847929-alexis-y-lautaro-nominados-al-balon-de-oro\">source<\/a><\/p>\n","protected":false},"excerpt":{"rendered":"<p>Dos integrantes de la Selecci\u00f3n Argentina pugnar\u00e1n por el Bal\u00f3n de Oro al mejor futbolista&#8230;<\/p>\n","protected":false},"author":0,"featured_media":199547,"comment_status":"open","ping_status":"open","sticky":false,"template":"","format":"standard","meta":{"footnotes":""},"categories":[3],"tags":[],"class_list":["post-199546","post","type-post","status-publish","format-standard","has-post-thumbnail","hentry","category-deportes"],"featured_image_urls":{"full":["https:\/\/radiofenix.com.ar\/2023\/wp-content\/uploads\/2025\/08\/wp-header-logo-43.png",960,540,false],"thumbnail":["https:\/\/radiofenix.com.ar\/2023\/wp-content\/uploads\/2025\/08\/wp-header-logo-43-150x150.png",150,150,true],"medium":["https:\/\/radiofenix.com.ar\/2023\/wp-content\/uploads\/2025\/08\/wp-header-logo-43-300x169.png",300,169,true],"medium_large":["https:\/\/radiofenix.com.ar\/2023\/wp-content\/uploads\/2025\/08\/wp-header-logo-43-768x432.png",640,360,true],"large":["https:\/\/radiofenix.com.ar\/2023\/wp-content\/uploads\/2025\/08\/wp-header-logo-43.png",640,360,false],"1536x1536":["https:\/\/radiofenix.com.ar\/2023\/wp-content\/uploads\/2025\/08\/wp-header-logo-43.png",960,540,false],"2048x2048":["https:\/\/radiofenix.com.ar\/2023\/wp-content\/uploads\/2025\/08\/wp-header-logo-43.png",960,540,false],"newsium-slider-full":["https:\/\/radiofenix.com.ar\/2023\/wp-content\/uploads\/2025\/08\/wp-header-logo-43.png",960,540,false],"newsium-featured":["https:\/\/radiofenix.com.ar\/2023\/wp-content\/uploads\/2025\/08\/wp-header-logo-43.png",960,540,false],"newsium-medium":["https:\/\/radiofenix.com.ar\/2023\/wp-content\/uploads\/2025\/08\/wp-header-logo-43-720x475.png",720,475,true]},"author_info":{"info":[""]},"category_info":"<a href=\"https:\/\/radiofenix.com.ar\/2023\/category\/deportes\/\" rel=\"category tag\">Deportes<\/a>","tag_info":"Deportes","comment_count":"0","_links":{"self":[{"href":"https:\/\/radiofenix.com.ar\/2023\/wp-json\/wp\/v2\/posts\/199546","targetHints":{"allow":["GET"]}}],"collection":[{"href":"https:\/\/radiofenix.com.ar\/2023\/wp-json\/wp\/v2\/posts"}],"about":[{"href":"https:\/\/radiofenix.com.ar\/2023\/wp-json\/wp\/v2\/types\/post"}],"replies":[{"embeddable":true,"href":"https:\/\/radiofenix.com.ar\/2023\/wp-json\/wp\/v2\/comments?post=199546"}],"version-history":[{"count":0,"href":"https:\/\/radiofenix.com.ar\/2023\/wp-json\/wp\/v2\/posts\/199546\/revisions"}],"wp:featuredmedia":[{"embeddable":true,"href":"https:\/\/radiofenix.com.ar\/2023\/wp-json\/wp\/v2\/media\/199547"}],"wp:attachment":[{"href":"https:\/\/radiofenix.com.ar\/2023\/wp-json\/wp\/v2\/media?parent=199546"}],"wp:term":[{"taxonomy":"category","embeddable":true,"href":"https:\/\/radiofenix.com.ar\/2023\/wp-json\/wp\/v2\/categories?post=199546"},{"taxonomy":"post_tag","embeddable":true,"href":"https:\/\/radiofenix.com.ar\/2023\/wp-json\/wp\/v2\/tags?post=199546"}],"curies":[{"name":"wp","href":"https:\/\/api.w.org\/{rel}","templated":true}]}}