{"id":199548,"date":"2025-08-08T08:57:18","date_gmt":"2025-08-08T08:57:18","guid":{"rendered":"https:\/\/radiofenix.com.ar\/2023\/trump-y-putin-acuerdan-reunirse-en-los-proximos-dias-sin-revelar-aun-el-lugar\/"},"modified":"2025-08-08T08:57:18","modified_gmt":"2025-08-08T08:57:18","slug":"trump-y-putin-acuerdan-reunirse-en-los-proximos-dias-sin-revelar-aun-el-lugar","status":"publish","type":"post","link":"https:\/\/radiofenix.com.ar\/2023\/trump-y-putin-acuerdan-reunirse-en-los-proximos-dias-sin-revelar-aun-el-lugar\/","title":{"rendered":"Trump y Putin acuerdan reunirse &quot;en los pr\u00f3ximos d\u00edas&quot; sin revelar a\u00fan el lugar"},"content":{"rendered":"<p>El encuentro llega tras el ultim\u00e1tum de Trump para poner fin a la ofensiva militar rusa en Ucrania y el viaje de su enviado de EE.UU. a Mosc\u00fa. El Kremlin a\u00fan no ve condiciones para la participaci\u00f3n de Zelenski.<br \/><a href=\"https:\/\/www.pagina12.com.ar\/848041-trump-y-putin-acuerdan-reunirse-en-los-proximos-dias-sin-rev\">source<\/a><\/p>\n","protected":false},"excerpt":{"rendered":"<p>El encuentro llega tras el ultim\u00e1tum de Trump para poner fin a la ofensiva militar&#8230;<\/p>\n","protected":false},"author":0,"featured_media":199549,"comment_status":"open","ping_status":"open","sticky":false,"template":"","format":"standard","meta":{"footnotes":""},"categories":[60],"tags":[],"class_list":["post-199548","post","type-post","status-publish","format-standard","has-post-thumbnail","hentry","category-internacional"],"featured_image_urls":{"full":["https:\/\/radiofenix.com.ar\/2023\/wp-content\/uploads\/2025\/08\/wp-header-logo-44.png",960,540,false],"thumbnail":["https:\/\/radiofenix.com.ar\/2023\/wp-content\/uploads\/2025\/08\/wp-header-logo-44-150x150.png",150,150,true],"medium":["https:\/\/radiofenix.com.ar\/2023\/wp-content\/uploads\/2025\/08\/wp-header-logo-44-300x169.png",300,169,true],"medium_large":["https:\/\/radiofenix.com.ar\/2023\/wp-content\/uploads\/2025\/08\/wp-header-logo-44-768x432.png",640,360,true],"large":["https:\/\/radiofenix.com.ar\/2023\/wp-content\/uploads\/2025\/08\/wp-header-logo-44.png",640,360,false],"1536x1536":["https:\/\/radiofenix.com.ar\/2023\/wp-content\/uploads\/2025\/08\/wp-header-logo-44.png",960,540,false],"2048x2048":["https:\/\/radiofenix.com.ar\/2023\/wp-content\/uploads\/2025\/08\/wp-header-logo-44.png",960,540,false],"newsium-slider-full":["https:\/\/radiofenix.com.ar\/2023\/wp-content\/uploads\/2025\/08\/wp-header-logo-44.png",960,540,false],"newsium-featured":["https:\/\/radiofenix.com.ar\/2023\/wp-content\/uploads\/2025\/08\/wp-header-logo-44.png",960,540,false],"newsium-medium":["https:\/\/radiofenix.com.ar\/2023\/wp-content\/uploads\/2025\/08\/wp-header-logo-44-720x475.png",720,475,true]},"author_info":{"info":[""]},"category_info":"<a href=\"https:\/\/radiofenix.com.ar\/2023\/category\/internacional\/\" rel=\"category tag\">Internacional<\/a>","tag_info":"Internacional","comment_count":"0","_links":{"self":[{"href":"https:\/\/radiofenix.com.ar\/2023\/wp-json\/wp\/v2\/posts\/199548","targetHints":{"allow":["GET"]}}],"collection":[{"href":"https:\/\/radiofenix.com.ar\/2023\/wp-json\/wp\/v2\/posts"}],"about":[{"href":"https:\/\/radiofenix.com.ar\/2023\/wp-json\/wp\/v2\/types\/post"}],"replies":[{"embeddable":true,"href":"https:\/\/radiofenix.com.ar\/2023\/wp-json\/wp\/v2\/comments?post=199548"}],"version-history":[{"count":0,"href":"https:\/\/radiofenix.com.ar\/2023\/wp-json\/wp\/v2\/posts\/199548\/revisions"}],"wp:featuredmedia":[{"embeddable":true,"href":"https:\/\/radiofenix.com.ar\/2023\/wp-json\/wp\/v2\/media\/199549"}],"wp:attachment":[{"href":"https:\/\/radiofenix.com.ar\/2023\/wp-json\/wp\/v2\/media?parent=199548"}],"wp:term":[{"taxonomy":"category","embeddable":true,"href":"https:\/\/radiofenix.com.ar\/2023\/wp-json\/wp\/v2\/categories?post=199548"},{"taxonomy":"post_tag","embeddable":true,"href":"https:\/\/radiofenix.com.ar\/2023\/wp-json\/wp\/v2\/tags?post=199548"}],"curies":[{"name":"wp","href":"https:\/\/api.w.org\/{rel}","templated":true}]}}