{"id":199550,"date":"2025-08-08T08:57:19","date_gmt":"2025-08-08T08:57:19","guid":{"rendered":"https:\/\/radiofenix.com.ar\/2023\/comunicado-conjunto-del-pro-y-lla-por-la-alianza-en-caba-las-ideas-de-la-libertad-nos-unen\/"},"modified":"2025-08-08T08:57:19","modified_gmt":"2025-08-08T08:57:19","slug":"comunicado-conjunto-del-pro-y-lla-por-la-alianza-en-caba-las-ideas-de-la-libertad-nos-unen","status":"publish","type":"post","link":"https:\/\/radiofenix.com.ar\/2023\/comunicado-conjunto-del-pro-y-lla-por-la-alianza-en-caba-las-ideas-de-la-libertad-nos-unen\/","title":{"rendered":"Comunicado conjunto del PRO y LLA por la alianza en CABA: &quot;Las ideas de la libertad nos unen&quot;"},"content":{"rendered":"<div id=\"\">\n<p>\u201cComo el Presidente ha expresado en repetidas ocasiones: defendemos una causa justa y noble, mucho m\u00e1s grande que nosotros mismos, donde las personas son meros instrumentos de esa causa. Este acuerdo es una prueba contundente de ello\u201d, sostuvieron en el comunicado.<\/p>\n<div contenteditable=\"false\" class=\"embed_cont type_imagen\" id=\"8110068-Libre-1826432796_wrap\">\n<p>comunicado pro la libertad avanza <span onclick=\"parent.parent.TinyMCETdcuerpo.preview_embed('8110068-Libre-1826432796')\" class=\"embed_colapse less\" id=\"8110068-Libre-1826432796_colapse\"\/>  <span onclick=\"parent.parent.TinyMCETdcuerpo.delete_embed('8110068-Libre-1826432796')\" class=\"embed_delete less\" id=\"8110068-Libre-1826432796_delete\"\/><\/p>\n<div id=\"8110068-Libre-1826432796_content\" class=\"embed_content\"><img decoding=\"async\" src=\"https:\/\/media.minutouno.com\/p\/8db30f79acb34f7f0e68325f1c7d1856\/adjuntos\/150\/imagenes\/042\/651\/0042651730\/610x0\/smart\/comunicado-pro-la-libertad-avanza.jpg\" alt=\"\" title=\"\" width=\"610\" height=\"undefined\" id=\"8110068-Libre-1826432796_embed\"\/><\/div>\n<\/p><\/div>\n<h2>Mar\u00eda Eugenia Vidal rechaz\u00f3 el acuerdo del PRO con La Libertad Avanza en la Ciudad<\/h2>\n<p>La ex gobernadora de Buenos Aires, <strong>Mar\u00eda Eugenia Vidal<\/strong>, se abri\u00f3 del acuerdo electoral del PRO aunque sin abandonar el espacio. La ahora diputada nacional, cuyo mandato vence en diciembre pr\u00f3ximo, fue muy cr\u00edtica con la alianza.<\/p>\n<p>\u00abNo vale todo por un cargo\u00bb, asegur\u00f3 Vidal luego de que se supiera el PRO ir\u00e1 en alianza con LLA en una boleta que se llamar\u00e1 \u00abAlianza La Libertad Avanza\u00bb, que ser\u00e1 de color violeta, que tendr\u00e1 solo candidatos libertarios en la categor\u00eda a senadores y que apenas aparecer\u00e1n referentes del PRO en los puestos 5 y 6 de la lista de candidatos a Diputados.<\/p>\n<p>Vidal insisti\u00f3 confirm\u00f3 adem\u00e1s que no ser\u00e1 candidata en ninguna fuerza y que tampoco har\u00e1 campa\u00f1a junto al PRO: \u201cNo estoy de acuerdo con ir juntos con La Libertad Avanza\u201d, sostuvo.<\/p>\n<p>En el entorno de la exgobernadora aseguran que ya le hab\u00eda advertido meses atr\u00e1s sobre esta posici\u00f3n al jefe de gobierno porte\u00f1o, Jorge Macri, y al titular del PRO y ex presidente Mauricio Macri.<\/p>\n<p>\u201cSer\u00eda incoherente que sea parte de esa lista\u201d, sigui\u00f3 Vidal, que ya hab\u00eda dejado trascender ciertos cuestionamientos en torno a las consecuencias de la pol\u00edtica fiscal del Gobierno, en gran medida vinculada a una p\u00e9rdida de ingresos reales que afecta sobre todo a los jubilados.<\/p>\n<p>\u00abNo ser\u00eda \u00e9tico que lo haga. No voy a ser candidata ni hacer campa\u00f1a. Pero tampoco salto de un partido a otro en a\u00f1o electoral\u201d, sentenci\u00f3 Vidal.<\/p>\n<div contenteditable=\"false\" class=\"embed_cont type_freetext\" rel=\"freetext\" id=\"embed54_wrap\">\n<p>Embed <span onclick=\"parent.parent.TinyMCETdcuerpo.preview_embed('embed54')\" class=\"embed_colapse less\" id=\"embed54_colapse\"\/>  <span onclick=\"parent.parent.TinyMCETdcuerpo.delete_embed('embed54')\" class=\"embed_delete less\" id=\"embed54_delete\"\/><\/p>\n<div id=\"embed54_content\" class=\"embed_content\">\n<div id=\"embed54_embed\">\n<figure class=\"figure\"><a href=\"https:\/\/t.me\/minutounocom\" target=\"_blank\"><img decoding=\"async\" src=\"https:\/\/media.minutouno.com\/adjuntos\/150\/banners\/039\/099\/0039099175.jpg\" class=\"figure-img img-fluid\" style=\"width:100%;height:auto;\"\/><\/a><\/figure>\n<\/p><\/div>\n<\/div><\/div>\n<\/p><\/div>\n<p><a href=\"https:\/\/www.minutouno.com\/politica\/comunicado-conjunto-del-pro-y-lla-la-alianza-caba-las-ideas-la-libertad-nos-unen-n6175871\">source<\/a><\/p>\n","protected":false},"excerpt":{"rendered":"<p>\u201cComo el Presidente ha expresado en repetidas ocasiones: defendemos una causa justa y noble, mucho&#8230;<\/p>\n","protected":false},"author":0,"featured_media":199551,"comment_status":"open","ping_status":"open","sticky":false,"template":"","format":"standard","meta":{"footnotes":""},"categories":[2],"tags":[],"class_list":["post-199550","post","type-post","status-publish","format-standard","has-post-thumbnail","hentry","category-politica"],"featured_image_urls":{"full":["https:\/\/radiofenix.com.ar\/2023\/wp-content\/uploads\/2025\/08\/wp-header-logo-45.png",610,762,false],"thumbnail":["https:\/\/radiofenix.com.ar\/2023\/wp-content\/uploads\/2025\/08\/wp-header-logo-45-150x150.png",150,150,true],"medium":["https:\/\/radiofenix.com.ar\/2023\/wp-content\/uploads\/2025\/08\/wp-header-logo-45-240x300.png",240,300,true],"medium_large":["https:\/\/radiofenix.com.ar\/2023\/wp-content\/uploads\/2025\/08\/wp-header-logo-45.png",610,762,false],"large":["https:\/\/radiofenix.com.ar\/2023\/wp-content\/uploads\/2025\/08\/wp-header-logo-45.png",610,762,false],"1536x1536":["https:\/\/radiofenix.com.ar\/2023\/wp-content\/uploads\/2025\/08\/wp-header-logo-45.png",610,762,false],"2048x2048":["https:\/\/radiofenix.com.ar\/2023\/wp-content\/uploads\/2025\/08\/wp-header-logo-45.png",610,762,false],"newsium-slider-full":["https:\/\/radiofenix.com.ar\/2023\/wp-content\/uploads\/2025\/08\/wp-header-logo-45.png",610,762,false],"newsium-featured":["https:\/\/radiofenix.com.ar\/2023\/wp-content\/uploads\/2025\/08\/wp-header-logo-45.png",610,762,false],"newsium-medium":["https:\/\/radiofenix.com.ar\/2023\/wp-content\/uploads\/2025\/08\/wp-header-logo-45-610x475.png",610,475,true]},"author_info":{"info":[""]},"category_info":"<a href=\"https:\/\/radiofenix.com.ar\/2023\/category\/politica\/\" rel=\"category tag\">Pol\u00edtica<\/a>","tag_info":"Pol\u00edtica","comment_count":"0","_links":{"self":[{"href":"https:\/\/radiofenix.com.ar\/2023\/wp-json\/wp\/v2\/posts\/199550","targetHints":{"allow":["GET"]}}],"collection":[{"href":"https:\/\/radiofenix.com.ar\/2023\/wp-json\/wp\/v2\/posts"}],"about":[{"href":"https:\/\/radiofenix.com.ar\/2023\/wp-json\/wp\/v2\/types\/post"}],"replies":[{"embeddable":true,"href":"https:\/\/radiofenix.com.ar\/2023\/wp-json\/wp\/v2\/comments?post=199550"}],"version-history":[{"count":0,"href":"https:\/\/radiofenix.com.ar\/2023\/wp-json\/wp\/v2\/posts\/199550\/revisions"}],"wp:featuredmedia":[{"embeddable":true,"href":"https:\/\/radiofenix.com.ar\/2023\/wp-json\/wp\/v2\/media\/199551"}],"wp:attachment":[{"href":"https:\/\/radiofenix.com.ar\/2023\/wp-json\/wp\/v2\/media?parent=199550"}],"wp:term":[{"taxonomy":"category","embeddable":true,"href":"https:\/\/radiofenix.com.ar\/2023\/wp-json\/wp\/v2\/categories?post=199550"},{"taxonomy":"post_tag","embeddable":true,"href":"https:\/\/radiofenix.com.ar\/2023\/wp-json\/wp\/v2\/tags?post=199550"}],"curies":[{"name":"wp","href":"https:\/\/api.w.org\/{rel}","templated":true}]}}