{"id":199666,"date":"2025-08-18T08:58:00","date_gmt":"2025-08-18T08:58:00","guid":{"rendered":"https:\/\/radiofenix.com.ar\/2023\/franja-de-gaza-62-muertos-de-bala-y-11-de-hambre\/"},"modified":"2025-08-18T08:58:00","modified_gmt":"2025-08-18T08:58:00","slug":"franja-de-gaza-62-muertos-de-bala-y-11-de-hambre","status":"publish","type":"post","link":"https:\/\/radiofenix.com.ar\/2023\/franja-de-gaza-62-muertos-de-bala-y-11-de-hambre\/","title":{"rendered":"Franja de Gaza: 62 muertos de bala y 11 de hambre\u00a0"},"content":{"rendered":"<div><!-- Body --><\/p>\n<p><b>Al menos 62 gazat\u00edes murieron el viernes por ataques israel\u00edes en la <a href=\"https:\/\/www.pagina12.com.ar\/849990-mas-de-1-700-gazaties-muertos-mientras-buscaban-ayuda-humani\">Franja de Gaza<\/a><\/b>, entre ellos 26 que fallecieron mientras buscaban ayuda humanitaria, inform\u00f3 este s\u00e1bado el Ministerio de Sanidad del enclave en su balance diario correspondiente al d\u00eda anterior. Adem\u00e1s, 385 heridos ingresaron en los hospitales de Gaza.<\/p>\n<p><b>Once personas m\u00e1s, incluido un ni\u00f1o, fallecieron por hambruna y desnutrici\u00f3n en Gaza<\/b>, lo que eleva a 251 el n\u00famero de muertes por estas circunstancias desde que Israel empez\u00f3 su ofensiva en el enclave palestino en octubre de 2023. De los 251 fallecidos, 108 son ni\u00f1os, seg\u00fan los datos publicados por la cartera de sanidad del enclave. Las muertes por estas causas han aumentado en las \u00faltimas semanas, una crisis que las organizaciones humanitarias atribuyen al bloqueo total impuesto por Israel durante 11 semanas &#8211;entre el 2 de marzo y el 19 de mayo&#8211; que impidi\u00f3 la entrada de alimentos, medicamentos y combustible, y la escasez de la que llega desde entonces.<\/p>\n<p>Los ataques en la Franja se han intensificado desde que el primer ministro israel\u00ed, Benjam\u00edn Netanyahu, present\u00f3 el 8 de agosto su <b><a href=\"https:\/\/www.pagina12.com.ar\/849425-el-ejercito-israeli-aprobo-el-plan-para-una-nueva-ofensiva-e\">plan para ocupar el enclave palestino<\/a><\/b>, con el objetivo de ampliar la ofensiva hacia lo que considera \u00ablos dos \u00faltimos bastiones de Hamas\u00bb: la ciudad de Gaza y los campamentos de refugiados en las costas del centro y sur, zonas a las que Israel ha ordenado en repetidas ocasiones desplazarse a la poblaci\u00f3n.<\/p>\n<p><!-- Live Blog Post --><\/div>\n<p><a href=\"https:\/\/www.pagina12.com.ar\/850136-franja-de-gaza-62-muertos-de-bala-y-11-de-hambre\">source<\/a><\/p>\n","protected":false},"excerpt":{"rendered":"<p>Al menos 62 gazat\u00edes murieron el viernes por ataques israel\u00edes en la Franja de Gaza,&#8230;<\/p>\n","protected":false},"author":0,"featured_media":199667,"comment_status":"open","ping_status":"open","sticky":false,"template":"","format":"standard","meta":{"footnotes":""},"categories":[60],"tags":[],"class_list":["post-199666","post","type-post","status-publish","format-standard","has-post-thumbnail","hentry","category-internacional"],"featured_image_urls":{"full":["https:\/\/radiofenix.com.ar\/2023\/wp-content\/uploads\/2025\/08\/wp-header-logo-103.png",960,540,false],"thumbnail":["https:\/\/radiofenix.com.ar\/2023\/wp-content\/uploads\/2025\/08\/wp-header-logo-103-150x150.png",150,150,true],"medium":["https:\/\/radiofenix.com.ar\/2023\/wp-content\/uploads\/2025\/08\/wp-header-logo-103-300x169.png",300,169,true],"medium_large":["https:\/\/radiofenix.com.ar\/2023\/wp-content\/uploads\/2025\/08\/wp-header-logo-103-768x432.png",640,360,true],"large":["https:\/\/radiofenix.com.ar\/2023\/wp-content\/uploads\/2025\/08\/wp-header-logo-103.png",640,360,false],"1536x1536":["https:\/\/radiofenix.com.ar\/2023\/wp-content\/uploads\/2025\/08\/wp-header-logo-103.png",960,540,false],"2048x2048":["https:\/\/radiofenix.com.ar\/2023\/wp-content\/uploads\/2025\/08\/wp-header-logo-103.png",960,540,false],"newsium-slider-full":["https:\/\/radiofenix.com.ar\/2023\/wp-content\/uploads\/2025\/08\/wp-header-logo-103.png",960,540,false],"newsium-featured":["https:\/\/radiofenix.com.ar\/2023\/wp-content\/uploads\/2025\/08\/wp-header-logo-103.png",960,540,false],"newsium-medium":["https:\/\/radiofenix.com.ar\/2023\/wp-content\/uploads\/2025\/08\/wp-header-logo-103-720x475.png",720,475,true]},"author_info":{"info":[""]},"category_info":"<a href=\"https:\/\/radiofenix.com.ar\/2023\/category\/internacional\/\" rel=\"category tag\">Internacional<\/a>","tag_info":"Internacional","comment_count":"0","_links":{"self":[{"href":"https:\/\/radiofenix.com.ar\/2023\/wp-json\/wp\/v2\/posts\/199666","targetHints":{"allow":["GET"]}}],"collection":[{"href":"https:\/\/radiofenix.com.ar\/2023\/wp-json\/wp\/v2\/posts"}],"about":[{"href":"https:\/\/radiofenix.com.ar\/2023\/wp-json\/wp\/v2\/types\/post"}],"replies":[{"embeddable":true,"href":"https:\/\/radiofenix.com.ar\/2023\/wp-json\/wp\/v2\/comments?post=199666"}],"version-history":[{"count":0,"href":"https:\/\/radiofenix.com.ar\/2023\/wp-json\/wp\/v2\/posts\/199666\/revisions"}],"wp:featuredmedia":[{"embeddable":true,"href":"https:\/\/radiofenix.com.ar\/2023\/wp-json\/wp\/v2\/media\/199667"}],"wp:attachment":[{"href":"https:\/\/radiofenix.com.ar\/2023\/wp-json\/wp\/v2\/media?parent=199666"}],"wp:term":[{"taxonomy":"category","embeddable":true,"href":"https:\/\/radiofenix.com.ar\/2023\/wp-json\/wp\/v2\/categories?post=199666"},{"taxonomy":"post_tag","embeddable":true,"href":"https:\/\/radiofenix.com.ar\/2023\/wp-json\/wp\/v2\/tags?post=199666"}],"curies":[{"name":"wp","href":"https:\/\/api.w.org\/{rel}","templated":true}]}}