{"id":199668,"date":"2025-08-18T08:58:01","date_gmt":"2025-08-18T08:58:01","guid":{"rendered":"https:\/\/radiofenix.com.ar\/2023\/juicio-por-ypf-las-instancias-clave-que-la-argentina-debera-resolver-este-ano\/"},"modified":"2025-08-18T08:58:01","modified_gmt":"2025-08-18T08:58:01","slug":"juicio-por-ypf-las-instancias-clave-que-la-argentina-debera-resolver-este-ano","status":"publish","type":"post","link":"https:\/\/radiofenix.com.ar\/2023\/juicio-por-ypf-las-instancias-clave-que-la-argentina-debera-resolver-este-ano\/","title":{"rendered":"Juicio por YPF: las instancias clave que la Argentina deber\u00e1 resolver este a\u00f1o"},"content":{"rendered":"<div id=\"\">\n<h2>Los pr\u00f3ximos pasos en el juicio por las acciones de YPF<\/h2>\n<p>En lo inmediato, los pr\u00f3ximos pasos en el conflictivo caso corresponden al a\u00f1o en curso: <strong>el 25 de septiembre nuestro deber\u00e1 presentar su primer escrito para defenderse de aquel fallo de primera instancia<\/strong> que en 2023 firm\u00f3 Preska.<\/p>\n<p>La otra fecha clave ser\u00e1 el 27 de octubre, lunes posterior a las elecciones nacionales de medio cuando, cuando se llevar\u00e1 a cabo la audiencia oral en la que <strong>la Argentina tendr\u00e1 que argumentar en contra del fallo que obliga al pa\u00eds a indemnizar con U$S16.100 millones a los accionistas minoritarios<\/strong> al momento de la estatizaci\u00f3n.<\/p>\n<p>Como se sabe, fue durante <strong>la gesti\u00f3n presidencial de Cristina Fern\u00e1ndez de Kirchner que el Congreso aprob\u00f3 la declaraci\u00f3n de utilidad p\u00fablica y sujeto a expropiaci\u00f3n del 51% de las acciones de YPF<\/strong>, con el objetivo de retomar el control de la compa\u00f1\u00eda.<\/p>\n<p>Para entonces, Repsol contaba con el 57% de la empresa, y l<strong>a nacionalizaci\u00f3n termin\u00f3 de confirmarse en 2014, cuando el consejo de la empresa espa\u00f1ola acept\u00f3 la oferta del Gobierno de S$S5.000 millones<\/strong> como indemnizaci\u00f3n por la expropiaci\u00f3n de la petrolera de bandera.<\/p>\n<div contenteditable=\"false\" class=\"embed_cont type_freetext\" rel=\"freetext\" id=\"embed4_wrap\">\n<p> Embed <span onclick=\"parent.parent.TinyMCETdcuerpo.preview_embed('embed4')\" class=\"embed_colapse less\" id=\"embed4_colapse\"\/>  <span onclick=\"parent.parent.TinyMCETdcuerpo.delete_embed('embed4')\" class=\"embed_delete less\" id=\"embed4_delete\"\/><\/p>\n<div id=\"embed4_content\" class=\"embed_content\">\n<div id=\"embed4_embed\">\n<figure class=\"figure\"><a href=\"https:\/\/t.me\/minutounocom\" target=\"_blank\"><img decoding=\"async\" src=\"https:\/\/media.minutouno.com\/adjuntos\/150\/banners\/039\/099\/0039099175.jpg\" class=\"figure-img img-fluid\" style=\"width:100%;height:auto;\"\/><\/a><\/figure>\n<\/p><\/div>\n<\/div><\/div>\n<\/div>\n<p><a href=\"https:\/\/www.minutouno.com\/economia\/juicio-ypf-las-instancias-clave-que-la-argentina-debera-resolver-este-ano-n6179221\">source<\/a><\/p>\n","protected":false},"excerpt":{"rendered":"<p>Los pr\u00f3ximos pasos en el juicio por las acciones de YPF En lo inmediato, los&#8230;<\/p>\n","protected":false},"author":0,"featured_media":199669,"comment_status":"open","ping_status":"open","sticky":false,"template":"","format":"standard","meta":{"footnotes":""},"categories":[2],"tags":[],"class_list":["post-199668","post","type-post","status-publish","format-standard","has-post-thumbnail","hentry","category-politica"],"featured_image_urls":{"full":["https:\/\/radiofenix.com.ar\/2023\/wp-content\/uploads\/2025\/08\/wp-header-logo-104.png",730,100,false],"thumbnail":["https:\/\/radiofenix.com.ar\/2023\/wp-content\/uploads\/2025\/08\/wp-header-logo-104-150x100.png",150,100,true],"medium":["https:\/\/radiofenix.com.ar\/2023\/wp-content\/uploads\/2025\/08\/wp-header-logo-104-300x41.png",300,41,true],"medium_large":["https:\/\/radiofenix.com.ar\/2023\/wp-content\/uploads\/2025\/08\/wp-header-logo-104.png",640,88,false],"large":["https:\/\/radiofenix.com.ar\/2023\/wp-content\/uploads\/2025\/08\/wp-header-logo-104.png",640,88,false],"1536x1536":["https:\/\/radiofenix.com.ar\/2023\/wp-content\/uploads\/2025\/08\/wp-header-logo-104.png",730,100,false],"2048x2048":["https:\/\/radiofenix.com.ar\/2023\/wp-content\/uploads\/2025\/08\/wp-header-logo-104.png",730,100,false],"newsium-slider-full":["https:\/\/radiofenix.com.ar\/2023\/wp-content\/uploads\/2025\/08\/wp-header-logo-104.png",730,100,false],"newsium-featured":["https:\/\/radiofenix.com.ar\/2023\/wp-content\/uploads\/2025\/08\/wp-header-logo-104.png",730,100,false],"newsium-medium":["https:\/\/radiofenix.com.ar\/2023\/wp-content\/uploads\/2025\/08\/wp-header-logo-104-720x100.png",720,100,true]},"author_info":{"info":[""]},"category_info":"<a href=\"https:\/\/radiofenix.com.ar\/2023\/category\/politica\/\" rel=\"category tag\">Pol\u00edtica<\/a>","tag_info":"Pol\u00edtica","comment_count":"0","_links":{"self":[{"href":"https:\/\/radiofenix.com.ar\/2023\/wp-json\/wp\/v2\/posts\/199668","targetHints":{"allow":["GET"]}}],"collection":[{"href":"https:\/\/radiofenix.com.ar\/2023\/wp-json\/wp\/v2\/posts"}],"about":[{"href":"https:\/\/radiofenix.com.ar\/2023\/wp-json\/wp\/v2\/types\/post"}],"replies":[{"embeddable":true,"href":"https:\/\/radiofenix.com.ar\/2023\/wp-json\/wp\/v2\/comments?post=199668"}],"version-history":[{"count":0,"href":"https:\/\/radiofenix.com.ar\/2023\/wp-json\/wp\/v2\/posts\/199668\/revisions"}],"wp:featuredmedia":[{"embeddable":true,"href":"https:\/\/radiofenix.com.ar\/2023\/wp-json\/wp\/v2\/media\/199669"}],"wp:attachment":[{"href":"https:\/\/radiofenix.com.ar\/2023\/wp-json\/wp\/v2\/media?parent=199668"}],"wp:term":[{"taxonomy":"category","embeddable":true,"href":"https:\/\/radiofenix.com.ar\/2023\/wp-json\/wp\/v2\/categories?post=199668"},{"taxonomy":"post_tag","embeddable":true,"href":"https:\/\/radiofenix.com.ar\/2023\/wp-json\/wp\/v2\/tags?post=199668"}],"curies":[{"name":"wp","href":"https:\/\/api.w.org\/{rel}","templated":true}]}}