{"id":199676,"date":"2025-08-19T08:57:22","date_gmt":"2025-08-19T08:57:22","guid":{"rendered":"https:\/\/radiofenix.com.ar\/2023\/la-afa-despidio-a-un-arbitro-por-atentar-contra-los-valores-del-futbol\/"},"modified":"2025-08-19T08:57:22","modified_gmt":"2025-08-19T08:57:22","slug":"la-afa-despidio-a-un-arbitro-por-atentar-contra-los-valores-del-futbol","status":"publish","type":"post","link":"https:\/\/radiofenix.com.ar\/2023\/la-afa-despidio-a-un-arbitro-por-atentar-contra-los-valores-del-futbol\/","title":{"rendered":"La AFA despidi\u00f3 a un \u00e1rbitro por &quot;atentar contra los valores del f\u00fatbol&quot;\u00a0\u00a0"},"content":{"rendered":"<div><!-- Body --><\/p>\n<p>Un hecho tan ins\u00f3lito como grave sacudi\u00f3 al arbitraje argentino durante el \u00faltimo fin de semana. La<b> Asociaci\u00f3n del F\u00fatbol Argentino (AFA) decidi\u00f3 despedir al \u00e1rbitro Sebasti\u00e1n Sol\u00eds<\/b>, quien dirig\u00eda un encuentro de la categor\u00eda Juveniles C entre Roma y Argentino de Rosario, tras protagonizar una conducta considerada inadmisible para su funci\u00f3n.<\/p>\n<p>En un comunicado difundido este lunes, la AFA explic\u00f3 que la decisi\u00f3n se tom\u00f3 por \u00ab<b>haber infligido seriamente su deber de impartir justicia,<\/b> pero principalmente por haber atentado contra los valores del f\u00fatbol, falt\u00e1ndole el respeto a la investidura arbitral, jugadores, cuerpo t\u00e9cnico, espectadores e instituciones participantes del encuentro\u00bb.<\/p>\n<h3\/>\n<p>Al pie del comunicado, se adjunt\u00f3 un video en el que <b>el \u00e1rbitro queda en evidencia con su accionar en el campo de juego<\/b>. Sol\u00eds no solo no sigue las jugadas de cerca como deber\u00eda, sino que en un pasaje del encuentro<b> pareciera sacar un celular de su bolsillo<\/b>. Luego, contin\u00faa movi\u00e9ndose con pasos cortos en el c\u00edrculo central.<\/p>\n<p>Esto gener\u00f3 indignaci\u00f3n en Internet y en el \u00e1mbito dirigencial que no recibi\u00f3 para nada bien estas im\u00e1genes.<\/p>\n<p>Desde el Comit\u00e9 Arbitral consideraron que lo ocurrido es \u00abun hecho lamentable de p\u00fablico conocimiento\u00bb y que no pod\u00eda dejarse pasar, ya que <b>compromete la seriedad y credibilidad del arbitraje en el f\u00fatbol argentino<\/b>, incluso en divisiones formativas.\u00a0<\/p>\n<h3\/>\n<p>Tras esta resoluci\u00f3n, <b>Sebasti\u00e1n Sol\u00eds dejar\u00e1 de ser parte del cuerpo arbitral de la AFA y no volver\u00e1 a dirigir partidos en ninguna de sus competencias. <\/b>La novedad\u00a0sorprendi\u00f3 a todos los fan\u00e1ticos, puesto que se trata de una medida que puede ser \u00abdisciplinadora\u00bb para el futuro cercano de todos los torneos que se juegan en nuestro pa\u00eds.<\/p>\n<p><!-- Live Blog Post --><\/div>\n<p><a href=\"https:\/\/www.pagina12.com.ar\/850614-la-afa-despidio-a-un-arbitro-por-atentar-contra-los-valores-\">source<\/a><\/p>\n","protected":false},"excerpt":{"rendered":"<p>Un hecho tan ins\u00f3lito como grave sacudi\u00f3 al arbitraje argentino durante el \u00faltimo fin de&#8230;<\/p>\n","protected":false},"author":0,"featured_media":199677,"comment_status":"open","ping_status":"open","sticky":false,"template":"","format":"standard","meta":{"footnotes":""},"categories":[3],"tags":[],"class_list":["post-199676","post","type-post","status-publish","format-standard","has-post-thumbnail","hentry","category-deportes"],"featured_image_urls":{"full":["https:\/\/radiofenix.com.ar\/2023\/wp-content\/uploads\/2025\/08\/wp-header-logo-108.png",960,540,false],"thumbnail":["https:\/\/radiofenix.com.ar\/2023\/wp-content\/uploads\/2025\/08\/wp-header-logo-108-150x150.png",150,150,true],"medium":["https:\/\/radiofenix.com.ar\/2023\/wp-content\/uploads\/2025\/08\/wp-header-logo-108-300x169.png",300,169,true],"medium_large":["https:\/\/radiofenix.com.ar\/2023\/wp-content\/uploads\/2025\/08\/wp-header-logo-108-768x432.png",640,360,true],"large":["https:\/\/radiofenix.com.ar\/2023\/wp-content\/uploads\/2025\/08\/wp-header-logo-108.png",640,360,false],"1536x1536":["https:\/\/radiofenix.com.ar\/2023\/wp-content\/uploads\/2025\/08\/wp-header-logo-108.png",960,540,false],"2048x2048":["https:\/\/radiofenix.com.ar\/2023\/wp-content\/uploads\/2025\/08\/wp-header-logo-108.png",960,540,false],"newsium-slider-full":["https:\/\/radiofenix.com.ar\/2023\/wp-content\/uploads\/2025\/08\/wp-header-logo-108.png",960,540,false],"newsium-featured":["https:\/\/radiofenix.com.ar\/2023\/wp-content\/uploads\/2025\/08\/wp-header-logo-108.png",960,540,false],"newsium-medium":["https:\/\/radiofenix.com.ar\/2023\/wp-content\/uploads\/2025\/08\/wp-header-logo-108-720x475.png",720,475,true]},"author_info":{"info":[""]},"category_info":"<a href=\"https:\/\/radiofenix.com.ar\/2023\/category\/deportes\/\" rel=\"category tag\">Deportes<\/a>","tag_info":"Deportes","comment_count":"0","_links":{"self":[{"href":"https:\/\/radiofenix.com.ar\/2023\/wp-json\/wp\/v2\/posts\/199676","targetHints":{"allow":["GET"]}}],"collection":[{"href":"https:\/\/radiofenix.com.ar\/2023\/wp-json\/wp\/v2\/posts"}],"about":[{"href":"https:\/\/radiofenix.com.ar\/2023\/wp-json\/wp\/v2\/types\/post"}],"replies":[{"embeddable":true,"href":"https:\/\/radiofenix.com.ar\/2023\/wp-json\/wp\/v2\/comments?post=199676"}],"version-history":[{"count":0,"href":"https:\/\/radiofenix.com.ar\/2023\/wp-json\/wp\/v2\/posts\/199676\/revisions"}],"wp:featuredmedia":[{"embeddable":true,"href":"https:\/\/radiofenix.com.ar\/2023\/wp-json\/wp\/v2\/media\/199677"}],"wp:attachment":[{"href":"https:\/\/radiofenix.com.ar\/2023\/wp-json\/wp\/v2\/media?parent=199676"}],"wp:term":[{"taxonomy":"category","embeddable":true,"href":"https:\/\/radiofenix.com.ar\/2023\/wp-json\/wp\/v2\/categories?post=199676"},{"taxonomy":"post_tag","embeddable":true,"href":"https:\/\/radiofenix.com.ar\/2023\/wp-json\/wp\/v2\/tags?post=199676"}],"curies":[{"name":"wp","href":"https:\/\/api.w.org\/{rel}","templated":true}]}}