{"id":199678,"date":"2025-08-19T08:57:24","date_gmt":"2025-08-19T08:57:24","guid":{"rendered":"https:\/\/radiofenix.com.ar\/2023\/momento-destituyente-en-bolivia\/"},"modified":"2025-08-19T08:57:24","modified_gmt":"2025-08-19T08:57:24","slug":"momento-destituyente-en-bolivia","status":"publish","type":"post","link":"https:\/\/radiofenix.com.ar\/2023\/momento-destituyente-en-bolivia\/","title":{"rendered":"Momento Destituyente en Bolivia"},"content":{"rendered":"<div><!-- Body --><\/p>\n<p><b>Y pas\u00f3 \u2018cualquier cosa\u2019.<\/b><\/p>\n<p>Lo hab\u00edamos anticipado. Pod\u00eda pasar \u2018cualquier cosa\u2019 porque todo ven\u00eda siendo desconcertante, y adem\u00e1s, se hab\u00edan producido demasiados condicionamientos y vicios democr\u00e1ticos. <\/p>\n<p>Eran elecciones sin reglas claras ni ajustadas a derecho. <\/p>\n<p>A Evo Morales no le dejaron participar. Le proscribieron y le persiguieron judicialmente sin cesar. <\/p>\n<p>El MAS fue arrebatado por un grupo de personas que ya no lo representan. <\/p>\n<p>Andr\u00f3nico subestim\u00f3 a Evo e hizo demasiados gui\u00f1os a un electorado que jam\u00e1s lo iba a votar (cuando nos presentamos como moderados-centrados, siempre perdemos). <\/p>\n<p>El Ejecutivo, con Arce a la cabeza, se empecin\u00f3 en no concentrarse en lo importante (resolver lo econ\u00f3mico) y se dedic\u00f3 a perseguir a Evo y l\u00edderes sociales. <\/p>\n<p>La crisis institucional lleg\u00f3 a su culmen. <\/p>\n<p>Y el ciclo constituyente de hace a\u00f1os se fue apagando hasta entrar en esta \u00faltima etapa destituyente. <\/p>\n<p>La resaca del Golpe de Estado del 2019 se ha hecho notar. <\/p>\n<p>Y bajo este escenario pol\u00edtico, las elecciones tuvieron un resultados \u2018cualquier cosa\u2019. <\/p>\n<p>La participaci\u00f3n, 88%, es parecida a las anteriores citas. Hay que tener en cuenta que el voto en Bolivia es obligatorio. <\/p>\n<p>Cabe resaltar que sumando voto nulo y blanco, se alcanz\u00f3 casi 22 puntos. Muy por encima de lo que ven\u00eda pasando en el pa\u00eds. Creci\u00f3 en un 440% respecto al 2020. <\/p>\n<p>En gran medida ese crecimiento de blancos+nulos, es voto que seguramente habr\u00eda ido a parar a Evo Morales.<\/p>\n<p>Y en relaci\u00f3n a los candidatos, Rodrigo Paz se qued\u00f3 con parte del voto \u2018no s\u00e9 d\u00f3nde ir\u2019. Ten\u00eda un discurso m\u00e1s serio y fresco que el resto, aunque repitiera el libreto neoliberal. Apareci\u00f3 como \u2018nuevo\u2019 entre tanto \u2018vieja pol\u00edtica\u2019. <\/p>\n<p>Esto le hizo ser el m\u00e1s votado, 32%. Y pasar\u00e1 a la segunda vuelta como el favorito porque seguramente los otros candidatos de la derecha que fueron derrotados pedir\u00e1n el apoyo por \u00e9l (Samuel Doria Medina ya lo ha hecho; el tercero en discordia con un 19%). <\/p>\n<p>El segundo en votos es Tuto Quiroga (27%), el eterno perdedor, con propuestas muy obsoletas y con puesta en escena tambi\u00e9n muy obsoleta. Probablemente, no sumar\u00e1 muchos m\u00e1s votos porque lleg\u00f3 a su techo. <\/p>\n<p>Por su parte, Andr\u00f3nico qued\u00f3 muy lejos de pasar a la segunda vuelta (8%). No supo estar a la altura de este momento hist\u00f3rico tan complejo. Es cierto que no lo tuvo f\u00e1cil pero en Pol\u00edtica esto jam\u00e1s puede ser una excusa. Sin el voto de Evo, no llegar\u00eda a ninguna parte. Y as\u00ed fue. <\/p>\n<p>Del resto, poco m\u00e1s que decir salvo que <b>Castillo, el ministro m\u00e1s de derechas del Ejecutivo, obtuvo un p\u00edrrico 3% a pesar de haber usado toda la maquinaria gubernamental a su favor. <\/b><\/p>\n<p>Y en cuanto a la Asamblea Legislativa, diputados y senadores, habr\u00e1 una abrumadora mayor\u00eda alineada con ideas conservadoras y neoliberales. <\/p>\n<p><b>El 19 octubre se viene la segunda vuelta (si es que Tuto Quiroga no se retira antes) sin m\u00e1s pena ni gloria. Ganar\u00e1 Rodrigo Paz, pero deber\u00e1 tener en cuenta que tiene un apoyo circunstancial, y que solo supone el 21% del padr\u00f3n electoral (seg\u00fan dato de esta primera vuelta). <\/b><\/p>\n<p>La derrota electoral para la izquierda es la consecuencia de una derrota pol\u00edtica con muchas aristas. <b>No todo es una cuesti\u00f3n de egos, ni de la dificultad en la sucesi\u00f3n, ni de la relaci\u00f3n entre l\u00edderes hist\u00f3ricos y nuevos que vienen sobrevalorados por ser nuevos, las razones de una derrota pol\u00edtica van mucho m\u00e1s all\u00e1, y habr\u00e1 que analizarlas con responsabilidad y perspectiva, pero sin deseos de hacerse el harakiri. <\/b><\/p>\n<p>Y a partir de ahora, solo falta dilucidar lo que pasar\u00e1 hacia delante, porque Bolivia, el pueblo boliviano, ha demostrado a lo largo de los a\u00f1os y siglos que no acepta por mucho tiempo pol\u00edticas impuestas desde afuera, y mucho menos, si son en contra del Vivir Bien de las mayor\u00edas.\u00a0<\/p>\n<p>* Doctor en Econom\u00eda<\/p>\n<p><!-- Live Blog Post --><\/div>\n<p><a href=\"https:\/\/www.pagina12.com.ar\/850463-momento-destituyente-en-bolivia\">source<\/a><\/p>\n","protected":false},"excerpt":{"rendered":"<p>Y pas\u00f3 \u2018cualquier cosa\u2019. Lo hab\u00edamos anticipado. Pod\u00eda pasar \u2018cualquier cosa\u2019 porque todo ven\u00eda siendo&#8230;<\/p>\n","protected":false},"author":0,"featured_media":199679,"comment_status":"open","ping_status":"open","sticky":false,"template":"","format":"standard","meta":{"footnotes":""},"categories":[60],"tags":[],"class_list":["post-199678","post","type-post","status-publish","format-standard","has-post-thumbnail","hentry","category-internacional"],"featured_image_urls":{"full":["https:\/\/radiofenix.com.ar\/2023\/wp-content\/uploads\/2025\/08\/wp-header-logo-109.png",960,540,false],"thumbnail":["https:\/\/radiofenix.com.ar\/2023\/wp-content\/uploads\/2025\/08\/wp-header-logo-109-150x150.png",150,150,true],"medium":["https:\/\/radiofenix.com.ar\/2023\/wp-content\/uploads\/2025\/08\/wp-header-logo-109-300x169.png",300,169,true],"medium_large":["https:\/\/radiofenix.com.ar\/2023\/wp-content\/uploads\/2025\/08\/wp-header-logo-109-768x432.png",640,360,true],"large":["https:\/\/radiofenix.com.ar\/2023\/wp-content\/uploads\/2025\/08\/wp-header-logo-109.png",640,360,false],"1536x1536":["https:\/\/radiofenix.com.ar\/2023\/wp-content\/uploads\/2025\/08\/wp-header-logo-109.png",960,540,false],"2048x2048":["https:\/\/radiofenix.com.ar\/2023\/wp-content\/uploads\/2025\/08\/wp-header-logo-109.png",960,540,false],"newsium-slider-full":["https:\/\/radiofenix.com.ar\/2023\/wp-content\/uploads\/2025\/08\/wp-header-logo-109.png",960,540,false],"newsium-featured":["https:\/\/radiofenix.com.ar\/2023\/wp-content\/uploads\/2025\/08\/wp-header-logo-109.png",960,540,false],"newsium-medium":["https:\/\/radiofenix.com.ar\/2023\/wp-content\/uploads\/2025\/08\/wp-header-logo-109-720x475.png",720,475,true]},"author_info":{"info":[""]},"category_info":"<a href=\"https:\/\/radiofenix.com.ar\/2023\/category\/internacional\/\" rel=\"category tag\">Internacional<\/a>","tag_info":"Internacional","comment_count":"0","_links":{"self":[{"href":"https:\/\/radiofenix.com.ar\/2023\/wp-json\/wp\/v2\/posts\/199678","targetHints":{"allow":["GET"]}}],"collection":[{"href":"https:\/\/radiofenix.com.ar\/2023\/wp-json\/wp\/v2\/posts"}],"about":[{"href":"https:\/\/radiofenix.com.ar\/2023\/wp-json\/wp\/v2\/types\/post"}],"replies":[{"embeddable":true,"href":"https:\/\/radiofenix.com.ar\/2023\/wp-json\/wp\/v2\/comments?post=199678"}],"version-history":[{"count":0,"href":"https:\/\/radiofenix.com.ar\/2023\/wp-json\/wp\/v2\/posts\/199678\/revisions"}],"wp:featuredmedia":[{"embeddable":true,"href":"https:\/\/radiofenix.com.ar\/2023\/wp-json\/wp\/v2\/media\/199679"}],"wp:attachment":[{"href":"https:\/\/radiofenix.com.ar\/2023\/wp-json\/wp\/v2\/media?parent=199678"}],"wp:term":[{"taxonomy":"category","embeddable":true,"href":"https:\/\/radiofenix.com.ar\/2023\/wp-json\/wp\/v2\/categories?post=199678"},{"taxonomy":"post_tag","embeddable":true,"href":"https:\/\/radiofenix.com.ar\/2023\/wp-json\/wp\/v2\/tags?post=199678"}],"curies":[{"name":"wp","href":"https:\/\/api.w.org\/{rel}","templated":true}]}}