{"id":199680,"date":"2025-08-19T08:57:25","date_gmt":"2025-08-19T08:57:25","guid":{"rendered":"https:\/\/radiofenix.com.ar\/2023\/cierre-de-listas-los-partidos-politicos-ultiman-detalles-para-las-elecciones-legislativas-nacionales\/"},"modified":"2025-08-19T08:57:25","modified_gmt":"2025-08-19T08:57:25","slug":"cierre-de-listas-los-partidos-politicos-ultiman-detalles-para-las-elecciones-legislativas-nacionales","status":"publish","type":"post","link":"https:\/\/radiofenix.com.ar\/2023\/cierre-de-listas-los-partidos-politicos-ultiman-detalles-para-las-elecciones-legislativas-nacionales\/","title":{"rendered":"Cierre de listas: los partidos pol\u00edticos ultiman detalles para las elecciones legislativas nacionales"},"content":{"rendered":"<div id=\"\">\n<p>En tanto, el viernes, tambi\u00e9n anunciaron que <strong>Patricia Bullrich ser\u00e1 la candidata a senadora por la Ciudad de Buenos Aires<\/strong>, dejando otro espacio en el Gabinete de Javier Milei y sumando incertidumbre. En tanto, la ministra ir\u00e1 acompa\u00f1ada por el economista <strong>Agust\u00edn Monteverde, <\/strong>mientras que, <strong>Pilar Ram\u00edrez <\/strong>y <strong>Carlos Torrendell <\/strong>van como candidatos a senadores suplentes.<\/p>\n<p>Los candidatos a diputados en <strong>CABA<\/strong> ser\u00e1n: <strong>Alejandro Fargosi, Patricia Holzman, Nicol\u00e1s Emma, Sabrina Ajmechet (PRO), Fernando De Andreis (PRO) y Antonela Giampieri (PRO)<\/strong>, Andr\u00e9s Leone, Valeria Rodrigues Trimarchi, Fernando Pedrosa, Mar\u00eda Fernanda Araujo, Lautaro Saponaro, Paloma Linik, Juan Manuel Bensusan, Guadalupe Baulos, Roberto Andr\u00e9s Campos, Daiana Bravo Ckacka, Hector Francisco Aguirre, Cristina Liliana Ballesteros, Alberto Arco, Mar\u00eda Vildoza y Arturo Garc\u00eda Rams.<\/p>\n<div contenteditable=\"false\" class=\"embed_cont type_imagen\" id=\"8075114-Libre-634459807_wrap\">\n<p>elecciones legislativas provincia de buenos aires <span onclick=\"parent.parent.TinyMCETdcuerpo.preview_embed('8075114-Libre-634459807')\" class=\"embed_colapse less\" id=\"8075114-Libre-634459807_colapse\"\/>  <span onclick=\"parent.parent.TinyMCETdcuerpo.delete_embed('8075114-Libre-634459807')\" class=\"embed_delete less\" id=\"8075114-Libre-634459807_delete\"\/><\/p>\n<div id=\"8075114-Libre-634459807_content\" class=\"embed_content\"><img loading=\"lazy\" decoding=\"async\" src=\"https:\/\/media.minutouno.com\/p\/b2eab6705607dce46d4e18a9172f3ca4\/adjuntos\/150\/imagenes\/042\/425\/0042425546\/elecciones-legislativas-provincia-buenos-aires.jpg\" alt=\"\" title=\"\" width=\"610\" height=\"457\" id=\"8075114-Libre-634459807_embed\" crossorigin=\"anonymous\"\/><\/div>\n<\/p><\/div>\n<p>Por otro lado,<strong> Jos\u00e9 Luis Espert<\/strong> ser\u00e1 quien encabece la lista de La Libertad Avanza en la provincia de <strong>Buenos Aires<\/strong>, y acompa\u00f1ado por la exvedette <strong>Karen Reichardt<\/strong> y <strong>Diego Santilli<\/strong>, ya alejado del PRO.<\/p>\n<p>En <strong>Entre R\u00edos<\/strong>, y con el apoyo del gobernador <strong>Rogelio Frigerio<\/strong>, la alianza entre La Libertad Avanza llevar\u00e1 como candidatos a <strong>Andr\u00e9s Laumann (LLA), Alicia Fregonese (PRO), Dar\u00edo Schneider (UCR) y Marina Petroff (UCR)<\/strong>.<\/p>\n<p>En <strong>C\u00f3rdoba<\/strong>, ir\u00e1n con <strong data-start=\"121\" data-end=\"137\">Gonzalo Roca<\/strong>, empresario, actual vicepresidente del partido en la provincia y armador junto a <strong data-start=\"335\" data-end=\"356\">Gabriel Bornoroni<\/strong>. La lista violeta se completa con la empresaria <strong data-start=\"536\" data-end=\"553\">Laura Soldano<\/strong> (R\u00edo Cuarto), el abogado <strong data-start=\"579\" data-end=\"596\">Marcos Pati\u00f1o<\/strong> y la diputada nacional <strong data-start=\"620\" data-end=\"647\">Laura Rodr\u00edguez Machado<\/strong> entre los principales postulantes.<\/p>\n<p>\u00abGonzalo es un le\u00f3n que cree firmemente en las ideas de la libertad y en el Congreso ser\u00e1 un fiel soldado del proyecto del presidente Milei\u00bb, destac\u00f3 Bornoroni.<\/p>\n<p data-start=\"456\" data-end=\"876\">En <strong>Santa Fe<\/strong> la boleta estar\u00e1 encabezada por el vicepresidente del partido en la provincia, <strong>Agust\u00edn Pellegrini<\/strong>, junto a <strong>Yamile Tomassoni, Juan Pablo Montenegro, Valentina Ravera, Germ\u00e1n Pugnaloni, Ludmila Radolovich, Mat\u00edas Tomassi, Silvia Nardin y Fabricio Dellasanta. <\/strong><\/p>\n<p data-start=\"456\" data-end=\"876\">En <strong>Formosa,<\/strong> la n\u00f3mina libertaria estar\u00e1 encabezada por el intendente de Las Lomitas,<strong> Atilio Basualdo<\/strong>, y en segundo lugar se ubicar\u00e1<strong> Marion Rodr\u00edguez<\/strong>.<\/p>\n<ul>\n<li> <strong>El peronismo va unido con la alianza Fuerza Patria <\/strong><\/li>\n<\/ul>\n<p>Tras firmar la unidad con el <strong>Frente Patria Grande<\/strong>, encabezado por el dirigente <strong>Juan Grabois<\/strong>, en la Ciudad de Buenos Aires la lista ir\u00e1 encabezada por <strong>Ita\u00ed Hagman <\/strong>como primer candidato a diputado, mientras que <strong>Mariano Recalde<\/strong>, presidente del PJ porte\u00f1o, apunta a renovar su mandato como senador. La segunda de la lista de candidatos a diputados ser\u00e1 <strong>Kelly Olmos, <\/strong><strong>Santiago Roberto<\/strong> y <strong>Luc\u00eda C\u00e1mpora<\/strong>.<\/p>\n<p>En la provincia de <strong>Buenos Aires<\/strong>, el elegido es <strong>Jorge Taiana,<\/strong> que ser\u00e1 quien encabece la n\u00f3mina; seguido por <strong>Jimena L\u00f3pez, Juan Grabois, Vanesa Siley, Sergio Palazzo, Teresa Garc\u00eda, Horacio Pietragalla, Agustina Propato, Hugo Moyano (hijo), Fernanda D\u00edaz, Sebasti\u00e1n Galmarini, Fernanda Mi\u00f1o, Hugo Yasky, Marina Salzman y Nicol\u00e1s Trotta<\/strong>.<\/p>\n<p>En<strong> Chaco<\/strong>, la lista a senadores ser\u00e1 encabezada por el exgobernador <strong>Jorge Capitanich, <\/strong>acompa\u00f1ado por <strong>Magda Ayala<\/strong>; mientras que el intendente de Las Garcitas, <strong>Sergio Dolce<\/strong>, encabezar\u00e1 la de diputados junto con <strong>Julieta Campo<\/strong>, \u00ab<strong>Juanchi\u00bb Garc\u00eda <\/strong>y <strong>Luisina Lita<\/strong>.<\/p>\n<p>En <strong>Entre R\u00edos<\/strong>, Fuerza Patria competir\u00e1 con <strong>Guillermo Michel <\/strong>al frente de su n\u00f3mina.<\/p>\n<p>En<strong> Santa Cruz<\/strong>, el peronismo confirm\u00f3 al sacerdote<strong> Juan Carlos Molina<\/strong> como cabeza de lista para las elecciones legislativas. Molina, que fue titular de la <strong>Sedronar<\/strong> entre 2013 y 2015, fund\u00f3 una organizaci\u00f3n dedicada a contener a ni\u00f1os sin familia o con problemas de adicciones en la Patagonia, el monte chaque\u00f1o y Hait\u00ed. En el \u00faltimo a\u00f1o, se destac\u00f3 como uno de los principales cr\u00edticos del gobernador <strong>Claudio Vidal<\/strong>. <\/p>\n<ul>\n<li> <strong>Frente de Izquierda &#8211; Unidad<\/strong><\/li>\n<\/ul>\n<p>En la Ciudad de Buenos Aires ir\u00e1 como candidata a diputada <strong>Myriam Bregman<\/strong>; mientras que, la lista de senadores ser\u00e1 encabezada por <strong>Christian Castillo. <\/strong>ser\u00e1 quien encabece la lista a senadores por el mismo distrito.<\/p>\n<p>En tal sentido, <strong>Nicol\u00e1s del Ca\u00f1o<\/strong> y<strong> Romina del Pl\u00e1 <\/strong>buscar\u00e1n ser electos en la C\u00e1mara de Diputados por la provincia de Buenos Aires, mientras que <strong>Alejandro Vilca<\/strong> ir\u00e1 por la renovaci\u00f3n de su mandato por Jujuy.<\/p>\n<ul>\n<li> <strong>Provincias Unidas, el espacio de los gobernadores<\/strong><\/li>\n<\/ul>\n<p>Se presenta como una tercera opci\u00f3n y tendr\u00e1 como figura principal al exgobernador de C\u00f3rdoba, <strong>Juan Schiaretti<\/strong>, que ser\u00e1 l\u00edder de la lista de diputados en esa provincia.<\/p>\n<p>Ciudadanos Unidos, la versi\u00f3n porte\u00f1a del frente Provincias Unidas, estar\u00e1 encabezada por <strong>Graciela Oca\u00f1a<\/strong> como candidata a senadora, mientras que <strong>Mart\u00edn Lousteau<\/strong>, l\u00edder de Evoluci\u00f3n, competir\u00e1 por una banca en la C\u00e1mara de Diputados.<\/p>\n<p>Present\u00f3 la lista de diputados que competir\u00e1 en las elecciones legislativas de la Ciudad de Buenos Aires el pr\u00f3ximo 26 de octubre, con <strong>Claudio Lozano <\/strong>a la cabeza, junto a <strong>Eva Koutsovitis, Jonatan Baldiviezo, Nina Brugo<\/strong> y <strong>Pablo Bergel<\/strong> entre los cinco primeros.<\/p>\n<ul>\n<li> <strong>Frente C\u00edvico por Santiago del Estero<\/strong><\/li>\n<\/ul>\n<p>El gobernador Gerardo Zamora ser\u00e1 candidato a senador el pr\u00f3ximo 26 de octubre, con la finalidad de mantener una de las tres bancas en el Senado de la Naci\u00f3n que renueva la provincia.<\/p>\n<p>La lista para la C\u00e1mara Alta se completa con<strong> Elia Esther del Carmen Moreno<\/strong> como segunda candidata titular, mientras que <strong>Cristian Oliva y Graciela Marion <\/strong>figuran como suplentes en la n\u00f3mina presentada ante la Justicia Federal.<\/p>\n<p>El vicegobernador de San Juan, <strong>Fabi\u00e1n Martin<\/strong>, encabezar\u00e1 la lista de candidatos, junto a la ministra de Gobierno, <strong>Laura Palma<\/strong>, y el diputado <strong>Federico Rizzo. <\/strong>En tanto, la diputada <strong>Mar\u00eda de los \u00c1ngeles Moreno<\/strong> se presentar\u00e1 como primera suplente.<\/p>\n<\/p><\/div>\n<p><a href=\"https:\/\/www.minutouno.com\/politica\/cierre-listas-los-partidos-politicos-ultiman-detalles-las-elecciones-legislativas-nacionales-n6179431\">source<\/a><\/p>\n","protected":false},"excerpt":{"rendered":"<p>En tanto, el viernes, tambi\u00e9n anunciaron que Patricia Bullrich ser\u00e1 la candidata a senadora por&#8230;<\/p>\n","protected":false},"author":0,"featured_media":199681,"comment_status":"open","ping_status":"open","sticky":false,"template":"","format":"standard","meta":{"footnotes":""},"categories":[2],"tags":[],"class_list":["post-199680","post","type-post","status-publish","format-standard","has-post-thumbnail","hentry","category-politica"],"featured_image_urls":{"full":["https:\/\/radiofenix.com.ar\/2023\/wp-content\/uploads\/2025\/08\/wp-header-logo-110.png",610,457,false],"thumbnail":["https:\/\/radiofenix.com.ar\/2023\/wp-content\/uploads\/2025\/08\/wp-header-logo-110-150x150.png",150,150,true],"medium":["https:\/\/radiofenix.com.ar\/2023\/wp-content\/uploads\/2025\/08\/wp-header-logo-110-300x225.png",300,225,true],"medium_large":["https:\/\/radiofenix.com.ar\/2023\/wp-content\/uploads\/2025\/08\/wp-header-logo-110.png",610,457,false],"large":["https:\/\/radiofenix.com.ar\/2023\/wp-content\/uploads\/2025\/08\/wp-header-logo-110.png",610,457,false],"1536x1536":["https:\/\/radiofenix.com.ar\/2023\/wp-content\/uploads\/2025\/08\/wp-header-logo-110.png",610,457,false],"2048x2048":["https:\/\/radiofenix.com.ar\/2023\/wp-content\/uploads\/2025\/08\/wp-header-logo-110.png",610,457,false],"newsium-slider-full":["https:\/\/radiofenix.com.ar\/2023\/wp-content\/uploads\/2025\/08\/wp-header-logo-110.png",610,457,false],"newsium-featured":["https:\/\/radiofenix.com.ar\/2023\/wp-content\/uploads\/2025\/08\/wp-header-logo-110.png",610,457,false],"newsium-medium":["https:\/\/radiofenix.com.ar\/2023\/wp-content\/uploads\/2025\/08\/wp-header-logo-110.png",610,457,false]},"author_info":{"info":[""]},"category_info":"<a href=\"https:\/\/radiofenix.com.ar\/2023\/category\/politica\/\" rel=\"category tag\">Pol\u00edtica<\/a>","tag_info":"Pol\u00edtica","comment_count":"0","_links":{"self":[{"href":"https:\/\/radiofenix.com.ar\/2023\/wp-json\/wp\/v2\/posts\/199680","targetHints":{"allow":["GET"]}}],"collection":[{"href":"https:\/\/radiofenix.com.ar\/2023\/wp-json\/wp\/v2\/posts"}],"about":[{"href":"https:\/\/radiofenix.com.ar\/2023\/wp-json\/wp\/v2\/types\/post"}],"replies":[{"embeddable":true,"href":"https:\/\/radiofenix.com.ar\/2023\/wp-json\/wp\/v2\/comments?post=199680"}],"version-history":[{"count":0,"href":"https:\/\/radiofenix.com.ar\/2023\/wp-json\/wp\/v2\/posts\/199680\/revisions"}],"wp:featuredmedia":[{"embeddable":true,"href":"https:\/\/radiofenix.com.ar\/2023\/wp-json\/wp\/v2\/media\/199681"}],"wp:attachment":[{"href":"https:\/\/radiofenix.com.ar\/2023\/wp-json\/wp\/v2\/media?parent=199680"}],"wp:term":[{"taxonomy":"category","embeddable":true,"href":"https:\/\/radiofenix.com.ar\/2023\/wp-json\/wp\/v2\/categories?post=199680"},{"taxonomy":"post_tag","embeddable":true,"href":"https:\/\/radiofenix.com.ar\/2023\/wp-json\/wp\/v2\/tags?post=199680"}],"curies":[{"name":"wp","href":"https:\/\/api.w.org\/{rel}","templated":true}]}}