{"id":199682,"date":"2025-08-19T08:57:27","date_gmt":"2025-08-19T08:57:27","guid":{"rendered":"https:\/\/radiofenix.com.ar\/2023\/lo-que-se-vera-en-el-25-docba\/"},"modified":"2025-08-19T08:57:27","modified_gmt":"2025-08-19T08:57:27","slug":"lo-que-se-vera-en-el-25-docba","status":"publish","type":"post","link":"https:\/\/radiofenix.com.ar\/2023\/lo-que-se-vera-en-el-25-docba\/","title":{"rendered":"Lo que se ver\u00e1 en el 25\u00b0 DocBA"},"content":{"rendered":"<div><!-- Body --><\/p>\n<p>El primer cuarto del siglo XXI est\u00e1 llegando a su fin y coincide con el hecho de que <b>varios festivales de cine en Argentina celebran sus bodas de plata.<\/b> El <b>Bafici <\/b>lo hizo el a\u00f1o pasado y el mes que viene lo har\u00e1 el tradicional <b>Festival de Cine Alem\u00e1n, <\/b>que re\u00fane las producciones m\u00e1s destacadas de cada temporada realizadas con fondos germanos. Y ahora le toca festejar a l<b>a Muestra Internacional de Cine Documental de Buenos Aires,<\/b> el <b>DocBA,<\/b> que cumplir\u00e1 los 25 cuando este <b>martes 19 <\/b>arranquen sus actividades. Su programaci\u00f3n se exhibir\u00e1 <b>hasta el 24 de agosto, en la Sala Lugones del Teatro San Mart\u00edn, Av. Corrientes 1530.<\/b><\/p>\n<p>La acumulaci\u00f3n de estos aniversarios confirma que <b>aquel cambio de siglo fue<\/b> <b>un per\u00edodo vibrante,<\/b> incluso a pesar de las crisis pol\u00edticas y econ\u00f3micas. Pero tambi\u00e9n un espejo para este presente en el que el cine resiste como puede el <b>ataque <\/b>al que lo somete el mismo gobierno nacional que deber\u00eda prohijarlo. Por fortuna, estas iniciativas tienen sus propios custodios que garantizan su existencia. En el caso del DocBA ese lugar lo ocupa su directora y productora general, la documentalista <b>Carmen Guarini.<\/b> Fue ella quien en 2001 junto al tambi\u00e9n cineasta <b>Marcelo C\u00e9spedes, <\/b>fallecido en 2020, pusieron en marcha esta ilusi\u00f3n, hoy convertida en un <b>punto de encuentro vital<\/b> para la exhibici\u00f3n y difusi\u00f3n del cine documental en Argentina.<\/p>\n<div class=\"medium-insert-embeds\">\n<figure>\n<div class=\"medium-insert-embed\">\n<div align=\"center\">\n<figure role=\"group\" class=\"caption caption-drupal-entity\"><figcaption>Cartas a mis padres muertos, de Ignacio Ag\u00fcero.<\/figcaption><\/figure>\n<\/div>\n<\/div><figcaption>\u00a0<\/figcaption><\/figure>\n<p>\u00a0<\/p>\n<\/div>\n<p>\u00a0<\/p>\n<p>Junto a ellos trabajaron en estrecha colaboraci\u00f3n sus directores art\u00edsticos. Primero <b>Luciano Monteagudo, <\/b>que ocup\u00f3 ese rol hasta 2017, y el cr\u00edtico Roger Koza <i>(ver entrevista aparte)<\/i> durante los \u00faltimos ocho a\u00f1os, fueron los encargados de que cada edici\u00f3n contara con una selecci\u00f3n de cortos y largometrajes capaz de ilustrar <b>la riqueza del lenguaje documental contempor\u00e1neo, <\/b>entendiendo al cine como una herramienta para aprender (o reaprender) a conectar con lo real.<\/p>\n<p>Eso es lo que propone el<b> largometraje de apertura,<\/b> <i>Siete paseos con Mark Brown<\/i>, de <b>Vincent Barr\u00e9 y Pierre Creton, <\/b>un recorrido por la costa normanda que es al mismo tiempo un retrato extraordinario del paisaje floral de la regi\u00f3n y una historia de amistad. La pel\u00edcula se exhibe junto al corto<i> Convertirse en piedra<\/i>, del <b>colombiano Jer\u00f3nimo Atehort\u00faa. <\/b>En el otro extremo del programa, el honor de ser la pel\u00edcula de clausura le corresponde a <i>Las muertes de Chantyorinti<\/i>, en la que el cineasta espa\u00f1ol <b>Hermes Paralluelo<\/b> se interna en el Amazonas para registrar la historia de un hombre del <b>pueblo ash\u00e1ninka<\/b> atrapado en la espera de recibir noticias de sus hijos, que dejaron la comunidad para irse a la ciudad. Se proyecta junto al corto <i>Shadowban<\/i>, del argentino <b>Marcelo Cugliari.<\/b><\/p>\n<div class=\"medium-insert-embeds\">\n<figure>\n<div class=\"medium-insert-embed\">\n<div align=\"center\">\n<figure role=\"group\" class=\"caption caption-drupal-entity\"><figcaption>Las muertes de Chantyorinti, de Hermes Paralluelo.<\/figcaption><\/figure>\n<\/div>\n<\/div>\n<\/figure>\n<p>\u00a0<\/p>\n<\/div>\n<p>\u00a0<\/p>\n<p>Como es habitual, el 25\u00b0 DocBA reparte su programaci\u00f3n en distintas<b> secciones, focos y homenajes.<\/b> Entre estos \u00faltimos se destaca el que celebrar\u00e1 la trayectoria del <b>documentalista chileno Ignacio Ag\u00fcero.<\/b> \u201cAg\u00fcero fue cercano a Ra\u00fal Ruiz y ha filmado la sangrienta y canallesca historia de su pa\u00eds, el espacio p\u00fablico y su arquitectura, la ense\u00f1anza del cine y a los cineastas haciendo cine, la interacci\u00f3n de clases, la relaci\u00f3n de la memoria con el cine\u201d, sostiene Koza para referirse al director de pel\u00edculas como <i>Aqu\u00ed se construye (o ya no existe el lugar donde nac\u00ed) <\/i>(2000), <i>El otro d\u00eda <\/i>(2012) y <i>Cartas a mis padres muertos <\/i>(2025), que integran el foco dedicado a su obra. \u201cEn los \u00faltimos a\u00f1os, Ag\u00fcero ha encontrado una forma de retomar algo que le interes\u00f3 a Ruiz y que aquel denomin\u00f3 <b>\u2018cine de indagaci\u00f3n\u2019. <\/b>En \u00e9l es una premisa con la que se acerca al universo dom\u00e9stico, espacio de espacios en el que puede habitar todo: la Historia, los sue\u00f1os, las pesadillas, el asombro por lo c\u00f3smico, <b>el dolor de los despose\u00eddos\u201d,<\/b> afirma el director art\u00edstico.<\/p>\n<p>Este a\u00f1o, el DocBA le dedica una <b>retrospectiva <\/b>a la <b>directora argentina Daniela Seggiaro. <\/b>Nacida en Salta, sus pel\u00edculas proponen acercamientos siempre ricos a los <b>tensos cruces culturales y sociales<\/b> que a\u00fan hoy, a 500 a\u00f1os de la llegada de los europeos a Am\u00e9rica, todav\u00eda se perciben con claridad en su provincia (y en toda la Argentina). Entre los trabajos a exhibirse est\u00e1n su \u00f3pera prima <i>Nosilatiaj. La belleza<\/i> (2012), que es en realidad una ficci\u00f3n (aunque su registro incluye muchos elementos que la emparientan con las formas del documental, <i>Husek<\/i> (2021) y <i>Senda india<\/i> (2023). En todas ellas la directora maneja de manera notable la presencia f\u00edsica de la <b>tensi\u00f3n <\/b>que se produce entre esas dos formas opuestas de ver, entender y de relacionarse con el mundo. En la misma direcci\u00f3n trabaja la secci\u00f3n <b>La trilog\u00eda de George,<\/b> que re\u00fane el tr\u00edptico creado por el cineasta franc\u00e9s Sylvain George, integrado por las pel\u00edculas <i>Noche oscura &#8211; Las hojas silvestres <\/i>(2022), <i>Noche oscura &#8211; Adi\u00f3s aqu\u00ed, adi\u00f3s en cualquier parte<\/i> (2023) y <i>Noche oscura &#8211; \u00bfAcaso soy un ni\u00f1o? <\/i>(2025).<\/p>\n<p>Por su parte, la secci\u00f3n <b>\u00abNosotros y lo real\u00bb<\/b> incluye cuatro largometrajes, todos ellos dirigidos por cineastas argentinos. Dos son \u00f3peras primas. Se trata de <i>Amor descartable<\/i>, de <b>Azul Aizenberg, <\/b>y de <i>Los cruces<\/i>, que tuvo su estreno en el prestigioso FIDMarseille y representa el<b> debut de Juli\u00e1n Galay, <\/b>cineasta radicado en Francia y habitual colaborador de la cineasta<b> Tatiana Maz\u00fa Gonz\u00e1lez.<\/b> Las otras dos corresponden a cineastas m\u00e1s experimentados, como <b>el bonaerense Juan Jos\u00e9 Gorasurreta,<\/b> que presentar\u00e1 su tercera pel\u00edcula, <i>Las presencias<\/i>, y del cordob\u00e9s <b>Santiago Loza,<\/b> que har\u00e1 lo propio con <i>Los d\u00edas chinos<\/i>, suerte de diario de un viaje que el director realiz\u00f3 a China en 2024 y tendr\u00e1 su <b>estreno mundial<\/b> en el DocBA.<\/p>\n<p>\u00a0<\/p>\n<p>Si el grupo anterior nucleaba a las pel\u00edculas nacionales, la secci\u00f3n <b>\u00abSe\u00f1ales del presente\u00bb<\/b> hace lo propio con las <b>producciones extranjeras. <\/b>De ella forman parte <i>El silencio de mis manos<\/i>, del mexicano Manuel Acu\u00f1a; la colombiana <i>Forenses<\/i>, dirigida por Federico Atehort\u00faa; <i>Los fragmentos<\/i>, de la cineasta rusa Masha Chernaya; <i>Recuerdos para el que por m\u00ed pregunte<\/i>, del espa\u00f1ol Fernando Vilchez Rodr\u00edguez; <i>Una sombra oscilante<\/i>, de la chilena Celeste Rojas Mugica; y la tambi\u00e9n espa\u00f1ola <i>Volver a casa tarde<\/i>, dirigida por Celia Viada Caso.<\/p>\n<p>La programaci\u00f3n del 25\u00b0 DocBA incluye adem\u00e1s, a modo de proyecci\u00f3n especial, <b>la \u00faltima pel\u00edcula de Ra\u00fal Perrone,<\/b> considerado uno de los padres del cine independiente argentino. Se trata de <i>Sinfon14 R3mix<\/i>, un <b>homenaje al escritor, dramaturgo y cineasta Edgardo Cozarinsky,<\/b> fallecido en 2024. Y por supuesto, <b>charlas, di\u00e1logos y actividades especiales <\/b>que funcionan como complemento oportuno de los universos que se ver\u00e1n en sus pantallas. Las mismas se llevar\u00e1n a cabo en la <b>sala Mario Soficci de la DAC,\u00a0Vera 559.<\/b><\/p>\n<p><b>*<\/b> <i>Para conocer m\u00e1s acerca de las funciones y horarios, consultar en el <a href=\"https:\/\/docbsas.com\/\" target=\"_blank\"><b>sitio oficial<\/b><\/a>.\u00a0<\/i><\/p>\n<p><!-- Live Blog Post --><\/div>\n<p><a href=\"https:\/\/www.pagina12.com.ar\/850540-lo-que-se-vera-en-el-25-deg-docba\">source<\/a><\/p>\n","protected":false},"excerpt":{"rendered":"<p>El primer cuarto del siglo XXI est\u00e1 llegando a su fin y coincide con el&#8230;<\/p>\n","protected":false},"author":0,"featured_media":199683,"comment_status":"open","ping_status":"open","sticky":false,"template":"","format":"standard","meta":{"footnotes":""},"categories":[4],"tags":[],"class_list":["post-199682","post","type-post","status-publish","format-standard","has-post-thumbnail","hentry","category-espectaculos"],"featured_image_urls":{"full":["https:\/\/radiofenix.com.ar\/2023\/wp-content\/uploads\/2025\/08\/wp-header-logo-111.png",960,540,false],"thumbnail":["https:\/\/radiofenix.com.ar\/2023\/wp-content\/uploads\/2025\/08\/wp-header-logo-111-150x150.png",150,150,true],"medium":["https:\/\/radiofenix.com.ar\/2023\/wp-content\/uploads\/2025\/08\/wp-header-logo-111-300x169.png",300,169,true],"medium_large":["https:\/\/radiofenix.com.ar\/2023\/wp-content\/uploads\/2025\/08\/wp-header-logo-111-768x432.png",640,360,true],"large":["https:\/\/radiofenix.com.ar\/2023\/wp-content\/uploads\/2025\/08\/wp-header-logo-111.png",640,360,false],"1536x1536":["https:\/\/radiofenix.com.ar\/2023\/wp-content\/uploads\/2025\/08\/wp-header-logo-111.png",960,540,false],"2048x2048":["https:\/\/radiofenix.com.ar\/2023\/wp-content\/uploads\/2025\/08\/wp-header-logo-111.png",960,540,false],"newsium-slider-full":["https:\/\/radiofenix.com.ar\/2023\/wp-content\/uploads\/2025\/08\/wp-header-logo-111.png",960,540,false],"newsium-featured":["https:\/\/radiofenix.com.ar\/2023\/wp-content\/uploads\/2025\/08\/wp-header-logo-111.png",960,540,false],"newsium-medium":["https:\/\/radiofenix.com.ar\/2023\/wp-content\/uploads\/2025\/08\/wp-header-logo-111-720x475.png",720,475,true]},"author_info":{"info":[""]},"category_info":"<a href=\"https:\/\/radiofenix.com.ar\/2023\/category\/espectaculos\/\" rel=\"category tag\">Espectaculos<\/a>","tag_info":"Espectaculos","comment_count":"0","_links":{"self":[{"href":"https:\/\/radiofenix.com.ar\/2023\/wp-json\/wp\/v2\/posts\/199682","targetHints":{"allow":["GET"]}}],"collection":[{"href":"https:\/\/radiofenix.com.ar\/2023\/wp-json\/wp\/v2\/posts"}],"about":[{"href":"https:\/\/radiofenix.com.ar\/2023\/wp-json\/wp\/v2\/types\/post"}],"replies":[{"embeddable":true,"href":"https:\/\/radiofenix.com.ar\/2023\/wp-json\/wp\/v2\/comments?post=199682"}],"version-history":[{"count":0,"href":"https:\/\/radiofenix.com.ar\/2023\/wp-json\/wp\/v2\/posts\/199682\/revisions"}],"wp:featuredmedia":[{"embeddable":true,"href":"https:\/\/radiofenix.com.ar\/2023\/wp-json\/wp\/v2\/media\/199683"}],"wp:attachment":[{"href":"https:\/\/radiofenix.com.ar\/2023\/wp-json\/wp\/v2\/media?parent=199682"}],"wp:term":[{"taxonomy":"category","embeddable":true,"href":"https:\/\/radiofenix.com.ar\/2023\/wp-json\/wp\/v2\/categories?post=199682"},{"taxonomy":"post_tag","embeddable":true,"href":"https:\/\/radiofenix.com.ar\/2023\/wp-json\/wp\/v2\/tags?post=199682"}],"curies":[{"name":"wp","href":"https:\/\/api.w.org\/{rel}","templated":true}]}}