{"id":199686,"date":"2025-08-20T08:57:15","date_gmt":"2025-08-20T08:57:15","guid":{"rendered":"https:\/\/radiofenix.com.ar\/2023\/una-madre-extranjera-podra-volver-a-su-pais-con-su-hijo\/"},"modified":"2025-08-20T08:57:15","modified_gmt":"2025-08-20T08:57:15","slug":"una-madre-extranjera-podra-volver-a-su-pais-con-su-hijo","status":"publish","type":"post","link":"https:\/\/radiofenix.com.ar\/2023\/una-madre-extranjera-podra-volver-a-su-pais-con-su-hijo\/","title":{"rendered":"Una madre extranjera podr\u00e1 volver a su pa\u00eds con su hijo"},"content":{"rendered":"<div><!-- Body --><\/p>\n<p><b>La Justicia de C\u00f3rdoba autoriz\u00f3 a una mujer extranjera a regresar a su pa\u00eds natal con su hijo pese a la negativa del padre<\/b> del chico nacido en Argentina, debido a que se comprob\u00f3 que ella sufr\u00eda <b>violencia de g\u00e9nero<\/b>. La decisi\u00f3n tomada por el <b>Juzgado de Familia de 1\u00ba Nominaci\u00f3n<\/b> de la ciudad de C\u00f3rdoba sostiene que la mujer podr\u00e1 volver a Venezuela junto con su hijo.<\/p>\n<p>La jueza Mar\u00eda Bel\u00e9n Mignon<b> <\/b>reconoci\u00f3 diversos episodios de violencia sufridos por la extranjera, quien tambi\u00e9n padec\u00eda un <b>contexto de vulnerabilidad por su condici\u00f3n de migrante<\/b> y sin ning\u00fan tipo de apoyo al estar lejos del resto de su familia.<\/p>\n<p>Desde el embarazo, y a continuaci\u00f3n durante su relaci\u00f3n sentimental hasta la separaci\u00f3n, <b>la v\u00edctima sufri\u00f3 amenazas, da\u00f1os a bienes, intentos de persecuci\u00f3n y restricci\u00f3n de su autonom\u00eda<\/b>. Estos maltratos que figuran en el expediente tambi\u00e9n fueron expuestos en diversos testimonios y organismos que participaron en el caso.<\/p>\n<p>En primer lugar fue la <b>Defensor\u00eda de Familia del 6\u00ba Turno<\/b> quien promovi\u00f3 el planteo judicial, representada por <b>Griselda Ebbio<\/b>, la abogada de la mujer venezolana, quien tom\u00f3 la demanda. Ebbio solicit\u00f3 que su clienta y su hijo obtengan un cambio de centro de vida y <b>viajen a Venezuela para \u00abgarantizar su seguridad y bienestar\u00bb<\/b>.<\/p>\n<h2>Las motivaciones del fallo<\/h2>\n<p>Ante la solicitud, la magistrada Mignon tuvo en cuenta a <b>la perspectiva de g\u00e9nero y la decisi\u00f3n del menor como \u00aborientadores en los procesos que involucran infancias y situaciones de violencia familiar\u00bb<\/b> y determin\u00f3 que ambos pudieran alejarse del agresor.\u00a0<\/p>\n<p>Adem\u00e1s, el veredicto final fue respaldado por el hecho de que <b>en su pa\u00eds de origen la mujer ten\u00eda una red familiar de contenci\u00f3n, vivienda propia y posibilidades de inserci\u00f3n laboral<\/b>, por lo que podr\u00eda mejorar su situaci\u00f3n socioecon\u00f3mica y de bienestar, en l\u00ednea con <b>el derecho del ni\u00f1o a crecer y desarrollarse en un \u00e1mbito afectivo, seguro y sin violencia<\/b>. \u00abEntiendo que autorizar a la progenitora a radicarse en Venezuela junto a su hijo no representa solo un beneficio para ella, sino tambi\u00e9n para \u00e9l\u00bb, indic\u00f3 Mignon en sus fundamentos.<\/p>\n<p>En el proceso judicial tambi\u00e9n intercedieron <b>el Equipo Interdisciplinario del Fuero de Familia y del Cuerpo Auxiliar T\u00e9cnico Multidisciplinario<\/b> (<b>CATEMU<\/b>, que asesora a los jueces del Fuero de Familia de C\u00f3rdoba). Ambos entes coincidieron en sus informes presentados, donde <b>concluyeron que no estaban dadas las condiciones para la revinculaci\u00f3n entre el progenitor y el ni\u00f1o<\/b>, a la vez que ambos documentos se\u00f1alaban a la madre como la principal referencia de contenci\u00f3n, cuidado y afecto.<\/p>\n<p>En el mismo sentido Mignon incluy\u00f3 dentro del fallo que <b>el padre incumpli\u00f3 el r\u00e9gimen de comunicaci\u00f3n con su hijo y que el adulto rechaz\u00f3 las intervenciones orientadas a una revinculaci\u00f3n sana<\/b> entre \u00e9l y el peque\u00f1o. Estos hechos fueron notificados en los escritos y provocaron una advertencia por <b>\u00abindicadores de inestabilidad en su demanda de vinculaci\u00f3n\u00bb<\/b> que la jueza no desoy\u00f3.<\/p>\n<p>De todas formas, como producto de esta determinaci\u00f3n jur\u00eddica final, la madre deber\u00e1 comunicar el nuevo domicilio del ni\u00f1o y estar\u00e1 <b>obligada a informar y actualizar sobre el estado de salud y el recorrido escolar que vivir\u00e1 en Venezuela<\/b>, bas\u00e1ndose en lo establecido por el C\u00f3digo Civil y Comercial de la Naci\u00f3n.<\/p>\n<p><!-- Live Blog Post --><\/div>\n<p><a href=\"https:\/\/www.pagina12.com.ar\/850800-una-madre-extranjera-podra-volver-a-su-pais-con-su-hijo\">source<\/a><\/p>\n","protected":false},"excerpt":{"rendered":"<p>La Justicia de C\u00f3rdoba autoriz\u00f3 a una mujer extranjera a regresar a su pa\u00eds natal&#8230;<\/p>\n","protected":false},"author":0,"featured_media":199687,"comment_status":"open","ping_status":"open","sticky":false,"template":"","format":"standard","meta":{"footnotes":""},"categories":[7],"tags":[],"class_list":["post-199686","post","type-post","status-publish","format-standard","has-post-thumbnail","hentry","category-sociedad"],"featured_image_urls":{"full":["https:\/\/radiofenix.com.ar\/2023\/wp-content\/uploads\/2025\/08\/wp-header-logo-113.png",960,540,false],"thumbnail":["https:\/\/radiofenix.com.ar\/2023\/wp-content\/uploads\/2025\/08\/wp-header-logo-113-150x150.png",150,150,true],"medium":["https:\/\/radiofenix.com.ar\/2023\/wp-content\/uploads\/2025\/08\/wp-header-logo-113-300x169.png",300,169,true],"medium_large":["https:\/\/radiofenix.com.ar\/2023\/wp-content\/uploads\/2025\/08\/wp-header-logo-113-768x432.png",640,360,true],"large":["https:\/\/radiofenix.com.ar\/2023\/wp-content\/uploads\/2025\/08\/wp-header-logo-113.png",640,360,false],"1536x1536":["https:\/\/radiofenix.com.ar\/2023\/wp-content\/uploads\/2025\/08\/wp-header-logo-113.png",960,540,false],"2048x2048":["https:\/\/radiofenix.com.ar\/2023\/wp-content\/uploads\/2025\/08\/wp-header-logo-113.png",960,540,false],"newsium-slider-full":["https:\/\/radiofenix.com.ar\/2023\/wp-content\/uploads\/2025\/08\/wp-header-logo-113.png",960,540,false],"newsium-featured":["https:\/\/radiofenix.com.ar\/2023\/wp-content\/uploads\/2025\/08\/wp-header-logo-113.png",960,540,false],"newsium-medium":["https:\/\/radiofenix.com.ar\/2023\/wp-content\/uploads\/2025\/08\/wp-header-logo-113-720x475.png",720,475,true]},"author_info":{"info":[""]},"category_info":"<a href=\"https:\/\/radiofenix.com.ar\/2023\/category\/sociedad\/\" rel=\"category tag\">Sociedad<\/a>","tag_info":"Sociedad","comment_count":"0","_links":{"self":[{"href":"https:\/\/radiofenix.com.ar\/2023\/wp-json\/wp\/v2\/posts\/199686","targetHints":{"allow":["GET"]}}],"collection":[{"href":"https:\/\/radiofenix.com.ar\/2023\/wp-json\/wp\/v2\/posts"}],"about":[{"href":"https:\/\/radiofenix.com.ar\/2023\/wp-json\/wp\/v2\/types\/post"}],"replies":[{"embeddable":true,"href":"https:\/\/radiofenix.com.ar\/2023\/wp-json\/wp\/v2\/comments?post=199686"}],"version-history":[{"count":0,"href":"https:\/\/radiofenix.com.ar\/2023\/wp-json\/wp\/v2\/posts\/199686\/revisions"}],"wp:featuredmedia":[{"embeddable":true,"href":"https:\/\/radiofenix.com.ar\/2023\/wp-json\/wp\/v2\/media\/199687"}],"wp:attachment":[{"href":"https:\/\/radiofenix.com.ar\/2023\/wp-json\/wp\/v2\/media?parent=199686"}],"wp:term":[{"taxonomy":"category","embeddable":true,"href":"https:\/\/radiofenix.com.ar\/2023\/wp-json\/wp\/v2\/categories?post=199686"},{"taxonomy":"post_tag","embeddable":true,"href":"https:\/\/radiofenix.com.ar\/2023\/wp-json\/wp\/v2\/tags?post=199686"}],"curies":[{"name":"wp","href":"https:\/\/api.w.org\/{rel}","templated":true}]}}