{"id":199690,"date":"2025-08-20T08:57:18","date_gmt":"2025-08-20T08:57:18","guid":{"rendered":"https:\/\/radiofenix.com.ar\/2023\/trump-advirtio-que-no-apoyara-el-ingreso-de-ucrania-a-la-otan\/"},"modified":"2025-08-20T08:57:18","modified_gmt":"2025-08-20T08:57:18","slug":"trump-advirtio-que-no-apoyara-el-ingreso-de-ucrania-a-la-otan","status":"publish","type":"post","link":"https:\/\/radiofenix.com.ar\/2023\/trump-advirtio-que-no-apoyara-el-ingreso-de-ucrania-a-la-otan\/","title":{"rendered":"Trump advirti\u00f3 que no apoyar\u00e1 el ingreso de Ucrania a la OTAN"},"content":{"rendered":"<div><!-- Body --><\/p>\n<p>El presidente estadounidense <b>Donald Trump<\/b> dijo este martes que<b> es \u201cimposible\u201d que Ucrania se quede con Crimea y adem\u00e1s tambi\u00e9n se\u00f1al\u00f3 que no apoyar\u00e1 el ingreso de ese pa\u00eds a la OTAN.<\/b><\/p>\n<p>Las declaraciones del mandatario estadounidense se conocieron luego de que anunciar\u00e1 que empez\u00f3 a organizar una <a href=\"https:\/\/www.pagina12.com.ar\/850637-trump-anuncio-que-prepara-una-cumbre-de-paz-para-ucrania-ent\">cumbre de paz<\/a> entre sus pares ruso y ucraniano, <b>Vladimir Putin y Volodimir Zelenski.<\/b><\/p>\n<p>Durante una entrevista televisiva, Trump asegur\u00f3 que <b>unas de las causas principales del conflicto entre ambos pa\u00edses fue el deseo de Ucrania de recuperar el control de la pen\u00ednsula de Crimea, as\u00ed como de entrar en la Alianza Atl\u00e1ntica.\u00a0<\/b><\/p>\n<p>\u201c<b>Bueno, ambas cosas son imposibles porque mucho antes de Putin, Rusia, la Uni\u00f3n Sovi\u00e9tica o como se quiera llamar, lo prohib\u00edan\u00bb<\/b>, indic\u00f3 el republicano en di\u00e1logo con <i>Fox News<\/i>.\u00a0<\/p>\n<p>\u00abSiempre fue un no, no. No se pod\u00eda, <b>Rusia dijo que no quer\u00eda al supuesto oponente o enemigo, usemos ese t\u00e9rmino, en la frontera. Y ten\u00edan raz\u00f3n<\/b>\u201d, consider\u00f3.<\/p>\n<p>Con respecto a la entrada de Ucrania a la OTAN, Donald Trump se quej\u00f3 de la insistencia de Zelenski para que su pa\u00eds forme parte de la alianza. \u00ab<b>Desde Kiev siguieron insistiendo y pidieron a Estados Unidos la adhesi\u00f3n de Ucrania en la OTAN.<\/b> Y todos sab\u00edan que no se pod\u00eda. Simplemente no se puede hacer eso\u201d, reflexion\u00f3.<\/p>\n<p>\u201c(Los rusos) nunca lo habr\u00edan aceptado. <b>Esto fue antes de Putin. Esto fue mucho antes de Putin. <\/b>Esto fue simplemente un no, no. As\u00ed que <b>ellos no van a ser parte de la OTAN\u201d,<\/b>\u00a0destac\u00f3 el presidente estadounidense.<\/p>\n<p>En ese sentido, se refiri\u00f3 al pedido de algunas \u00abnaciones europeas que insisten en la membres\u00eda de Ucrania en el bloque\u201d y dijo que, a su entender, <b>\u201cPutin est\u00e1 harto (de esa presi\u00f3n)\u00bb.<\/b><\/p>\n<p>En la entrevista de este martes, el mandatario estadounidense tambi\u00e9n dej\u00f3 en claro que <b>no contempla enviar tropas estadounidenses sobre el terreno de Ucrania <\/b>como parte de las garant\u00edas de seguridad de un futuro acuerdo de paz con Rusia.<\/p>\n<p>Poco despu\u00e9s de la entrevista, la portavoz de la Casa Blanca explic\u00f3 que aunque Trump haya dicho \u00abcateg\u00f3ricamente\u00bb que no enviar\u00e1 tropas a Ucrania, <b>\u00absin duda EE.UU. podr\u00e1 ayudar en la coordinaci\u00f3n y quiz\u00e1s proporcionar otras garant\u00edas de seguridad a nuestros aliados europeos\u00bb.<\/b><\/p>\n<p><!-- Live Blog Post --><\/div>\n<p><a href=\"https:\/\/www.pagina12.com.ar\/850783-trump-advirtio-que-no-apoyara-el-ingreso-de-ucrania-a-la-ota\">source<\/a><\/p>\n","protected":false},"excerpt":{"rendered":"<p>El presidente estadounidense Donald Trump dijo este martes que es \u201cimposible\u201d que Ucrania se quede&#8230;<\/p>\n","protected":false},"author":0,"featured_media":199691,"comment_status":"open","ping_status":"open","sticky":false,"template":"","format":"standard","meta":{"footnotes":""},"categories":[60],"tags":[],"class_list":["post-199690","post","type-post","status-publish","format-standard","has-post-thumbnail","hentry","category-internacional"],"featured_image_urls":{"full":["https:\/\/radiofenix.com.ar\/2023\/wp-content\/uploads\/2025\/08\/wp-header-logo-115.png",960,540,false],"thumbnail":["https:\/\/radiofenix.com.ar\/2023\/wp-content\/uploads\/2025\/08\/wp-header-logo-115-150x150.png",150,150,true],"medium":["https:\/\/radiofenix.com.ar\/2023\/wp-content\/uploads\/2025\/08\/wp-header-logo-115-300x169.png",300,169,true],"medium_large":["https:\/\/radiofenix.com.ar\/2023\/wp-content\/uploads\/2025\/08\/wp-header-logo-115-768x432.png",640,360,true],"large":["https:\/\/radiofenix.com.ar\/2023\/wp-content\/uploads\/2025\/08\/wp-header-logo-115.png",640,360,false],"1536x1536":["https:\/\/radiofenix.com.ar\/2023\/wp-content\/uploads\/2025\/08\/wp-header-logo-115.png",960,540,false],"2048x2048":["https:\/\/radiofenix.com.ar\/2023\/wp-content\/uploads\/2025\/08\/wp-header-logo-115.png",960,540,false],"newsium-slider-full":["https:\/\/radiofenix.com.ar\/2023\/wp-content\/uploads\/2025\/08\/wp-header-logo-115.png",960,540,false],"newsium-featured":["https:\/\/radiofenix.com.ar\/2023\/wp-content\/uploads\/2025\/08\/wp-header-logo-115.png",960,540,false],"newsium-medium":["https:\/\/radiofenix.com.ar\/2023\/wp-content\/uploads\/2025\/08\/wp-header-logo-115-720x475.png",720,475,true]},"author_info":{"info":[""]},"category_info":"<a href=\"https:\/\/radiofenix.com.ar\/2023\/category\/internacional\/\" rel=\"category tag\">Internacional<\/a>","tag_info":"Internacional","comment_count":"0","_links":{"self":[{"href":"https:\/\/radiofenix.com.ar\/2023\/wp-json\/wp\/v2\/posts\/199690","targetHints":{"allow":["GET"]}}],"collection":[{"href":"https:\/\/radiofenix.com.ar\/2023\/wp-json\/wp\/v2\/posts"}],"about":[{"href":"https:\/\/radiofenix.com.ar\/2023\/wp-json\/wp\/v2\/types\/post"}],"replies":[{"embeddable":true,"href":"https:\/\/radiofenix.com.ar\/2023\/wp-json\/wp\/v2\/comments?post=199690"}],"version-history":[{"count":0,"href":"https:\/\/radiofenix.com.ar\/2023\/wp-json\/wp\/v2\/posts\/199690\/revisions"}],"wp:featuredmedia":[{"embeddable":true,"href":"https:\/\/radiofenix.com.ar\/2023\/wp-json\/wp\/v2\/media\/199691"}],"wp:attachment":[{"href":"https:\/\/radiofenix.com.ar\/2023\/wp-json\/wp\/v2\/media?parent=199690"}],"wp:term":[{"taxonomy":"category","embeddable":true,"href":"https:\/\/radiofenix.com.ar\/2023\/wp-json\/wp\/v2\/categories?post=199690"},{"taxonomy":"post_tag","embeddable":true,"href":"https:\/\/radiofenix.com.ar\/2023\/wp-json\/wp\/v2\/tags?post=199690"}],"curies":[{"name":"wp","href":"https:\/\/api.w.org\/{rel}","templated":true}]}}