{"id":199700,"date":"2025-08-21T08:57:14","date_gmt":"2025-08-21T08:57:14","guid":{"rendered":"https:\/\/radiofenix.com.ar\/2023\/basquet-la-seleccion-argentina-perdio-con-brasil-antes-de-la-americup\/"},"modified":"2025-08-21T08:57:14","modified_gmt":"2025-08-21T08:57:14","slug":"basquet-la-seleccion-argentina-perdio-con-brasil-antes-de-la-americup","status":"publish","type":"post","link":"https:\/\/radiofenix.com.ar\/2023\/basquet-la-seleccion-argentina-perdio-con-brasil-antes-de-la-americup\/","title":{"rendered":"B\u00e1squet: la Selecci\u00f3n Argentina perdi\u00f3 con Brasil antes de la AmeriCup"},"content":{"rendered":"<div><!-- Body --><\/p>\n<p><b>La Selecci\u00f3n Argentina perdi\u00f3 de manera abultada ante Brasil en su debut en la Copa Latina<\/b>, un cuadrangular amistoso disputado en Panam\u00e1 que sirve como \u00faltimo tramo de la preparaci\u00f3n del equipo para la<b> AmeriCup <\/b>que se estar\u00e1 desarrollando en Nicaragua desde el<b> viernes 22 de agosto<\/b>.<\/p>\n<p><b>Fue 89 a 65 para los brasile\u00f1os <\/b>este lunes por la noche en un duelo correspondiente a la segunda fecha del certamen, pero que ofici\u00f3 de debut para ambos dado que la primera jornada tuvo que suspenderse por inconvenientes en la <b>cancha \u00abmojada\u00bb del Arena Roberto Dur\u00e1n<\/b>, donde no se pudo contrarrestar la tremenda humedad que azota al pa\u00eds centroamericano.<\/p>\n<div class=\"iframely-embed medium-embedded-content\" data-html=\"Jmx0O2RpdiZndDsmbHQ7ZGl2IHN0eWxlPSJsZWZ0OiAwOyB3aWR0aDogMTAwJTsgaGVpZ2h0OiAwOyBwb3NpdGlvbjogcmVsYXRpdmU7IHBhZGRpbmctYm90dG9tOiA1Ny41JTsiJmd0OyZsdDtpZnJhbWUgc3JjPSJodHRwczovL2lmcmFtZWx5LnBhZ2luYTEyLmNvbS5hci9hcGkvaWZyYW1lP2NsaWNrX3RvX3BsYXk9MSZhbXA7dXJsPWh0dHBzJTNBJTJGJTJGZ2VvLmRhaWx5bW90aW9uLmNvbSUyRnBsYXllciUyRnh0NWVlLmh0bWwlM0Z2aWRlbyUzRHg5cDR6d2cmYW1wO2tleT00Njc2YjVmZGMwODMyNTdlYTg3ZjcxNjA4Yzc0ZTlmZSIgc3R5bGU9InRvcDogMDsgbGVmdDogMDsgd2lkdGg6IDEwMCU7IGhlaWdodDogMTAwJTsgcG9zaXRpb246IGFic29sdXRlOyBib3JkZXI6IDA7IiBhbGxvd2Z1bGxzY3JlZW4gc2Nyb2xsaW5nPSJubyIgYWxsb3c9ImVuY3J5cHRlZC1tZWRpYSAqOyImZ3Q7Jmx0Oy9pZnJhbWUmZ3Q7Jmx0Oy9kaXYmZ3Q7Jmx0Oy9kaXYmZ3Q7Jmx0O2RpdiBjbGFzcz0ibWVkaXVtLWluc2VydC1lbWJlZHMtbWV0YSImZ3Q7Jmx0O3NjcmlwdCB0eXBlPSJ0ZXh0L2pzb24iJmd0O3sidXJsIjoiaHR0cHM6Ly9nZW8uZGFpbHltb3Rpb24uY29tL3BsYXllci94dDVlZS5odG1sP3ZpZGVvPXg5cDR6d2ciLCJ0eXBlIjoidmlkZW8iLCJ2ZXJzaW9uIjoiMS4wIiwidGl0bGUiOiJCw6FzcXVldDogbGEgU2VsZWNjacOzbiBBcmdlbnRpbmEgcGVyZGnDsyBjb24gQnJhc2lsIGFudGVzIGRlIGxhIEFtZXJpQ3VwIiwiYXV0aG9yIjoiUMOhZ2luYTEyIiwiYXV0aG9yX3VybCI6Imh0dHBzOi8vd3d3LmRhaWx5bW90aW9uLmNvbS9QYWdpbmExMiIsInByb3ZpZGVyX25hbWUiOiJEYWlseW1vdGlvbiIsImRlc2NyaXB0aW9uIjoiVmVyIELDoXNxdWV0OiBsYSBTZWxlY2Npw7NuIEFyZ2VudGluYSBwZXJkacOzIGNvbiBCcmFzaWwgYW50ZXMgZGUgbGEgQW1lcmlDdXAgLSBQw6FnaW5hMTIgZW4gRGFpbHltb3Rpb24iLCJ0aHVtYm5haWxfdXJsIjoiaHR0cHM6Ly9zMi5kbWNkbi5uZXQvdi9ZejBsMDFlZlRiTFR3RlpENS94NzIwIiwidGh1bWJuYWlsX3dpZHRoIjoxMjQ4LCJ0aHVtYm5haWxfaGVpZ2h0Ijo3MjAsImNhY2hlX2FnZSI6ODY0MDB9Jmx0Oy9zY3JpcHQmZ3Q7Jmx0Oy9kaXYmZ3Q7\">\n                <a data-iframely-url=\"\" href=\"https:\/\/geo.dailymotion.com\/player\/xt5ee.html?video=x9p4zwg\">https:\/\/geo.dailymotion.com\/player\/xt5ee.html?video=x9p4zwg<\/a>\n              <\/div>\n<p>Finalmente, los partidos tuvieron que mudarse de escenario y fue en el COS Sports Plaza que <b>la Selecci\u00f3n padeci\u00f3 el estilo de un rival m\u00e1s f\u00edsico<\/b>, cosa que se fue repitiendo durante toda la preparaci\u00f3n (este fue el s\u00e9ptimo amistoso del equipo de Pablo Prigioni), pero se mantuvo a tiro al menos hasta el final del tercer cuarto, cuando ca\u00eda por 10 puntos (52-62). En el \u00faltimo parcial, fue todo de Brasil.<\/p>\n<p>El goleador del equipo fue <b>Alex Negrete con una planilla un tanto curiosa de 21 puntos<\/b> (8\/10 en dobles, 0\/2 en triples y 5\/7 en libres), pero sin rebotes ni asistencias ni robos ni tapones. Lo secund\u00f3 <b>Gonzalo Corbal\u00e1n<\/b>, con 11 puntos, 4 rebotes y una asistencia seg\u00fan report\u00f3 el sitio especializado B\u00e1squetPlus.<\/p>\n<p>La Argentina tuvo <b>muy mala punter\u00eda durante toda la noche<\/b> y cerr\u00f3 el encuentro con una marca de 4 triples convertidos en 22 intentos (18% de efectividad). Uno de los que m\u00e1s sufri\u00f3 la jornada fue el base <b>Pepe Vildoza<\/b>, que termin\u00f3 con 5 puntos, 3 asistencias y 0\/6 en triples.<\/p>\n<p><b>El equipo de Prigioni cerrar\u00e1 su preparaci\u00f3n este martes cuando enfrente, desde las 23:30, a Panam\u00e1<\/b>. Vale recordar que la Selecci\u00f3n viene de realizar una gira por Espa\u00f1a (triunfos ante Portugal, Sud\u00e1n del Sur, Angola en dos ocasiones y derrota con Costa de Marfil) e Italia (ca\u00edda ante los locales). Tras el encuentro,<b> el entrenador deber\u00e1 cortar dos nombres del plantel <\/b>para cerrar en 12 la n\u00f3mina de los que jugar\u00e1n la AmeriCup.<\/p>\n<p>En el certamen continental, <b>comparte el Grupo C con Nicaragua (jugar\u00e1n el viernes 22), Rep\u00fablica Dominicana (domingo 24) y Colombia (lunes 25)<\/b>. Los dos mejores de cada grupo avanzan a cuartos de final junto a dos de los mejores terceros. Las otras zonas tienen a Estados Unidos, Brasil, Uruguay y Bahamas (A) y Panam\u00e1, Venezuela, Canad\u00e1 y Puerto Rico (B).<\/p>\n<p><!-- Live Blog Post --><\/div>\n<p><a href=\"https:\/\/www.pagina12.com.ar\/850728-basquet-la-seleccion-argentina-perdio-con-brasil-antes-de-la\">source<\/a><\/p>\n","protected":false},"excerpt":{"rendered":"<p>La Selecci\u00f3n Argentina perdi\u00f3 de manera abultada ante Brasil en su debut en la Copa&#8230;<\/p>\n","protected":false},"author":0,"featured_media":199701,"comment_status":"open","ping_status":"open","sticky":false,"template":"","format":"standard","meta":{"footnotes":""},"categories":[3],"tags":[],"class_list":["post-199700","post","type-post","status-publish","format-standard","has-post-thumbnail","hentry","category-deportes"],"featured_image_urls":{"full":["https:\/\/radiofenix.com.ar\/2023\/wp-content\/uploads\/2025\/08\/wp-header-logo-120.png",960,540,false],"thumbnail":["https:\/\/radiofenix.com.ar\/2023\/wp-content\/uploads\/2025\/08\/wp-header-logo-120-150x150.png",150,150,true],"medium":["https:\/\/radiofenix.com.ar\/2023\/wp-content\/uploads\/2025\/08\/wp-header-logo-120-300x169.png",300,169,true],"medium_large":["https:\/\/radiofenix.com.ar\/2023\/wp-content\/uploads\/2025\/08\/wp-header-logo-120-768x432.png",640,360,true],"large":["https:\/\/radiofenix.com.ar\/2023\/wp-content\/uploads\/2025\/08\/wp-header-logo-120.png",640,360,false],"1536x1536":["https:\/\/radiofenix.com.ar\/2023\/wp-content\/uploads\/2025\/08\/wp-header-logo-120.png",960,540,false],"2048x2048":["https:\/\/radiofenix.com.ar\/2023\/wp-content\/uploads\/2025\/08\/wp-header-logo-120.png",960,540,false],"newsium-slider-full":["https:\/\/radiofenix.com.ar\/2023\/wp-content\/uploads\/2025\/08\/wp-header-logo-120.png",960,540,false],"newsium-featured":["https:\/\/radiofenix.com.ar\/2023\/wp-content\/uploads\/2025\/08\/wp-header-logo-120.png",960,540,false],"newsium-medium":["https:\/\/radiofenix.com.ar\/2023\/wp-content\/uploads\/2025\/08\/wp-header-logo-120-720x475.png",720,475,true]},"author_info":{"info":[""]},"category_info":"<a href=\"https:\/\/radiofenix.com.ar\/2023\/category\/deportes\/\" rel=\"category tag\">Deportes<\/a>","tag_info":"Deportes","comment_count":"0","_links":{"self":[{"href":"https:\/\/radiofenix.com.ar\/2023\/wp-json\/wp\/v2\/posts\/199700","targetHints":{"allow":["GET"]}}],"collection":[{"href":"https:\/\/radiofenix.com.ar\/2023\/wp-json\/wp\/v2\/posts"}],"about":[{"href":"https:\/\/radiofenix.com.ar\/2023\/wp-json\/wp\/v2\/types\/post"}],"replies":[{"embeddable":true,"href":"https:\/\/radiofenix.com.ar\/2023\/wp-json\/wp\/v2\/comments?post=199700"}],"version-history":[{"count":0,"href":"https:\/\/radiofenix.com.ar\/2023\/wp-json\/wp\/v2\/posts\/199700\/revisions"}],"wp:featuredmedia":[{"embeddable":true,"href":"https:\/\/radiofenix.com.ar\/2023\/wp-json\/wp\/v2\/media\/199701"}],"wp:attachment":[{"href":"https:\/\/radiofenix.com.ar\/2023\/wp-json\/wp\/v2\/media?parent=199700"}],"wp:term":[{"taxonomy":"category","embeddable":true,"href":"https:\/\/radiofenix.com.ar\/2023\/wp-json\/wp\/v2\/categories?post=199700"},{"taxonomy":"post_tag","embeddable":true,"href":"https:\/\/radiofenix.com.ar\/2023\/wp-json\/wp\/v2\/tags?post=199700"}],"curies":[{"name":"wp","href":"https:\/\/api.w.org\/{rel}","templated":true}]}}