{"id":199702,"date":"2025-08-21T08:57:17","date_gmt":"2025-08-21T08:57:17","guid":{"rendered":"https:\/\/radiofenix.com.ar\/2023\/estados-unidos-impone-sanciones-a-jueces-de-la-corte-penal-internacional\/"},"modified":"2025-08-21T08:57:17","modified_gmt":"2025-08-21T08:57:17","slug":"estados-unidos-impone-sanciones-a-jueces-de-la-corte-penal-internacional","status":"publish","type":"post","link":"https:\/\/radiofenix.com.ar\/2023\/estados-unidos-impone-sanciones-a-jueces-de-la-corte-penal-internacional\/","title":{"rendered":"Estados Unidos impone sanciones a jueces de la Corte Penal Internacional"},"content":{"rendered":"<div><!-- Body --><\/p>\n<p><b>Estados Unidos<\/b> impuso este mi\u00e9rcoles <b><a href=\"https:\/\/www.pagina12.com.ar\/802185-estados-unidos-sanciona-a-la-haya\">sanciones <\/a>a cuatro jueces y fiscales de la <a href=\"https:\/\/www.pagina12.com.ar\/840500-la-cpi-emite-ordenes-de-arresto-contra-lideres-talibanes-por\">Corte Penal Internacional<\/a><\/b> (CPI), entre ellos funcionarios de <b>pa\u00edses aliados<\/b> como Francia y Canad\u00e1, en un nuevo <b>intento por frenar al tribunal<\/b>. Las medidas, que afectan a funcionarios <b>involucrados en investigaciones de <a href=\"https:\/\/www.pagina12.com.ar\/849156-netanyahu-dijo-que-permitira-que-los-palestinos-se-vayan-de-\">cr\u00edmenes de guerra<\/a><\/b> tanto de <a href=\"https:\/\/www.pagina12.com.ar\/784469-milei-salio-en-defensa-de-israel-y-repudio-la-orden-de-arres\">Israel <\/a>como de Estados Unidos, incluyen la <b>prohibici\u00f3n de ingreso a territorio estadounidense y el congelamiento de bienes que puedan poseer en el pa\u00eds<\/b>.<\/p>\n<p>As\u00ed lo anunci\u00f3 el secretario de Estado, <b>Marco Rubio<\/b>, quien inform\u00f3 que los sancionados son los jueces <b>Kimberly Prost<\/b>, de Canad\u00e1, y <b>Nicolas Guillou<\/b>, de Francia, junto a los fiscales adjuntos <b>Nazhat Shameem Khan<\/b>, de Fiyi, y <b>Mame Mandiaye Niang<\/b>, de Senegal.\u00a0\u00abEstas personas son extranjeras que participaron directamente en los esfuerzos de la Corte Penal Internacional para investigar, arrestar, detener o procesar a ciudadanos de Estados Unidos o Israel\u00bb, explic\u00f3 el jefe de la diplomacia estadounidense en un comunicado.<\/p>\n<div class=\"iframely-embed medium-embedded-content\" data-html=\"Jmx0O2Jsb2NrcXVvdGUgY2xhc3M9InR3aXR0ZXItdHdlZXQiIGRhdGEtZG50PSJ0cnVlIiBhbGlnbj0iY2VudGVyIiZndDsmbHQ7cCBsYW5nPSJlbiIgZGlyPSJsdHIiJmd0O1RoZSAmbHQ7YSBocmVmPSJodHRwczovL3R3aXR0ZXIuY29tL0ludGxDcmltQ291cnQ\/cmVmX3NyYz10d3NyYyU1RXRmdyImZ3Q7QEludGxDcmltQ291cnQmbHQ7L2EmZ3Q7IGNvbnRpbnVlcyB0byBkaXNyZWdhcmQgbmF0aW9uYWwgc292ZXJlaWdudHkgYW5kIGZhY2lsaXRhdGUgbGF3ZmFyZSB0aHJvdWdoIGVmZm9ydHMgdG8gaW52ZXN0aWdhdGUsIGFycmVzdCwgZGV0YWluLCBhbmQgcHJvc2VjdXRlIEFtZXJpY2FuIGFuZCBJc3JhZWxpIG5hdGlvbmFscy4gSW4gcmVzcG9uc2UsIEkgYW0gc2FuY3Rpb25pbmcgZm91ciBhZGRpdGlvbmFsIElDQyBvZmZpY2lhbHMuIFdlIHdpbGwgY29udGludWUgdG8gaG9sZCBhY2NvdW50YWJsZeKApiZsdDsvcCZndDsmYW1wO21kYXNoOyBTZWNyZXRhcnkgTWFyY28gUnViaW8gKEBTZWNSdWJpbykgJmx0O2EgaHJlZj0iaHR0cHM6Ly90d2l0dGVyLmNvbS9TZWNSdWJpby9zdGF0dXMvMTk1ODE4MTY3NTY3NTg2MTA3ND9yZWZfc3JjPXR3c3JjJTVFdGZ3IiZndDtBdWd1c3QgMjAsIDIwMjUmbHQ7L2EmZ3Q7Jmx0Oy9ibG9ja3F1b3RlJmd0OwombHQ7c2NyaXB0IGFzeW5jIHNyYz0iaHR0cHM6Ly9wbGF0Zm9ybS50d2l0dGVyLmNvbS93aWRnZXRzLmpzIiBjaGFyc2V0PSJ1dGYtOCImZ3Q7Jmx0Oy9zY3JpcHQmZ3Q7CgombHQ7ZGl2IGNsYXNzPSJtZWRpdW0taW5zZXJ0LWVtYmVkcy1tZXRhIiZndDsmbHQ7c2NyaXB0IHR5cGU9InRleHQvanNvbiImZ3Q7eyJ1cmwiOiJodHRwczovL3R3aXR0ZXIuY29tL1NlY1J1YmlvL3N0YXR1cy8xOTU4MTgxNjc1Njc1ODYxMDc0IiwidHlwZSI6InJpY2giLCJ2ZXJzaW9uIjoiMS4wIiwidGl0bGUiOiJTZWNyZXRhcnkgTWFyY28gUnViaW8gb24gVHdpdHRlciAvIFgiLCJhdXRob3IiOiJTZWNyZXRhcnkgTWFyY28gUnViaW8iLCJhdXRob3JfdXJsIjoiaHR0cHM6Ly90d2l0dGVyLmNvbS9TZWNSdWJpbyIsInByb3ZpZGVyX25hbWUiOiJUd2l0dGVyIiwiZGVzY3JpcHRpb24iOiJUaGUgQEludGxDcmltQ291cnQgY29udGludWVzIHRvIGRpc3JlZ2FyZCBuYXRpb25hbCBzb3ZlcmVpZ250eSBhbmQgZmFjaWxpdGF0ZSBsYXdmYXJlIHRocm91Z2ggZWZmb3J0cyB0byBpbnZlc3RpZ2F0ZSwgYXJyZXN0LCBkZXRhaW4sIGFuZCBwcm9zZWN1dGUgQW1lcmljYW4gYW5kIElzcmFlbGkgbmF0aW9uYWxzLiBJbiByZXNwb25zZSwgSSBhbSBzYW5jdGlvbmluZyBmb3VyIGFkZGl0aW9uYWwgSUNDIG9mZmljaWFscy4gV2Ugd2lsbCBjb250aW51ZSB0byBob2xkIGFjY291bnRhYmxl4oCm4oCUIFNlY3JldGFyeSBNYXJjbyBSdWJpbyAoQFNlY1J1YmlvKSBBdWd1c3QgMjAsIDIwMjVcblxuXG4iLCJjYWNoZV9hZ2UiOjg2NDAwLCJvcHRpb25zIjp7Il90aGVtZSI6eyJ2YWx1ZSI6IiIsInZhbHVlcyI6eyJkYXJrIjoiVXNlIGRhcmsgdGhlbWUifX0sIl9tYXh3aWR0aCI6eyJ2YWx1ZSI6IiIsImxhYmVsIjoiQWRqdXN0IHdpZHRoIiwicGxhY2Vob2xkZXIiOiIyMjAtNTUwLCBpbiBweCJ9fX0mbHQ7L3NjcmlwdCZndDsmbHQ7L2RpdiZndDs=\">\n                <a data-iframely-url=\"\" href=\"https:\/\/twitter.com\/SecRubio\/status\/1958181675675861074\">https:\/\/twitter.com\/SecRubio\/status\/1958181675675861074<\/a>\n              <\/div>\n<p>Rubio consider\u00f3 que las sanciones alcanzan a funcionarios que participaron en investigaciones sobre <b>cr\u00edmenes de guerra en Gaza y Afganist\u00e1n, sin consentimiento de Israel ni de Estados Unidos<\/b>, con un accionar que llam\u00f3 \u00abmoralmente en quiebra\u00bb.  \u00abEl tribunal es una <b>amenaza para la seguridad nacional <\/b>que ha sido un <b>instrumento de guerra jur\u00eddica<\/b> contra los Estados Unidos y nuestro <b>cercano aliado<\/b> Israel\u00bb, dijo el secretario de Estado en un comunicado.<\/p>\n<h2>\u00abAcciones ileg\u00edtimas\u00bb<\/h2>\n<p>El Departamento de Estado afirm\u00f3 que estos fiscales fueron sancionados por respaldar lo que consider\u00f3 \u201c<b>acciones ileg\u00edtimas<\/b>\u201d de la CPI contra Israel, incluidas las \u00f3rdenes de arresto contra Netanyahu y Gallant.\u00a0<\/p>\n<p>En un comunicado separado, el Departamento de Estado indic\u00f3 que Prost fue <b>sancionada por haber autorizado una investigaci\u00f3n de la CPI sobre personal estadounidense en Afganist\u00e1n<\/b>, una causa que fue posteriormente archivada. En el caso de Guillou, se le sancion\u00f3 por haber <b>aprobado la emisi\u00f3n de \u00f3rdenes de arresto contra Netanyahu<\/b> y el exministro de Defensa israel\u00ed, <b>Yoav Gallant<\/b>, en relaci\u00f3n con la guerra contra Hamas en Gaza. Por su parte, Khan y Niang fueron sancionados por \u00abapoyar acciones ileg\u00edtimas contra Israel\u00bb as\u00ed como <b>supervisar investigaciones por cr\u00edmenes graves en Kabul y en Sud\u00e1n<\/b>, en los cuales est\u00e1n involucrados ciudadanos estadounidenses.<\/p>\n<div class=\"iframely-embed medium-embedded-content\" data-html=\"Jmx0O2RpdiBjbGFzcz0iaWZyYW1lbHktZW1iZWQiJmd0OyZsdDtkaXYgY2xhc3M9ImlmcmFtZWx5LXJlc3BvbnNpdmUiIHN0eWxlPSJwYWRkaW5nLWJvdHRvbTogNTIuMzMzMyU7IHBhZGRpbmctdG9wOiAxMjBweDsiJmd0OyZsdDthIGhyZWY9Imh0dHBzOi8vd3d3LnN0YXRlLmdvdi9yZWxlYXNlcy9vZmZpY2Utb2YtdGhlLXNwb2tlc3BlcnNvbi8yMDI1LzA4L2ltcG9zaW5nLWZ1cnRoZXItc2FuY3Rpb25zLWluLXJlc3BvbnNlLXRvLXRoZS1pY2NzLW9uZ29pbmctdGhyZWF0LXRvLWFtZXJpY2Fucy1hbmQtaXNyYWVsaXMtMiIgZGF0YS1pZnJhbWVseS11cmw9Imh0dHBzOi8vaWZyYW1lbHkucGFnaW5hMTIuY29tLmFyL2FwaS9pZnJhbWU\/dXJsPWh0dHBzJTNBJTJGJTJGd3d3LnN0YXRlLmdvdiUyRnJlbGVhc2VzJTJGb2ZmaWNlLW9mLXRoZS1zcG9rZXNwZXJzb24lMkYyMDI1JTJGMDglMkZpbXBvc2luZy1mdXJ0aGVyLXNhbmN0aW9ucy1pbi1yZXNwb25zZS10by10aGUtaWNjcy1vbmdvaW5nLXRocmVhdC10by1hbWVyaWNhbnMtYW5kLWlzcmFlbGlzLTIlMkYmYW1wO2tleT00Njc2YjVmZGMwODMyNTdlYTg3ZjcxNjA4Yzc0ZTlmZSImZ3Q7Jmx0Oy9hJmd0OyZsdDsvZGl2Jmd0OyZsdDsvZGl2Jmd0OyZsdDtzY3JpcHQgYXN5bmMgc3JjPSJodHRwczovL2lmcmFtZWx5LnBhZ2luYTEyLmNvbS5hci9lbWJlZC5qcyIgY2hhcnNldD0idXRmLTgiJmd0OyZsdDsvc2NyaXB0Jmd0OyZsdDtkaXYgY2xhc3M9Im1lZGl1bS1pbnNlcnQtZW1iZWRzLW1ldGEiJmd0OyZsdDtzY3JpcHQgdHlwZT0idGV4dC9qc29uIiZndDt7InVybCI6Imh0dHBzOi8vd3d3LnN0YXRlLmdvdi9yZWxlYXNlcy9vZmZpY2Utb2YtdGhlLXNwb2tlc3BlcnNvbi8yMDI1LzA4L2ltcG9zaW5nLWZ1cnRoZXItc2FuY3Rpb25zLWluLXJlc3BvbnNlLXRvLXRoZS1pY2NzLW9uZ29pbmctdGhyZWF0LXRvLWFtZXJpY2Fucy1hbmQtaXNyYWVsaXMtMiIsInR5cGUiOiJyaWNoIiwidmVyc2lvbiI6IjEuMCIsInRpdGxlIjoiSW1wb3NpbmcgRnVydGhlciBTYW5jdGlvbnMgaW4gUmVzcG9uc2UgdG8gdGhlIElDQ+KAmXMgT25nb2luZyBUaHJlYXQgdG8gQW1lcmljYW5zIGFuZCBJc3JhZWxpcyAtIFVuaXRlZCBTdGF0ZXMgRGVwYXJ0bWVudCBvZiBTdGF0ZSIsImF1dGhvciI6IkFubmEgQ29ubm9sbHkiLCJhdXRob3JfdXJsIjoiaHR0cHM6Ly93d3cuc3RhdGUuZ292L2F1dGhvci9jb25ub2xseWFtLyIsInByb3ZpZGVyX25hbWUiOiJVbml0ZWQgU3RhdGVzIERlcGFydG1lbnQgb2YgU3RhdGUiLCJkZXNjcmlwdGlvbiI6IlRvZGF5LCBJIGFtIGRlc2lnbmF0aW5nIEtpbWJlcmx5IFByb3N0IG9mIENhbmFkYSwgTmljb2xhcyBHdWlsbG91IG9mIEZyYW5jZSwgTmF6aGF0IFNoYW1lZW0gS2hhbiBvZiBGaWppIGFuZCBNYW1lIE1hbmRpYXllIE5pYW5nIG9mIFNlbmVnYWwgcHVyc3VhbnQgdG8gUHJlc2lkZW50IFRydW1w4oCZcyBFeGVjdXRpdmUgT3JkZXIgMTQyMDMsIOKAnEltcG9zaW5nIFNhbmN0aW9ucyBvbiB0aGUgSW50ZXJuYXRpb25hbCBDcmltaW5hbCBDb3VydC7igJ0gVGhlc2UgaW5kaXZpZHVhbHMgYXJlIGZvcmVpZ24gcGVyc29ucyB3aG8gZGlyZWN0bHkgZW5nYWdlZCBpbiBlZmZvcnRzIGJ5IHRoZSBJbnRlcm5hdGlvbmFsIENyaW1pbmFsIENvdXJ0IChJQ0MpIHRvIGludmVzdGlnYXRlLCBb4oCmXSIsInRodW1ibmFpbF91cmwiOiJodHRwczovL3d3dy5zdGF0ZS5nb3Yvd3AtY29udGVudC91cGxvYWRzLzIwMjUvMDEvU19TdGF0ZW1lbnQucG5nIiwidGh1bWJuYWlsX3dpZHRoIjoxMjAwLCJ0aHVtYm5haWxfaGVpZ2h0Ijo2MjgsImNhY2hlX2FnZSI6ODY0MDAsIm9wdGlvbnMiOnsiY2FyZCI6eyJ2YWx1ZSI6IiIsInZhbHVlcyI6eyJzbWFsbCI6Ik1ha2UgaXQgYSBzbWFsbCBjYXJkIn19fX0mbHQ7L3NjcmlwdCZndDsmbHQ7L2RpdiZndDs=\">\n                <a data-iframely-url=\"\" href=\"https:\/\/www.state.gov\/releases\/office-of-the-spokesperson\/2025\/08\/imposing-further-sanctions-in-response-to-the-iccs-ongoing-threat-to-americans-and-israelis-2\">https:\/\/www.state.gov\/releases\/office-of-the-spokesperson\/2025\/08\/imposing-further-sanctions-in-response-to-the-iccs-ongoing-threat-to-americans-and-israelis-2<\/a>\n              <\/div>\n<p>La administraci\u00f3n de Donald Trump <b>ya hab\u00eda rechazado de plano la autoridad de la CPI<\/b>, que cuenta con el respaldo de la mayor\u00eda de las democracias europeas y se cre\u00f3 como \u00faltimo recurso ante la falta de justicia en tribunales nacionales. En junio, la Casa Blanca <b>ya hab\u00eda sancionado a otros cuatro jueces del tribunal<\/b>.<\/p>\n<p>Con esta nueva medida, la administraci\u00f3n Trump <b>ampl\u00eda su presi\u00f3n sobre la CPI<\/b>, sumando estas sanciones a las impuestas en febrero contra el fiscal <b>Karim Khan<\/b>. En aquel entonces, Trump <b>firm\u00f3 una orden ejecutiva<\/b> argumentando que la Corte <b>actuaba \u201cileg\u00edtimamente\u201d<\/b> contra Estados Unidos e Israel, y la acus\u00f3 de \u201c<b>abusar de su poder<\/b>\u201d.<\/p>\n<div class=\"iframely-embed medium-embedded-content\" data-html=\"Jmx0O2RpdiBjbGFzcz0iaWZyYW1lbHktZW1iZWQiJmd0OyZsdDtkaXYgY2xhc3M9ImlmcmFtZWx5LXJlc3BvbnNpdmUiIHN0eWxlPSJwYWRkaW5nLWJvdHRvbTogNTIuMzMzMyU7IHBhZGRpbmctdG9wOiAxMjBweDsiJmd0OyZsdDthIGhyZWY9Imh0dHBzOi8vd3d3LndoaXRlaG91c2UuZ292L3ByZXNpZGVudGlhbC1hY3Rpb25zLzIwMjUvMDIvaW1wb3Npbmctc2FuY3Rpb25zLW9uLXRoZS1pbnRlcm5hdGlvbmFsLWNyaW1pbmFsLWNvdXJ0LyIgZGF0YS1pZnJhbWVseS11cmw9Imh0dHBzOi8vaWZyYW1lbHkucGFnaW5hMTIuY29tLmFyL2FwaS9pZnJhbWU\/dXJsPWh0dHBzJTNBJTJGJTJGd3d3LndoaXRlaG91c2UuZ292JTJGcHJlc2lkZW50aWFsLWFjdGlvbnMlMkYyMDI1JTJGMDIlMkZpbXBvc2luZy1zYW5jdGlvbnMtb24tdGhlLWludGVybmF0aW9uYWwtY3JpbWluYWwtY291cnQlMkYmYW1wO2tleT00Njc2YjVmZGMwODMyNTdlYTg3ZjcxNjA4Yzc0ZTlmZSImZ3Q7Jmx0Oy9hJmd0OyZsdDsvZGl2Jmd0OyZsdDsvZGl2Jmd0OyZsdDtzY3JpcHQgYXN5bmMgc3JjPSJodHRwczovL2lmcmFtZWx5LnBhZ2luYTEyLmNvbS5hci9lbWJlZC5qcyIgY2hhcnNldD0idXRmLTgiJmd0OyZsdDsvc2NyaXB0Jmd0OyZsdDtkaXYgY2xhc3M9Im1lZGl1bS1pbnNlcnQtZW1iZWRzLW1ldGEiJmd0OyZsdDtzY3JpcHQgdHlwZT0idGV4dC9qc29uIiZndDt7InVybCI6Imh0dHBzOi8vd3d3LndoaXRlaG91c2UuZ292L3ByZXNpZGVudGlhbC1hY3Rpb25zLzIwMjUvMDIvaW1wb3Npbmctc2FuY3Rpb25zLW9uLXRoZS1pbnRlcm5hdGlvbmFsLWNyaW1pbmFsLWNvdXJ0LyIsInR5cGUiOiJyaWNoIiwidmVyc2lvbiI6IjEuMCIsInRpdGxlIjoiSW1wb3NpbmcgU2FuY3Rpb25zIG9uIHRoZSBJbnRlcm5hdGlvbmFsIENyaW1pbmFsIENvdXJ0IiwicHJvdmlkZXJfbmFtZSI6IlRoZSBXaGl0ZSBIb3VzZSIsImRlc2NyaXB0aW9uIjoiQnkgdGhlIGF1dGhvcml0eSB2ZXN0ZWQgaW4gbWUgYXMgUHJlc2lkZW50IGJ5IHRoZSBDb25zdGl0dXRpb24gYW5kIHRoZSBsYXdzIG9mIHRoZSBVbml0ZWQgU3RhdGVzIG9mIEFtZXJpY2EsIGluY2x1ZGluZyB0aGUgSW50ZXJuYXRpb25hbCBFbWVyZ2VuY3kiLCJ0aHVtYm5haWxfdXJsIjoiaHR0cHM6Ly93d3cud2hpdGVob3VzZS5nb3Yvd3AtY29udGVudC91cGxvYWRzLzIwMjUvMDMvV0g0Ny1QcmVzaWRlbnRpYWwtQWN0aW9ucy1Tb2NpYWwtU2hhcmUtQ2FyZC5qcGciLCJ0aHVtYm5haWxfd2lkdGgiOjEyMDAsInRodW1ibmFpbF9oZWlnaHQiOjYyOCwiY2FjaGVfYWdlIjo4NjQwMCwib3B0aW9ucyI6eyJjYXJkIjp7InZhbHVlIjoiIiwidmFsdWVzIjp7InNtYWxsIjoiTWFrZSBpdCBhIHNtYWxsIGNhcmQifX19fSZsdDsvc2NyaXB0Jmd0OyZsdDsvZGl2Jmd0Ow==\">\n                <a data-iframely-url=\"\" href=\"https:\/\/www.whitehouse.gov\/presidential-actions\/2025\/02\/imposing-sanctions-on-the-international-criminal-court\/\">https:\/\/www.whitehouse.gov\/presidential-actions\/2025\/02\/imposing-sanctions-on-the-international-criminal-court\/<\/a>\n              <\/div>\n<p>Una de sus <b>primeras decisiones tras asumir<\/b> en enero fue <b>restablecer una orden ejecutiva de 2020<\/b> que impone sanciones a funcionarios de la CPI, anulando as\u00ed una medida revocatoria de su antecesor, <b>Joe Biden<\/b>. En 2020, Trump <b>hab\u00eda sancionado a otros funcionarios del tribunal<\/b> cuando se investigaban cr\u00edmenes de guerra en Afganist\u00e1n, que inclu\u00edan a soldados estadounidenses.<\/p>\n<p>Trump ha <b>rechazado en m\u00faltiples ocasiones <\/b>los esfuerzos para exigir una <b>rendici\u00f3n de cuentas<\/b> a Netanyahu, afirmando que est\u00e1n \u00abtratando de meterlo en la c\u00e1rcel\u00bb. En la v\u00edspera de este anuncio, el presidente incluso elogi\u00f3 al primer ministro israel\u00ed, calific\u00e1ndolo de \u00ab<b>h\u00e9roe de guerra<\/b>\u00ab, a pesar de la condena que pesa sobre \u00e9l. \u00abEs un buen hombre. Est\u00e1 ah\u00ed fuera luchando&#8230; Es un h\u00e9roe de guerra, porque trabajamos juntos. <b>Es un h\u00e9roe de guerra. Creo que yo tambi\u00e9n lo soy<\/b>\u00ab, dijo Trump en una entrevista con el presentador de radio conservador <b>Mark Levin<\/b>.<\/p>\n<div class=\"iframely-embed medium-embedded-content\" data-html=\"Jmx0O2Jsb2NrcXVvdGUgY2xhc3M9InR3aXR0ZXItdHdlZXQiIGRhdGEtZG50PSJ0cnVlIiBhbGlnbj0iY2VudGVyIiZndDsmbHQ7cCBsYW5nPSJ1bmQiIGRpcj0ibHRyIiZndDtUaGFuayB5b3UgUHJlc2lkZW50IFRydW1wLiAmbHQ7YnImZ3Q7Jmx0O2JyJmd0O9eq15XXk9eUINec15og15TXoNep15nXkCDXmNeo15DXntekLiAmbHQ7YnImZ3Q7Jmx0O2JyJmd0O\/Cfh67wn4ex8J+HuvCfh7ggJmx0O2EgaHJlZj0iaHR0cHM6Ly90LmNvL3FsNVVrMVVLQ3QiJmd0O3BpYy50d2l0dGVyLmNvbS9xbDVVazFVS0N0Jmx0Oy9hJmd0OyZsdDsvcCZndDsmYW1wO21kYXNoOyBCZW5qYW1pbiBOZXRhbnlhaHUgLSDXkdeg15nXnteZ158g16DXqteg15nXlNeVIChAbmV0YW55YWh1KSAmbHQ7YSBocmVmPSJodHRwczovL3R3aXR0ZXIuY29tL25ldGFueWFodS9zdGF0dXMvMTk1ODE1MDE0NjU4MDk5MjM4OT9yZWZfc3JjPXR3c3JjJTVFdGZ3IiZndDtBdWd1c3QgMjAsIDIwMjUmbHQ7L2EmZ3Q7Jmx0Oy9ibG9ja3F1b3RlJmd0OwombHQ7c2NyaXB0IGFzeW5jIHNyYz0iaHR0cHM6Ly9wbGF0Zm9ybS50d2l0dGVyLmNvbS93aWRnZXRzLmpzIiBjaGFyc2V0PSJ1dGYtOCImZ3Q7Jmx0Oy9zY3JpcHQmZ3Q7CgombHQ7ZGl2IGNsYXNzPSJtZWRpdW0taW5zZXJ0LWVtYmVkcy1tZXRhIiZndDsmbHQ7c2NyaXB0IHR5cGU9InRleHQvanNvbiImZ3Q7eyJ1cmwiOiJodHRwczovL3R3aXR0ZXIuY29tL25ldGFueWFodS9zdGF0dXMvMTk1ODE1MDE0NjU4MDk5MjM4OSIsInR5cGUiOiJyaWNoIiwidmVyc2lvbiI6IjEuMCIsInRpdGxlIjoiQmVuamFtaW4gTmV0YW55YWh1IC0g15HXoNeZ157XmdefINeg16rXoNeZ15TXlSBvbiBUd2l0dGVyIC8gWCIsImF1dGhvciI6IkJlbmphbWluIE5ldGFueWFodSAtINeR16DXmdee15nXnyDXoNeq16DXmdeU15UiLCJhdXRob3JfdXJsIjoiaHR0cHM6Ly90d2l0dGVyLmNvbS9uZXRhbnlhaHUiLCJwcm92aWRlcl9uYW1lIjoiVHdpdHRlciIsImRlc2NyaXB0aW9uIjoiVGhhbmsgeW91IFByZXNpZGVudCBUcnVtcC4g16rXldeT15Qg15zXmiDXlNeg16nXmdeQINeY16jXkNee16QuIPCfh67wn4ex8J+HuvCfh7ggcGljLnR3aXR0ZXIuY29tL3FsNVVrMVVLQ3TigJQgQmVuamFtaW4gTmV0YW55YWh1IC0g15HXoNeZ157XmdefINeg16rXoNeZ15TXlSAoQG5ldGFueWFodSkgQXVndXN0IDIwLCAyMDI1XG5cblxuIiwidGh1bWJuYWlsX3VybCI6Imh0dHBzOi8vcGJzLnR3aW1nLmNvbS9hbXBsaWZ5X3ZpZGVvX3RodW1iLzE5NTgxNDk4OTU4MjAyOTIwOTYvaW1nL2xrdVVDXzNIajhzY3hZVmQuanBnOmxhcmdlIiwidGh1bWJuYWlsX3dpZHRoIjo3NjgsInRodW1ibmFpbF9oZWlnaHQiOjk2MCwiY2FjaGVfYWdlIjo4NjQwMCwib3B0aW9ucyI6eyJfaGlkZV9tZWRpYSI6eyJsYWJlbCI6IkhpZGUgcGhvdG9zLCB2aWRlb3MsIGFuZCBjYXJkcyIsInZhbHVlIjpmYWxzZX0sIl90aGVtZSI6eyJ2YWx1ZSI6IiIsInZhbHVlcyI6eyJkYXJrIjoiVXNlIGRhcmsgdGhlbWUifX0sIl9tYXh3aWR0aCI6eyJ2YWx1ZSI6IiIsImxhYmVsIjoiQWRqdXN0IHdpZHRoIiwicGxhY2Vob2xkZXIiOiIyMjAtNTUwLCBpbiBweCJ9fX0mbHQ7L3NjcmlwdCZndDsmbHQ7L2RpdiZndDs=\">\n                <a data-iframely-url=\"\" href=\"https:\/\/twitter.com\/netanyahu\/status\/1958150146580992389\">https:\/\/twitter.com\/netanyahu\/status\/1958150146580992389<\/a>\n              <\/div>\n<h2>Una \u00abacci\u00f3n decisiva\u00bb<\/h2>\n<p>Israel es uno de los principales impulsores de las sanciones contra la CPI. En noviembre de 2024, la Corte emiti\u00f3 <b>\u00f3rdenes de detenci\u00f3n contra Netanyahu y Gallant por cr\u00edmenes de guerra y lesa humanidad<\/b>, incluyendo el uso del hambre como arma, ataques deliberados contra civiles, asesinatos y persecuci\u00f3n desde octubre de 2023.<\/p>\n<p>Tras el anuncio, <b>Netanyahu celebr\u00f3 la medida<\/b> y felicit\u00f3 al gobierno de Trump. \u201cFelicito al presidente Trump y a Marco Rubio por decidir imponer sanciones a los jueces y fiscales <b>politizados <\/b>de la Corte Penal Internacional\u201d, expres\u00f3 el primer ministro israel\u00ed en un comunicado en el que consider\u00f3 que se trata de \u00abuna acci\u00f3n decisiva contra la <b>campa\u00f1a de difamaci\u00f3n y mentiras<\/b> dirigida contra el Estado de Israel\u00bb.<\/p>\n<div class=\"iframely-embed medium-embedded-content\" data-html=\"Jmx0O2Jsb2NrcXVvdGUgY2xhc3M9InR3aXR0ZXItdHdlZXQiIGRhdGEtZG50PSJ0cnVlIiBhbGlnbj0iY2VudGVyIiZndDsmbHQ7cCBsYW5nPSJlbiIgZGlyPSJsdHIiJmd0O1ByaW1lIE1pbmlzdGVyIEJlbmphbWluIE5ldGFueWFodTombHQ7YnImZ3Q7Jmx0O2JyJmd0O0NvbmdyYXR1bGF0aW9ucyB0byBQcmVzaWRlbnQgJmx0O2EgaHJlZj0iaHR0cHM6Ly90d2l0dGVyLmNvbS9yZWFsRG9uYWxkVHJ1bXA\/cmVmX3NyYz10d3NyYyU1RXRmdyImZ3Q7QHJlYWxEb25hbGRUcnVtcCZsdDsvYSZndDsgYW5kIFNlY3JldGFyeSBvZiBTdGF0ZSBNYXJjbyBSdWJpbyBmb3IgaW1wb3NpbmcgZnVydGhlciBzYW5jdGlvbnMgb24gdGhlIHBvbGl0aWNpemVkICBqdWRnZXMgYW5kIHByb3NlY3V0b3JzIG9mIHRoZSBJQ0MuJmx0Oy9wJmd0OyZhbXA7bWRhc2g7IFByaW1lIE1pbmlzdGVyIG9mIElzcmFlbCAoQElzcmFlbGlQTSkgJmx0O2EgaHJlZj0iaHR0cHM6Ly90d2l0dGVyLmNvbS9Jc3JhZWxpUE0vc3RhdHVzLzE5NTgyNTk4MTQ0MTQ2MjI5ODg\/cmVmX3NyYz10d3NyYyU1RXRmdyImZ3Q7QXVndXN0IDIwLCAyMDI1Jmx0Oy9hJmd0OyZsdDsvYmxvY2txdW90ZSZndDsKJmx0O3NjcmlwdCBhc3luYyBzcmM9Imh0dHBzOi8vcGxhdGZvcm0udHdpdHRlci5jb20vd2lkZ2V0cy5qcyIgY2hhcnNldD0idXRmLTgiJmd0OyZsdDsvc2NyaXB0Jmd0OwoKJmx0O2RpdiBjbGFzcz0ibWVkaXVtLWluc2VydC1lbWJlZHMtbWV0YSImZ3Q7Jmx0O3NjcmlwdCB0eXBlPSJ0ZXh0L2pzb24iJmd0O3sidXJsIjoiaHR0cHM6Ly90d2l0dGVyLmNvbS9Jc3JhZWxpUE0vc3RhdHVzLzE5NTgyNTk4MTQ0MTQ2MjI5ODgiLCJ0eXBlIjoicmljaCIsInZlcnNpb24iOiIxLjAiLCJ0aXRsZSI6IlByaW1lIE1pbmlzdGVyIG9mIElzcmFlbCBvbiBUd2l0dGVyIC8gWCIsImF1dGhvciI6IlByaW1lIE1pbmlzdGVyIG9mIElzcmFlbCIsImF1dGhvcl91cmwiOiJodHRwczovL3R3aXR0ZXIuY29tL0lzcmFlbGlQTSIsInByb3ZpZGVyX25hbWUiOiJUd2l0dGVyIiwiZGVzY3JpcHRpb24iOiJQcmltZSBNaW5pc3RlciBCZW5qYW1pbiBOZXRhbnlhaHU6Q29uZ3JhdHVsYXRpb25zIHRvIFByZXNpZGVudCBAcmVhbERvbmFsZFRydW1wIGFuZCBTZWNyZXRhcnkgb2YgU3RhdGUgTWFyY28gUnViaW8gZm9yIGltcG9zaW5nIGZ1cnRoZXIgc2FuY3Rpb25zIG9uIHRoZSBwb2xpdGljaXplZCAganVkZ2VzIGFuZCBwcm9zZWN1dG9ycyBvZiB0aGUgSUNDLuKAlCBQcmltZSBNaW5pc3RlciBvZiBJc3JhZWwgKEBJc3JhZWxpUE0pIEF1Z3VzdCAyMCwgMjAyNVxuXG5cbiIsImNhY2hlX2FnZSI6ODY0MDAsIm9wdGlvbnMiOnsiX3RoZW1lIjp7InZhbHVlIjoiIiwidmFsdWVzIjp7ImRhcmsiOiJVc2UgZGFyayB0aGVtZSJ9fSwiX21heHdpZHRoIjp7InZhbHVlIjoiIiwibGFiZWwiOiJBZGp1c3Qgd2lkdGgiLCJwbGFjZWhvbGRlciI6IjIyMC01NTAsIGluIHB4In19fSZsdDsvc2NyaXB0Jmd0OyZsdDsvZGl2Jmd0Ow==\">\n                <a data-iframely-url=\"\" href=\"https:\/\/twitter.com\/IsraeliPM\/status\/1958259814414622988\">https:\/\/twitter.com\/IsraeliPM\/status\/1958259814414622988<\/a>\n              <\/div>\n<p><b>\u00abBajo el liderazgo del presidente Trump, los Estados Unidos est\u00e1 tomando acci\u00f3n decisiva contra la burocracia no electa que busca negar (&#8230;) el derecho a la defensa propia contra los reg\u00edmenes terroristas\u00bb, agreg\u00f3 en un mensaje posterior.<\/b><\/p>\n<p><b>No es la primera vez que el israel\u00ed desestima una moci\u00f3n de una corte internacional<\/b>. La decisi\u00f3n de sancionar a nuevos miembros de la CPI se anunci\u00f3 pocas horas despu\u00e9s de que Israel aprobara el <b>plan de expansi\u00f3n de asentamientos<\/b> en la zona \u00abE1\u00bb, adyacente a Jerusal\u00e9n Este. Dicha expansi\u00f3n, ampliamente rechazada por la comunidad internacional.<\/p>\n<p>En julio del a\u00f1o pasado, la Corte Internacional de Justicia (CIJ) calific\u00f3 la presencia israel\u00ed en los territorios ocupados como \u00ab<b>ilegal<\/b>\u00bb e inst\u00f3 a Israel a <b>evacuar a sus colonos, desmontar el muro de separaci\u00f3n y devolver las tierras a sus leg\u00edtimos propietarios,<\/b> desplazados desde 1967.<\/p>\n<h2>Un ataque contra la independencia jur\u00eddica<\/h2>\n<p>Por su parte, en un comunicado expedido tras el anuncio, la Corte Penal Internacional <b>conden\u00f3 las nuevas sanciones<\/b> como \u201cun <b>ataque flagrante contra la independencia de una instituci\u00f3n judicial imparcial<\/b>\u201d, y afirm\u00f3 que <b>no se dejar\u00e1 intimidar<\/b> por \u00abamenazas o presiones\u00bb.<\/p>\n<div class=\"iframely-embed medium-embedded-content\" data-html=\"Jmx0O2RpdiBjbGFzcz0iaWZyYW1lbHktZW1iZWQiJmd0OyZsdDtkaXYgY2xhc3M9ImlmcmFtZWx5LXJlc3BvbnNpdmUiIHN0eWxlPSJwYWRkaW5nLWJvdHRvbTogNjIuNTgzMyU7IHBhZGRpbmctdG9wOiAxMjBweDsiJmd0OyZsdDthIGhyZWY9Imh0dHBzOi8vd3d3LmljYy1jcGkuaW50L25ld3MvaWNjLXN0cm9uZ2x5LXJlamVjdHMtbmV3LXVzLXNhbmN0aW9ucy1hZ2FpbnN0LWp1ZGdlcy1hbmQtZGVwdXR5LXByb3NlY3V0b3JzIiBkYXRhLWlmcmFtZWx5LXVybD0iaHR0cHM6Ly9pZnJhbWVseS5wYWdpbmExMi5jb20uYXIvYXBpL2lmcmFtZT91cmw9aHR0cHMlM0ElMkYlMkZ3d3cuaWNjLWNwaS5pbnQlMkZuZXdzJTJGaWNjLXN0cm9uZ2x5LXJlamVjdHMtbmV3LXVzLXNhbmN0aW9ucy1hZ2FpbnN0LWp1ZGdlcy1hbmQtZGVwdXR5LXByb3NlY3V0b3JzJmFtcDtrZXk9NDY3NmI1ZmRjMDgzMjU3ZWE4N2Y3MTYwOGM3NGU5ZmUiJmd0OyZsdDsvYSZndDsmbHQ7L2RpdiZndDsmbHQ7L2RpdiZndDsmbHQ7c2NyaXB0IGFzeW5jIHNyYz0iaHR0cHM6Ly9pZnJhbWVseS5wYWdpbmExMi5jb20uYXIvZW1iZWQuanMiIGNoYXJzZXQ9InV0Zi04IiZndDsmbHQ7L3NjcmlwdCZndDsmbHQ7ZGl2IGNsYXNzPSJtZWRpdW0taW5zZXJ0LWVtYmVkcy1tZXRhIiZndDsmbHQ7c2NyaXB0IHR5cGU9InRleHQvanNvbiImZ3Q7eyJ1cmwiOiJodHRwczovL3d3dy5pY2MtY3BpLmludC9uZXdzL2ljYy1zdHJvbmdseS1yZWplY3RzLW5ldy11cy1zYW5jdGlvbnMtYWdhaW5zdC1qdWRnZXMtYW5kLWRlcHV0eS1wcm9zZWN1dG9ycyIsInR5cGUiOiJyaWNoIiwidmVyc2lvbiI6IjEuMCIsInRpdGxlIjoiVGhlIElDQyBzdHJvbmdseSByZWplY3RzIG5ldyBVUyBzYW5jdGlvbnMgYWdhaW5zdCBKdWRnZXMgYW5kIERlcHV0eSBQcm9zZWN1dG9ycyIsInByb3ZpZGVyX25hbWUiOiJJbnRlcm5hdGlvbmFsIENyaW1pbmFsIENvdXJ0IiwiZGVzY3JpcHRpb24iOiJUaGUgSW50ZXJuYXRpb25hbCBDcmltaW5hbCBDb3VydCBkZXBsb3JlcyB0aGUgYW5ub3VuY2VtZW50IG9mIG5ldyBkZXNpZ25hdGlvbnMgZm9yIHNhbmN0aW9ucyBieSB0aGUgVVMgYWRtaW5pc3RyYXRpb24gYWdhaW5zdCBJQ0MgSnVkZ2VzIEtpbWJlcmx5IFByb3N0IChDYW5hZGEpLCBKdWRnZSBOaWNvbGFzIEd1aWxsb3UgKEZyYW5jZSksIERlcHV0eSBQcm9zZWN1dG9yIE5hemhhdCBTaGFtZWVtIEtoYW4gKEZpamkpIGFuZCBEZXB1dHkgUHJvc2VjdXRvciBNYW1lIE1hbmRpYXllIE5pYW5nIChTZW5lZ2FsKS4gVGhlc2UgYWRkaXRpb25hbCBkZXNpZ25hdGlvbnMgZm9sbG93IHRoZSBlYXJsaWVyIGRlc2lnbmF0aW9uIG9mIGZvdXIgb3RoZXIganVkZ2VzIGFuZCB0aGUgSUNDIFByb3NlY3V0b3IuVGhlc2Ugc2FuY3Rpb25zIGFyZSBhIGZsYWdyYW50IGF0dGFjayBhZ2FpbnN0IHRoZSBpbmRlcGVuZGVuY2Ugb2YgYW4gaW1wYXJ0aWFsIGp1ZGljaWFsIGluc3RpdHV0aW9uIHdoaWNoIG9wZXJhdGVzIHVuZGVyIHRoZSBtYW5kYXRlIGZyb20gMTI1IFN0YXRlcyBQYXJ0aWVzIGZyb20gYWxsIHJlZ2lvbnMuIFRoZXkgY29uc3RpdHV0ZSBhbHNvIGFuIGFmZnJvbnQgYWdhaW5zdCB0aGUgQ291cnTigJlzIFN0YXRlcyBQYXJ0aWVzLCB0aGUgcnVsZXMtYmFzZWQgaW50ZXJuYXRpb25hbCBvcmRlciBhbmQsIGFib3ZlIGFsbCwgbWlsbGlvbnMgb2YgaW5ub2NlbnQgdmljdGltcyBhY3Jvc3MgdGhlIHdvcmxkLkFzIHN0YXRlZCBiZWZvcmUgYnkgdGhlIElDQyBQcmVzaWRlbnQgYW5kIEp1ZGljaWFyeSwgYXMgd2VsbCBhcyB0aGUgUHJlc2lkZW5jeSBvZiB0aGUgQXNzZW1ibHkgb2YgU3RhdGVzIFBhcnRpZXMgdG8gdGhlIFJvbWUgU3RhdHV0ZSwgdGhlIENvdXJ0IHN0YW5kcyBmaXJtbHkgYmVoaW5kIGl0cyBwZXJzb25uZWwgYW5kIHZpY3RpbXMgb2YgdW5pbWFnaW5hYmxlIGF0cm9jaXRpZXMuIFRoZSBJQ0Mgd2lsbCBjb250aW51ZSBmdWxmaWxsaW5nIGl0cyBtYW5kYXRlLCB1bmRldGVycmVkLCBpbiBzdHJpY3QgYWNjb3JkYW5jZSB3aXRoIGl0cyBsZWdhbCBmcmFtZXdvcmsgYXMgYWRvcHRlZCBieSB0aGUgU3RhdGVzIFBhcnRpZXMgYW5kIHdpdGhvdXQgcmVnYXJkIHRvIGFueSByZXN0cmljdGlvbiwgcHJlc3N1cmUgb3IgdGhyZWF0LlRoZSBDb3VydCBjYWxscyB1cG9uIFN0YXRlcyBQYXJ0aWVzIGFuZCBhbGwgdGhvc2Ugd2hvIHNoYXJlIHRoZSB2YWx1ZXMgb2YgaHVtYW5pdHkgYW5kIHRoZSBydWxlIG9mIGxhdyB0byBwcm92aWRlIGZpcm0gYW5kIGNvbnNpc3RlbnQgc3VwcG9ydCB0byB0aGUgQ291cnQgYW5kIGl0cyB3b3JrIGNhcnJpZWQgb3V0IGluIHRoZSBzb2xlIGludGVyZXN0IG9mIHZpY3RpbXMgb2YgaW50ZXJuYXRpb25hbCBjcmltZXMuRm9yIGZ1cnRoZXIgaW5mb3JtYXRpb24sIHBsZWFzZSBjb250YWN0IEZhZGkgRWwgQWJkYWxsYWgsIFNwb2tlc3BlcnNvbiBhbmQgSGVhZCBvZiBQdWJsaWMgQWZmYWlycyBVbml0LCBJbnRlcm5hdGlvbmFsIENyaW1pbmFsIENvdXJ0LCBieSB0ZWxlcGhvbmUgYXQ6ICszMSAoMCk3MCA1MTUtOTE1MiBvciArMzEgKDApNiA0NjQ0ODkzOCBvciBieSBlLW1haWwgYXQ6IGZhZGkuZWwtYWJkYWxsYWhAaWNjLWNwaS5pbnRZb3UgY2FuIGFsc28gZm9sbG93IHRoZSBDb3VydOKAmXMgYWN0aXZpdGllcyBvbiBUd2l0dGVyL1gsIEZhY2Vib29rLCBZb3VUdWJlLCBJbnN0YWdyYW0gYW5kIEZsaWNrciIsInRodW1ibmFpbF91cmwiOiJodHRwczovL3d3dy5pY2MtY3BpLmludC9zaXRlcy9kZWZhdWx0L2ZpbGVzL3N0eWxlcy9wcmVzc19yZWxlYXNlL3B1YmxpYy8yMDI1LTA4LzE2MDcyOS1pY2NfaHEtMDIuanBnP2l0b2s9ckluTDY3SmMiLCJ0aHVtYm5haWxfd2lkdGgiOjEyMDAsInRodW1ibmFpbF9oZWlnaHQiOjc1MSwiY2FjaGVfYWdlIjo4NjQwMCwib3B0aW9ucyI6eyJjYXJkIjp7InZhbHVlIjoiIiwidmFsdWVzIjp7InNtYWxsIjoiTWFrZSBpdCBhIHNtYWxsIGNhcmQifX19fSZsdDsvc2NyaXB0Jmd0OyZsdDsvZGl2Jmd0Ow==\">\n                <a data-iframely-url=\"\" href=\"https:\/\/www.icc-cpi.int\/news\/icc-strongly-rejects-new-us-sanctions-against-judges-and-deputy-prosecutors\">https:\/\/www.icc-cpi.int\/news\/icc-strongly-rejects-new-us-sanctions-against-judges-and-deputy-prosecutors<\/a>\n              <\/div>\n<p>En un comunicado, la CPI expres\u00f3 que <b>respalda \u00abfirmemente\u00bb al personal sancionado<\/b> y reiter\u00f3 su compromiso con las <b>v\u00edctimas de las \u201catrocidades inimaginables\u201d\u00a0<\/b>que investiga en el enclave palestino, Afganist\u00e1n, Filipinas y varios pa\u00edses africanos.<\/p>\n<p>La CPI fue <b>creada por el Estatuto de Roma<\/b> y est\u00e1 <b>facultada para juzgar cr\u00edmenes de guerra, lesa humanidad y genocidio<\/b>. Sin embargo, Estados Unidos, China, Rusia e Israel no son Estados Parte y <b>no reconocen su autoridad<\/b>. \u201cLa CPI seguir\u00e1 cumpliendo su mandato en conformidad con el marco jur\u00eddico adoptado por los Estados Parte, <b>sin atender a presiones externas<\/b>\u201d, afirm\u00f3 el tribunal<\/p>\n<p>\u00abEsto tambi\u00e9n constituye una afrenta contra los Estados Parte de la corte, las reglas del orden internacional y, sobre todo, a las millones de v\u00edctimas inocentes a trav\u00e9s del mundo\u00bb, apunt\u00f3 la corte,  que record\u00f3 que opera bajo el mandato de <b>125 pa\u00edses firmantes<\/b> del Estatuto de Roma. La Corte inst\u00f3 a los Estados Parte y a quienes defienden los valores del Estado de derecho a <b>respaldar su labor<\/b>, centrada \u00fanicamente en \u201clas <b>v\u00edctimas de cr\u00edmenes internacionales<\/b>\u201d.<\/p>\n<p>El gobierno de Francia se sum\u00f3 a las cr\u00edticas, ya que uno de los sancionados es el juez franc\u00e9s Nicolas Guillou. El Ministerio de Exteriores <b>expres\u00f3 su consternaci\u00f3n <\/b>por la medida y pidi\u00f3 a Estados Unidos <b>retirar las sanciones<\/b>, que consider\u00f3 contrarias a la independencia judicial y al respeto institucional. \u201c<b>Francia expresa su solidaridad con los afectados por esta decisi\u00f3n y reafirma su apoyo inquebrantable a la CPI y su personal<\/b>\u201d, declar\u00f3 el gobierno franc\u00e9s en un comunicado oficial.<\/p>\n<p>La ONU tambi\u00e9n cuestion\u00f3 la medida. El portavoz de la Secretar\u00eda General, <b>St\u00e9phane Dujarric<\/b>, advirti\u00f3 que las sanciones suponen un <b>grave obst\u00e1culo<\/b> para el trabajo de la Fiscal\u00eda en todos los casos abiertos. Reiter\u00f3 que \u201cla <b>independencia judicial<\/b> es un principio fundamental\u201d, calific\u00f3 la decisi\u00f3n de la Casa Blanca como \u201c<b>preocupante<\/b>\u201d, y remarc\u00f3 que la CPI es un \u201c<b>pilar esencial<\/b> de la justicia penal internacional\u201d.<\/p>\n<p><!-- Live Blog Post --><\/div>\n<p><script async src=\"\/\/platform.twitter.com\/widgets.js\" charset=\"utf-8\"><\/script><br \/><a href=\"https:\/\/www.pagina12.com.ar\/851192-estados-unidos-impone-sanciones-a-jueces-de-la-corte-penal-i\">source<\/a><\/p>\n","protected":false},"excerpt":{"rendered":"<p>Estados Unidos impuso este mi\u00e9rcoles sanciones a cuatro jueces y fiscales de la Corte Penal&#8230;<\/p>\n","protected":false},"author":0,"featured_media":199703,"comment_status":"open","ping_status":"open","sticky":false,"template":"","format":"standard","meta":{"footnotes":""},"categories":[60],"tags":[],"class_list":["post-199702","post","type-post","status-publish","format-standard","has-post-thumbnail","hentry","category-internacional"],"featured_image_urls":{"full":["https:\/\/radiofenix.com.ar\/2023\/wp-content\/uploads\/2025\/08\/wp-header-logo-121.png",960,540,false],"thumbnail":["https:\/\/radiofenix.com.ar\/2023\/wp-content\/uploads\/2025\/08\/wp-header-logo-121-150x150.png",150,150,true],"medium":["https:\/\/radiofenix.com.ar\/2023\/wp-content\/uploads\/2025\/08\/wp-header-logo-121-300x169.png",300,169,true],"medium_large":["https:\/\/radiofenix.com.ar\/2023\/wp-content\/uploads\/2025\/08\/wp-header-logo-121-768x432.png",640,360,true],"large":["https:\/\/radiofenix.com.ar\/2023\/wp-content\/uploads\/2025\/08\/wp-header-logo-121.png",640,360,false],"1536x1536":["https:\/\/radiofenix.com.ar\/2023\/wp-content\/uploads\/2025\/08\/wp-header-logo-121.png",960,540,false],"2048x2048":["https:\/\/radiofenix.com.ar\/2023\/wp-content\/uploads\/2025\/08\/wp-header-logo-121.png",960,540,false],"newsium-slider-full":["https:\/\/radiofenix.com.ar\/2023\/wp-content\/uploads\/2025\/08\/wp-header-logo-121.png",960,540,false],"newsium-featured":["https:\/\/radiofenix.com.ar\/2023\/wp-content\/uploads\/2025\/08\/wp-header-logo-121.png",960,540,false],"newsium-medium":["https:\/\/radiofenix.com.ar\/2023\/wp-content\/uploads\/2025\/08\/wp-header-logo-121-720x475.png",720,475,true]},"author_info":{"info":[""]},"category_info":"<a href=\"https:\/\/radiofenix.com.ar\/2023\/category\/internacional\/\" rel=\"category tag\">Internacional<\/a>","tag_info":"Internacional","comment_count":"0","_links":{"self":[{"href":"https:\/\/radiofenix.com.ar\/2023\/wp-json\/wp\/v2\/posts\/199702","targetHints":{"allow":["GET"]}}],"collection":[{"href":"https:\/\/radiofenix.com.ar\/2023\/wp-json\/wp\/v2\/posts"}],"about":[{"href":"https:\/\/radiofenix.com.ar\/2023\/wp-json\/wp\/v2\/types\/post"}],"replies":[{"embeddable":true,"href":"https:\/\/radiofenix.com.ar\/2023\/wp-json\/wp\/v2\/comments?post=199702"}],"version-history":[{"count":0,"href":"https:\/\/radiofenix.com.ar\/2023\/wp-json\/wp\/v2\/posts\/199702\/revisions"}],"wp:featuredmedia":[{"embeddable":true,"href":"https:\/\/radiofenix.com.ar\/2023\/wp-json\/wp\/v2\/media\/199703"}],"wp:attachment":[{"href":"https:\/\/radiofenix.com.ar\/2023\/wp-json\/wp\/v2\/media?parent=199702"}],"wp:term":[{"taxonomy":"category","embeddable":true,"href":"https:\/\/radiofenix.com.ar\/2023\/wp-json\/wp\/v2\/categories?post=199702"},{"taxonomy":"post_tag","embeddable":true,"href":"https:\/\/radiofenix.com.ar\/2023\/wp-json\/wp\/v2\/tags?post=199702"}],"curies":[{"name":"wp","href":"https:\/\/api.w.org\/{rel}","templated":true}]}}