{"id":199704,"date":"2025-08-21T08:57:18","date_gmt":"2025-08-21T08:57:18","guid":{"rendered":"https:\/\/radiofenix.com.ar\/2023\/diputados-ratifico-el-veto-de-javier-milei-al-aumento-para-jubilados\/"},"modified":"2025-08-21T08:57:18","modified_gmt":"2025-08-21T08:57:18","slug":"diputados-ratifico-el-veto-de-javier-milei-al-aumento-para-jubilados","status":"publish","type":"post","link":"https:\/\/radiofenix.com.ar\/2023\/diputados-ratifico-el-veto-de-javier-milei-al-aumento-para-jubilados\/","title":{"rendered":"Diputados ratific\u00f3 el veto de Javier Milei al aumento para jubilados"},"content":{"rendered":"<div id=\"note-body\">\n<p data-start=\"304\" data-end=\"762\">La <strong>C\u00e1mara de Diputados<\/strong> llev\u00f3 a cabo este mi\u00e9rcoles una marat\u00f3nica desde las 12 del mediod\u00eda, en la que se abordaron varios de los puntos que m\u00e1s incomodidad generan en la <strong>Casa Rosada<\/strong>, con el rechazo al veto de Javier Milei a la Ley de Emergencia en Discapacidad, y la ratificaci\u00f3n al del aumento para jubilados.<\/p>\n<\/div>\n<p><a href=\"https:\/\/www.minutouno.com\/politica\/diputados-ratifico-el-veto-javier-milei-al-aumento-jubilados-n6180841\">source<\/a><\/p>\n","protected":false},"excerpt":{"rendered":"<p>La C\u00e1mara de Diputados llev\u00f3 a cabo este mi\u00e9rcoles una marat\u00f3nica desde las 12 del&#8230;<\/p>\n","protected":false},"author":0,"featured_media":199705,"comment_status":"open","ping_status":"open","sticky":false,"template":"","format":"standard","meta":{"footnotes":""},"categories":[2],"tags":[],"class_list":["post-199704","post","type-post","status-publish","format-standard","has-post-thumbnail","hentry","category-politica"],"featured_image_urls":{"full":["https:\/\/radiofenix.com.ar\/2023\/wp-content\/uploads\/2025\/08\/wp-header-logo-122.png",1200,675,false],"thumbnail":["https:\/\/radiofenix.com.ar\/2023\/wp-content\/uploads\/2025\/08\/wp-header-logo-122-150x150.png",150,150,true],"medium":["https:\/\/radiofenix.com.ar\/2023\/wp-content\/uploads\/2025\/08\/wp-header-logo-122-300x169.png",300,169,true],"medium_large":["https:\/\/radiofenix.com.ar\/2023\/wp-content\/uploads\/2025\/08\/wp-header-logo-122-768x432.png",640,360,true],"large":["https:\/\/radiofenix.com.ar\/2023\/wp-content\/uploads\/2025\/08\/wp-header-logo-122-1024x576.png",640,360,true],"1536x1536":["https:\/\/radiofenix.com.ar\/2023\/wp-content\/uploads\/2025\/08\/wp-header-logo-122.png",1200,675,false],"2048x2048":["https:\/\/radiofenix.com.ar\/2023\/wp-content\/uploads\/2025\/08\/wp-header-logo-122.png",1200,675,false],"newsium-slider-full":["https:\/\/radiofenix.com.ar\/2023\/wp-content\/uploads\/2025\/08\/wp-header-logo-122.png",1200,675,false],"newsium-featured":["https:\/\/radiofenix.com.ar\/2023\/wp-content\/uploads\/2025\/08\/wp-header-logo-122-1024x576.png",1024,576,true],"newsium-medium":["https:\/\/radiofenix.com.ar\/2023\/wp-content\/uploads\/2025\/08\/wp-header-logo-122-720x475.png",720,475,true]},"author_info":{"info":[""]},"category_info":"<a href=\"https:\/\/radiofenix.com.ar\/2023\/category\/politica\/\" rel=\"category tag\">Pol\u00edtica<\/a>","tag_info":"Pol\u00edtica","comment_count":"0","_links":{"self":[{"href":"https:\/\/radiofenix.com.ar\/2023\/wp-json\/wp\/v2\/posts\/199704","targetHints":{"allow":["GET"]}}],"collection":[{"href":"https:\/\/radiofenix.com.ar\/2023\/wp-json\/wp\/v2\/posts"}],"about":[{"href":"https:\/\/radiofenix.com.ar\/2023\/wp-json\/wp\/v2\/types\/post"}],"replies":[{"embeddable":true,"href":"https:\/\/radiofenix.com.ar\/2023\/wp-json\/wp\/v2\/comments?post=199704"}],"version-history":[{"count":0,"href":"https:\/\/radiofenix.com.ar\/2023\/wp-json\/wp\/v2\/posts\/199704\/revisions"}],"wp:featuredmedia":[{"embeddable":true,"href":"https:\/\/radiofenix.com.ar\/2023\/wp-json\/wp\/v2\/media\/199705"}],"wp:attachment":[{"href":"https:\/\/radiofenix.com.ar\/2023\/wp-json\/wp\/v2\/media?parent=199704"}],"wp:term":[{"taxonomy":"category","embeddable":true,"href":"https:\/\/radiofenix.com.ar\/2023\/wp-json\/wp\/v2\/categories?post=199704"},{"taxonomy":"post_tag","embeddable":true,"href":"https:\/\/radiofenix.com.ar\/2023\/wp-json\/wp\/v2\/tags?post=199704"}],"curies":[{"name":"wp","href":"https:\/\/api.w.org\/{rel}","templated":true}]}}