{"id":199706,"date":"2025-08-21T08:57:20","date_gmt":"2025-08-21T08:57:20","guid":{"rendered":"https:\/\/radiofenix.com.ar\/2023\/tito-nieves-el-pavarotti-de-la-salsa-regresa-a-buenos-aires\/"},"modified":"2025-08-21T08:57:20","modified_gmt":"2025-08-21T08:57:20","slug":"tito-nieves-el-pavarotti-de-la-salsa-regresa-a-buenos-aires","status":"publish","type":"post","link":"https:\/\/radiofenix.com.ar\/2023\/tito-nieves-el-pavarotti-de-la-salsa-regresa-a-buenos-aires\/","title":{"rendered":"Tito Nieves, &quot;el Pavarotti de la salsa&quot;, regresa a Buenos Aires"},"content":{"rendered":"<div><!-- Body --><\/p>\n<p>\u201cAqu\u00ed la cosa est\u00e1 en 35 grados\u201d, dice <b>Tito Nieves<\/b> desde su hogar en la Florida, v\u00eda zoom, tras enterarse de la ola polar que azot\u00f3 a la Argentina. El <b>salsero puertorrique\u00f1o<\/b> regresa a la ciudad este<b> jueves\u00a0 21<\/b> para actuar por primera vez en el <b>Teatro Gran Rex<\/b>, donde celebrar\u00e1 sus <b>50 a\u00f1os de carrera art\u00edstica<\/b>. \u201cLa \u00faltima vez que estuve all\u00e1 fue hace seis o siete a\u00f1os, y, al igual que lo hice las otras ocasiones que fui, me present\u00e9 en una discoteca. Por eso me parece bien ch\u00e9vere cantar mis temas en un lugar tan importante\u201d, afirma esta <b>leyenda del g\u00e9nero<\/b>, quien promete repasar sus cl\u00e1sicos a lo largo de <b>tres horas<\/b>. \u201cComenzamos la gira en febrero en Chicago y a partir de ese momento todas las fechas fueron un \u00e9xito. Ahora la energ\u00eda esta puesta en este show porque la mayor\u00eda de la orquesta nunca fue a Buenos Aires, as\u00ed que ser\u00e1 una noche m\u00e1gica\u201d.  <\/p>\n<p><b>-A ra\u00edz de la duraci\u00f3n del recital, \u00bfincluiste alguna rareza en este repertorio?<\/b><\/p>\n<p>-Usualmente, si hago un espect\u00e1culo donde hay otros colegas, el tiempo es limitado. Tengo como mucho una hora. Lo bueno de este show es que estoy cantando canciones que hace a\u00f1os que no hago y tambi\u00e9n estoy haciendo una cantidad importante de popurr\u00eds. En mi casa no se escucha mi m\u00fasica, yo no soy fan de Tito Nieves. Pero Tito Nieves revive cuando la gente se emociona al escuchar las canciones, porque las canciones no son m\u00edas sino del p\u00fablico. <\/p>\n<p><b>-Tambi\u00e9n presentar\u00e1s novedades, como tu tema \u201cSin cuenta\u201d, compuesto para celebrar este aniversario. <\/b><\/p>\n<p>-Por estos d\u00edas tengo que grabar varios temas m\u00e1s. Uno de ellos lo har\u00e9, por ejemplo, con Gilberto Santa Rosa. Tengo una gran cantidad de trabajo porque voy a seguir cantando, mientras tenga salud y voz. Siempre estoy d\u00e1ndole 200 por ciento a mi carrera. El d\u00eda que ya no tenga el deseo de conectarme y comunicarme, espero que el propio p\u00fablico me pida que me baje del escenario. Cuando una pasi\u00f3n se convierte en trabajo, d\u00e9jalo. Cantar \u201cSe\u00f1ora\u201d o \u201cDe m\u00ed enam\u00f3rate\u201d no es trabajo, es una bendici\u00f3n. Y se lo suelo decir a todos los artistas con lo que hablo. Al igual que los deportistas, hay que retirarse cuando la cosa ya no da para m\u00e1s. <\/p>\n<p>Ante la consulta de si interpretar\u00e1 alguno de los<b> cl\u00e1sicos que cant\u00f3 con el legendario salsero H\u00e9ctor Lavoe<\/b>, el nativo de R\u00edo Piedras responde que \u201clo de H\u00e9ctor Lavoe es de H\u00e9ctor Lavoe\u201d. \u201cYo no voy a seguir cantando \u2018El cantante\u2019. \u00bfCu\u00e1nta gente no est\u00e1 cantando esa canci\u00f3n? Incluso, Rub\u00e9n Blades (compositor del tema) lo est\u00e1 haciendo en sus conciertos\u201d, se\u00f1ala Nieves, quien fue corista de \u201cEl Jibarito de Ponce\u201d en la etapa de <i>Comedia <\/i>(1978), \u00e1lbum que contiene ese himno salsero y que llev\u00f3 al estrellato a Lavoe. \u201cEstoy haciendo en esta gira las canciones que suenan a diario en la radio o las que no tengo el tiempo de cantar porque hay otras 20 que se transformaron en hits m\u00edos. Entonces aprovecho la ocasi\u00f3n para sacarles la telara\u00f1a. Te aseguro que a muchos les remover\u00e1 el pasado\u201d.<\/p>\n<p><iframe style=\"border: 0px; position: absolute; top: 0px; left: 0px; height: 100%;\" allowfullscreen=\"\" frameborder=\"0\" src=\"https:\/\/www.youtube.com\/embed\/8nHXVTPDcDY\"><\/iframe><\/p>\n<p><b>-Fuiste testigo del ocaso de la salsa brava (nombre que recibi\u00f3 la era m\u00e1s popular del g\u00e9nero) y del nacimiento de la salsa rom\u00e1ntica. Aunque hay quienes se encargan de tanto en tanto de matar a la salsa. <\/b><\/p>\n<p>-En una entrevista, Gilberto Santa Rosa dijo: \u201c\u00bfT\u00fa sabes cu\u00e1ntos a\u00f1os tienen matando a la salsa?\u201d. Cuando tienes a una Sonora Ponce\u00f1a con 70 a\u00f1os de actividad ininterrumpida, a El Gran Combo con 60 o a un Andy Monta\u00f1ez, ah\u00ed entiendes que es imposible que la salsa muera. Y mucho menos ahora que experiment\u00f3 un auge gracias a lo que hizo Bad Bunny en su \u00faltimo disco. Eso permiti\u00f3 traer a su fanaticada a la salsa. Tito Puente, Machito, H\u00e9ctor Lavoe y otros grandes, volvieron a la salsa un g\u00e9nero fascinante e inmortal. Me da risa cada vez que me dicen que ha revivido en los \u00faltimos tiempos. \u00bfC\u00f3mo vas a revivir algo que no desapareci\u00f3? <\/p>\n<p><b>-A Tito Puente no le gustaba que llamaran \u201csalsa\u201d a esta m\u00fasica. <\/b><\/p>\n<p>-Para \u00e9l salsa era la ketchup. Cuando yo comenc\u00e9, los ritmos se estudiaban por sus nombres: guaracha, son montuno, bolero o merengue o chachach\u00e1&#8230; Ahora todo es salsa. <\/p>\n<p><b>-\u00bfC\u00f3mo ves el marketing del g\u00e9nero en esta \u00e9poca?<\/b><\/p>\n<p>-Est\u00e1 m\u00e1s alto que nunca. Celia Cruz y Frankie Ruiz se escuchan como si estuvieran vivos. Es una cosa incre\u00edble porque los j\u00f3venes quieren escuchar la salsa de ayer, lo que me ha llevado a creer que los m\u00fasicos del g\u00e9nero vamos a tener una larga vida. Por eso le doy gracias Rauw Alejandro y a Bad Bunny, quien adem\u00e1s visibiliz\u00f3 la bomba y la plena. \u00c9sa es en realidad la m\u00fasica de nosotros los puertorrique\u00f1os. <\/p>\n<p><b>-\u00bfC\u00f3mo se ve all\u00e1 arriba el fen\u00f3meno que hay en torno a la actual m\u00fasica boricua? En la Argentina es tan fuerte la influencia que tanto m\u00fasicos como p\u00fablico joven hablan cada vez m\u00e1s parecidos a los caribe\u00f1os. <\/b><\/p>\n<p>-\u00c9se es el habla de los j\u00f3venes en todas partes. Pero esas influencias sucedieron en todas las \u00e9pocas debido a los fen\u00f3menos culturales. Cuando yo era chiquito, me gustaba el rock y cada vez que escuchaba a The Beatles mi mam\u00e1 me dec\u00eda que quitara esa porquer\u00eda. Y mi mam\u00e1, a su vez, estaba escuchando otro tipo de m\u00fasica. Hoy en d\u00eda los muchachos hablan igual que lo que se escucha en el reggaet\u00f3n. Siempre digo que mientras la l\u00edrica no sea ofensiva, yo acepto todo tipo de m\u00fasica.  <\/p>\n<p>\u201cEl Pavarotti de la salsa\u201d, como tambi\u00e9n se le conoce al artista de <b>67 a\u00f1os<\/b> (debido a su potente voz y su habilidad para alcanzar notas altas), confiesa la admiraci\u00f3n que siente por su colega venezolano Oscar D\u2019 Le\u00f3n, quien a los 82 a\u00f1os se mantiene cantando sobre los escenarios y girando por el mundo. \u201cA \u00e9l le dieron tres infartos. \u00bfSabes por qu\u00e9 est\u00e1 vivo? Porque hace ejercicio todos los d\u00edas\u201d, afirma el salsero, <b>autor de 25 discos de estudio<\/b>. \u201c\u00c9l se cuida y yo hago lo mismo. Mi h\u00e9roe, al que muchos no conocen, es mi pap\u00e1, que tiene 96 a\u00f1os. No toma ni una pastilla para vivir y no sufre de nada. \u00bfD\u00f3nde est\u00e1 el \u00e9xito? En la salud. Eso lo es todo. Cada vez que veo a Oscar, le echo la bendici\u00f3n. Tiene una potencia incre\u00edble. Y yo intento hacer lo mismo porque el p\u00fablico que viene a verme quiere escuchar las canciones como las grab\u00e9 en los discos\u201d. <\/p>\n<p><b>-En los \u00faltimos a\u00f1os, te dedicaste a sacar singles, al igual que reversiones de canciones propias y ajenas. \u00bfPor qu\u00e9 adoptaste esa din\u00e1mica discogr\u00e1fica? <\/b><\/p>\n<p>-Lo f\u00edsico ya no est\u00e1. A m\u00ed me encantaba ese formato porque pod\u00edas ver los cr\u00e9ditos de los m\u00fasicos o d\u00f3nde se grab\u00f3 el disco, pero no nos queda otra opci\u00f3n que adaptarnos a lo que pasa hoy en d\u00eda.\u00a0<\/p>\n<p><!-- Live Blog Post --><\/div>\n<p><a href=\"https:\/\/www.pagina12.com.ar\/851122-tito-nieves-el-pavarotti-de-la-salsa-regresa-a-buenos-aires\">source<\/a><\/p>\n","protected":false},"excerpt":{"rendered":"<p>\u201cAqu\u00ed la cosa est\u00e1 en 35 grados\u201d, dice Tito Nieves desde su hogar en la&#8230;<\/p>\n","protected":false},"author":0,"featured_media":199707,"comment_status":"open","ping_status":"open","sticky":false,"template":"","format":"standard","meta":{"footnotes":""},"categories":[4],"tags":[],"class_list":["post-199706","post","type-post","status-publish","format-standard","has-post-thumbnail","hentry","category-espectaculos"],"featured_image_urls":{"full":["https:\/\/radiofenix.com.ar\/2023\/wp-content\/uploads\/2025\/08\/wp-header-logo-123.png",960,540,false],"thumbnail":["https:\/\/radiofenix.com.ar\/2023\/wp-content\/uploads\/2025\/08\/wp-header-logo-123-150x150.png",150,150,true],"medium":["https:\/\/radiofenix.com.ar\/2023\/wp-content\/uploads\/2025\/08\/wp-header-logo-123-300x169.png",300,169,true],"medium_large":["https:\/\/radiofenix.com.ar\/2023\/wp-content\/uploads\/2025\/08\/wp-header-logo-123-768x432.png",640,360,true],"large":["https:\/\/radiofenix.com.ar\/2023\/wp-content\/uploads\/2025\/08\/wp-header-logo-123.png",640,360,false],"1536x1536":["https:\/\/radiofenix.com.ar\/2023\/wp-content\/uploads\/2025\/08\/wp-header-logo-123.png",960,540,false],"2048x2048":["https:\/\/radiofenix.com.ar\/2023\/wp-content\/uploads\/2025\/08\/wp-header-logo-123.png",960,540,false],"newsium-slider-full":["https:\/\/radiofenix.com.ar\/2023\/wp-content\/uploads\/2025\/08\/wp-header-logo-123.png",960,540,false],"newsium-featured":["https:\/\/radiofenix.com.ar\/2023\/wp-content\/uploads\/2025\/08\/wp-header-logo-123.png",960,540,false],"newsium-medium":["https:\/\/radiofenix.com.ar\/2023\/wp-content\/uploads\/2025\/08\/wp-header-logo-123-720x475.png",720,475,true]},"author_info":{"info":[""]},"category_info":"<a href=\"https:\/\/radiofenix.com.ar\/2023\/category\/espectaculos\/\" rel=\"category tag\">Espectaculos<\/a>","tag_info":"Espectaculos","comment_count":"0","_links":{"self":[{"href":"https:\/\/radiofenix.com.ar\/2023\/wp-json\/wp\/v2\/posts\/199706","targetHints":{"allow":["GET"]}}],"collection":[{"href":"https:\/\/radiofenix.com.ar\/2023\/wp-json\/wp\/v2\/posts"}],"about":[{"href":"https:\/\/radiofenix.com.ar\/2023\/wp-json\/wp\/v2\/types\/post"}],"replies":[{"embeddable":true,"href":"https:\/\/radiofenix.com.ar\/2023\/wp-json\/wp\/v2\/comments?post=199706"}],"version-history":[{"count":0,"href":"https:\/\/radiofenix.com.ar\/2023\/wp-json\/wp\/v2\/posts\/199706\/revisions"}],"wp:featuredmedia":[{"embeddable":true,"href":"https:\/\/radiofenix.com.ar\/2023\/wp-json\/wp\/v2\/media\/199707"}],"wp:attachment":[{"href":"https:\/\/radiofenix.com.ar\/2023\/wp-json\/wp\/v2\/media?parent=199706"}],"wp:term":[{"taxonomy":"category","embeddable":true,"href":"https:\/\/radiofenix.com.ar\/2023\/wp-json\/wp\/v2\/categories?post=199706"},{"taxonomy":"post_tag","embeddable":true,"href":"https:\/\/radiofenix.com.ar\/2023\/wp-json\/wp\/v2\/tags?post=199706"}],"curies":[{"name":"wp","href":"https:\/\/api.w.org\/{rel}","templated":true}]}}