{"id":199708,"date":"2025-08-22T08:57:28","date_gmt":"2025-08-22T08:57:28","guid":{"rendered":"https:\/\/radiofenix.com.ar\/2023\/el-ancla-a-los-ingresos-frena-el-consumo-masivo\/"},"modified":"2025-08-22T08:57:28","modified_gmt":"2025-08-22T08:57:28","slug":"el-ancla-a-los-ingresos-frena-el-consumo-masivo","status":"publish","type":"post","link":"https:\/\/radiofenix.com.ar\/2023\/el-ancla-a-los-ingresos-frena-el-consumo-masivo\/","title":{"rendered":"El ancla a los ingresos frena el consumo masivo\u00a0"},"content":{"rendered":"<div><!-- Body --><\/p>\n<p>El estancamiento de la econom\u00eda registra n\u00fameros de alerta, tambi\u00e9n en junio. Las ventas de mayoristas cayeron 1,8 por ciento, mientras en <i>shoppings<\/i> se desplomaron 4,5 por ciento y en los supermercados apenas subieron 0,2 por ciento. Los datos publicados este jueves por el Indec revelan adem\u00e1s que el parate del consumo masivo en los super tiene registros desde marzo de este a\u00f1o.\u00a0<\/p>\n<p>En el acumulado enero-junio de 2025, el \u00cdndice de ventas totales en supermercados presenta una variaci\u00f3n relativa creciente de 4,0 por ciento respecto a igual per\u00edodo de 2024, cuando la base de comparaci\u00f3n estaba deprimida.\u00a0\u00a0<\/p>\n<p>La retracci\u00f3n de consumo en autoservicios mayoristas da cuenta de otros fen\u00f3menos de \u00e9poca: la imposibilidad de llenar el changuito, de comprar bultos grandes para reserva en la alacena y de la limitaci\u00f3n de los minoristas de hacerse de<i> stocks<\/i> voluminosos. Las ventas mayoristas a precios constantes tuvieron una disminuci\u00f3n interanual de 8,4 por ciento y, en el acumulado de enero-junio, la ca\u00edda fue de 6,5 por ciento.<\/p>\n<p>En junio marcaron la tercera retracci\u00f3n consecutiva que, en la serie desestacionalizada, fue el m\u00e1s bajo desde 2017, cuando el organismo la comenz\u00f3 a medir. Respecto a los productos, las principales bajas se dieron en frutas y verduras, art\u00edculos de limpieza, y l\u00e1cteos.<\/p>\n<p>Mientras se debilitan los ingresos por paritarias planchadas y jubilaciones sin bono, tambi\u00e9n crece el pago de alimentos con tarjetas de cr\u00e9dito: esta modalidad pas\u00f3 del 39 al 46 por ciento de la poblaci\u00f3n, por los problemas de las familias para llegar a fin de mes.\u00a0\u201cEso es lo que da cuenta que hay un endeudamiento a la hora de comprar comida. Uno podr\u00eda pensar que es por las promociones, pero eso no implicar\u00eda que hubiera una retracci\u00f3n en el uso de la tarjeta de d\u00e9bito\u201d, explic\u00f3\u00a0Mara Pegoraro, coordinadora del Centro de Estudios para la Recuperaci\u00f3n Argentina (CentroRA) de la Facultad de Ciencias Econ\u00f3micas (UBA).<\/p>\n<p>Sobre los medios de pago en supermercados, el reporte de Indec detall\u00f3 que el 15,6 por ciento de las ventas totales fueron abonadas con efectivo; el 27,2 por ciento con tarjeta de d\u00e9bito; el\u00a0 45,7 con tarjetas de cr\u00e9dito; y  otros medios de pago como QR represent\u00f3 11,6 por ciento del global. En mayoristas, las efectuadas en d\u00e9bito tuvieron una variaci\u00f3n negativa de 2,0 por ciento interanual y las abonadas con tarjeta de cr\u00e9dito representa el 28,0 por ciento y crecieron 9,9 por ciento sobre junio de 2024.\u00a0<\/p>\n<p>En shoppings, centros de compra relacionados a la clase media y media alta, las ventas totales a precios constantes, en el sexto mes del a\u00f1o, alcanzaron un total de 7.270 millones de pesos: se desplomaron 4,5 por ciento interanual. Se trata de la primera retracci\u00f3n en 8 meses, donde se destacan la contracci\u00f3n del consumo en esparcimiento, ropa, accesorios deportivos y electr\u00f3nica.\u00a0\u201cMientras para un segmento se impulsan los viajes y el consumo fuera, para otro segmento es necesario intentar anabolizar con promos y descuentos\u201d, asegura un informe de la consultora\u00a0Moiguer.\u00a0<\/p>\n<p><!-- Live Blog Post --><\/div>\n<p><a href=\"https:\/\/www.pagina12.com.ar\/851497-el-ancla-a-los-ingresos-frena-el-consumo-masivo\">source<\/a><\/p>\n","protected":false},"excerpt":{"rendered":"<p>El estancamiento de la econom\u00eda registra n\u00fameros de alerta, tambi\u00e9n en junio. Las ventas de&#8230;<\/p>\n","protected":false},"author":0,"featured_media":199709,"comment_status":"open","ping_status":"open","sticky":false,"template":"","format":"standard","meta":{"footnotes":""},"categories":[5],"tags":[],"class_list":["post-199708","post","type-post","status-publish","format-standard","has-post-thumbnail","hentry","category-economia"],"featured_image_urls":{"full":["https:\/\/radiofenix.com.ar\/2023\/wp-content\/uploads\/2025\/08\/wp-header-logo-124.png",960,540,false],"thumbnail":["https:\/\/radiofenix.com.ar\/2023\/wp-content\/uploads\/2025\/08\/wp-header-logo-124-150x150.png",150,150,true],"medium":["https:\/\/radiofenix.com.ar\/2023\/wp-content\/uploads\/2025\/08\/wp-header-logo-124-300x169.png",300,169,true],"medium_large":["https:\/\/radiofenix.com.ar\/2023\/wp-content\/uploads\/2025\/08\/wp-header-logo-124-768x432.png",640,360,true],"large":["https:\/\/radiofenix.com.ar\/2023\/wp-content\/uploads\/2025\/08\/wp-header-logo-124.png",640,360,false],"1536x1536":["https:\/\/radiofenix.com.ar\/2023\/wp-content\/uploads\/2025\/08\/wp-header-logo-124.png",960,540,false],"2048x2048":["https:\/\/radiofenix.com.ar\/2023\/wp-content\/uploads\/2025\/08\/wp-header-logo-124.png",960,540,false],"newsium-slider-full":["https:\/\/radiofenix.com.ar\/2023\/wp-content\/uploads\/2025\/08\/wp-header-logo-124.png",960,540,false],"newsium-featured":["https:\/\/radiofenix.com.ar\/2023\/wp-content\/uploads\/2025\/08\/wp-header-logo-124.png",960,540,false],"newsium-medium":["https:\/\/radiofenix.com.ar\/2023\/wp-content\/uploads\/2025\/08\/wp-header-logo-124-720x475.png",720,475,true]},"author_info":{"info":[""]},"category_info":"<a href=\"https:\/\/radiofenix.com.ar\/2023\/category\/economia\/\" rel=\"category tag\">Economia<\/a>","tag_info":"Economia","comment_count":"0","_links":{"self":[{"href":"https:\/\/radiofenix.com.ar\/2023\/wp-json\/wp\/v2\/posts\/199708","targetHints":{"allow":["GET"]}}],"collection":[{"href":"https:\/\/radiofenix.com.ar\/2023\/wp-json\/wp\/v2\/posts"}],"about":[{"href":"https:\/\/radiofenix.com.ar\/2023\/wp-json\/wp\/v2\/types\/post"}],"replies":[{"embeddable":true,"href":"https:\/\/radiofenix.com.ar\/2023\/wp-json\/wp\/v2\/comments?post=199708"}],"version-history":[{"count":0,"href":"https:\/\/radiofenix.com.ar\/2023\/wp-json\/wp\/v2\/posts\/199708\/revisions"}],"wp:featuredmedia":[{"embeddable":true,"href":"https:\/\/radiofenix.com.ar\/2023\/wp-json\/wp\/v2\/media\/199709"}],"wp:attachment":[{"href":"https:\/\/radiofenix.com.ar\/2023\/wp-json\/wp\/v2\/media?parent=199708"}],"wp:term":[{"taxonomy":"category","embeddable":true,"href":"https:\/\/radiofenix.com.ar\/2023\/wp-json\/wp\/v2\/categories?post=199708"},{"taxonomy":"post_tag","embeddable":true,"href":"https:\/\/radiofenix.com.ar\/2023\/wp-json\/wp\/v2\/tags?post=199708"}],"curies":[{"name":"wp","href":"https:\/\/api.w.org\/{rel}","templated":true}]}}