{"id":199710,"date":"2025-08-22T08:57:30","date_gmt":"2025-08-22T08:57:30","guid":{"rendered":"https:\/\/radiofenix.com.ar\/2023\/segun-makintach-no-hubo-filmacion-prohibida\/"},"modified":"2025-08-22T08:57:30","modified_gmt":"2025-08-22T08:57:30","slug":"segun-makintach-no-hubo-filmacion-prohibida","status":"publish","type":"post","link":"https:\/\/radiofenix.com.ar\/2023\/segun-makintach-no-hubo-filmacion-prohibida\/","title":{"rendered":"Seg\u00fan Makintach &quot;no hubo filmaci\u00f3n prohibida&quot;"},"content":{"rendered":"<div><!-- Body --><\/p>\n<p>Este jueves <b>Julieta Makintach<\/b>, la jueza del documental que termin\u00f3 en la suspensi\u00f3n del juicio por la muerte de Diego Armando Maradona, <b>present\u00f3 un descargo junto a sus abogados frente al\u00a0Jurado de Enjuiciamiento de Magistrados<\/b> de la provincia de Buenos Aires. All\u00ed la magistrada afirm\u00f3 que <b>\u00abno hubo filmaci\u00f3n prohibida\u00bb<\/b> y que sus colegas, Ver\u00f3nica Di Tomasso y Maximiliano Savarino, s\u00ed estaban al tanto de los registros f\u00edlmicos.<\/p>\n<p><b>\u00abNo existieron\u00a0tomas audiovisuales ocultas, clandestinas o prohibidas\u00bb, sostiene Makintach<\/b> en el escrito, quien continu\u00f3 diciendo que estas eran <b>\u00abconocidas y, por lo tanto, consentidas y avaladas por todos los integrantes del tribunal<\/b> e incluso comunicadas informalmente en el plano institucional\u00bb.<\/p>\n<p>En el documento de casi 30 p\u00e1ginas <b>la jueza asegur\u00f3 que sus compa\u00f1eros en el Tribunal N\u00ba3 de San Isidro tomaron la decisi\u00f3n en conjunto con ella<\/b>, \u00abtanto de modo di\u00e1logo presencial como v\u00eda chat de WhatsApp\u00bb. De esta forma Makintach explica que \u00abla presencia notoria y evidente de una persona que entraba y sal\u00eda de la sala llevando consigo a la vista de todos una c\u00e1mara de grandes dimensiones\u00bb se trat\u00f3 del <b>\u00abresultado de un hecho conversado en el tribunal y consecuentemente autorizado\u00bb<\/b>, y neg\u00f3 que se tratara de una \u00abc\u00e1mara oculta\u00bb.\u00a0<\/p>\n<h2>Las explicaciones y la defensa<\/h2>\n<p>Adem\u00e1s, respecto a la posibilidad de que esas im\u00e1genes sean parte de un documental, ella <b>se deslig\u00f3 de la \u00abpromoci\u00f3n o participaci\u00f3n en un documental\u00bb<\/b> y se\u00f1al\u00f3 a Mar\u00eda L\u00eda Vidal y a Juan Emilio como los promotores de la idea. Sin embargo, en una marcada contradicci\u00f3n, Makintach tambi\u00e9n subray\u00f3 que en ese presunto documental no se abordar\u00edan \u00ab<strong>cuestiones propias del debate judicial sino m\u00e1s bien vinculadas a la idea de justicia<\/strong>\u00ab, sobre todo alrededor de \u00ab<strong>la vida y muerte de un \u00eddolo mundial\u00bb<\/strong>. De esta forma la funcionaria del Poder Judicial bonaerense explic\u00f3 la tem\u00e1tica que tendr\u00eda el frustrado documental del que neg\u00f3 ser parte.<\/p>\n<p>De todas formas, en el descargo <b>la jueza s\u00ed reconoci\u00f3 que acept\u00f3 \u00abdar una entrevista previa al inicio del juicio\u00bb<\/b> en un d\u00eda no h\u00e1bil y porque quien le acerc\u00f3 la propuesta fue una amiga de la infancia a quien conoce desde el colegio. Por esta explicaci\u00f3n Makintach consider\u00f3 que esto \u00abno provoca afectaci\u00f3n a su labor diaria judicial\u00bb.<\/p>\n<p>Finalmente la magistrada se defendi\u00f3 tras la nulidad del juicio y su recusaci\u00f3n. En principio, para Makintach <b>\u00abno hay posibilidad de considerar la existencia de mal desempe\u00f1o, abuso de autoridad, malversaci\u00f3n de recursos p\u00fablicos o violaci\u00f3n de deberes funcionales\u00bb<\/b> ya que no hubo \u00abcomportamiento alguno capaz de dar sustento f\u00e1ctico\u00a0a esos armados t\u00edpicos, <b>ni existe prueba objetiva o eventual indicio concreto<\/b> que permita sostener tales imputaciones\u00bb.<\/p>\n<p><b>Los abogados defensores de Makintach solicitaron que se rechacen todas las acusaciones formuladas<\/b> contra su clienta y que no se configuren causales constitucionales buscando su destituci\u00f3n. Por el contrario, <b>reclamaron la continuidad de la magistrada en su cargo<\/b> y pidieron que se ponga en valor la independencia judicial, la supremac\u00eda del derecho y el resguardo frente a presiones medi\u00e1ticas.<\/p>\n<h2>El inicio del esc\u00e1ndalo<\/h2>\n<p>Julieta Makintach qued\u00f3 en el centro de la escena el 24 de mayo de 2025, cuando trascendi\u00f3 un peque\u00f1o trailer del <b>presunto documental llamado \u00abJusticia Divina\u00bb<\/b>. Ese mismo d\u00eda abogados, fiscales y familiares denunciaron en plena audiencia que hab\u00eda c\u00e1maras registrando el juicio por la muerte de Maradona. En las horas siguientes<b> la denuncia incluy\u00f3 pruebas de correos electr\u00f3nicos, un gui\u00f3n y otro trailer protagonizado por Makintach<\/b>.\u00a0<\/p>\n<p>Finalmente el 29 de mayo los jueces restantes, <b>Maximiliano Savarino y Ver\u00f3nica Di Tomasso declararon la nulidad del juicio<\/b> debido a que el proceso judicial comenzado en marzo de este a\u00f1o se hab\u00eda pervertido y no hab\u00eda forma de retornar a la normalidad. Tambi\u00e9n intervino la Suprema Corte de Justicia bonaerense, que le impuso a Makintach una<b> licencia de 90 d\u00edas<\/b> recrimin\u00e1ndole su conducta.<\/p>\n<p><b>Reci\u00e9n a fines de junio la magistrada present\u00f3 su renuncia<\/b>, a lo que el gobernador de la Provincia de Buenos Aires, Axel Kicillof, a\u00fan debe responder si la acepta o la rechaza. A la par, el <b>Jurado de Enjuiciamientos de Magistrados debe evaluar las denuncias contra Makintach<\/b> por mal desempe\u00f1o. Si Kicillof no acepta la renuncia, la jueza <b>podr\u00eda enfrentar un proceso de destituci\u00f3n<\/b> por esa v\u00eda. En cambio, si el gobernador convalida el cese de actividades como funcionaria judicial, Makintach quedar\u00eda sin fueros y podr\u00eda ser imputada frente a otro tipo de denuncias penales.<\/p>\n<h2>\u00bfY el juicio por Maradona?<\/h2>\n<p>Tras un sorteo realizado el 19 de junio, <b>el juicio sobre la muerte del \u00eddolo popular qued\u00f3 en manos del Tribunal Oral en lo Criminal N\u00ba 7 de San Isidro<\/b>, integrado por los jueces Alberto Gaig, Pablo Rol\u00f3n (en reemplazo de Alejandro Lagos) y Alberto Ortolani. Sin embargo, la causa a\u00fan est\u00e1 frenada a la espera de fijar nuevas audiencias, redefinir pruebas y convocar a los testigos que ya hab\u00edan declarado previamente.<\/p>\n<p>A\u00fan no hay una fecha definida para que se retome la causa por <b>homicidio simple con dolo eventual<\/b>. De todas formas se especula con que dif\u00edcilmente comience este a\u00f1o\u00a0el juicio donde se investiga la culpabilidad del neurocirujano <b>Leopoldo Luque<\/b>, la psiquiatra <b>Agustina Cosachov<\/b>, el psic\u00f3logo<b> Carlos D\u00edaz<\/b>, la coordinadora de Swiss Medical <b>Nancy Forlini<\/b>, el m\u00e9dico cl\u00ednico <b>Pedro Di Spagna<\/b>, el coordinador de enfermeros <b>Mariano Perroni<\/b>, el enfermero <b>Ricardo Almir\u00f3n<\/b> y la enfermera <b>Dahiana Gisela Madrid<\/b>.<\/p>\n<p><!-- Live Blog Post --><\/div>\n<p><a href=\"https:\/\/www.pagina12.com.ar\/851429-segun-makintach-no-hubo-filmacion-prohibida\">source<\/a><\/p>\n","protected":false},"excerpt":{"rendered":"<p>Este jueves Julieta Makintach, la jueza del documental que termin\u00f3 en la suspensi\u00f3n del juicio&#8230;<\/p>\n","protected":false},"author":0,"featured_media":199711,"comment_status":"open","ping_status":"open","sticky":false,"template":"","format":"standard","meta":{"footnotes":""},"categories":[7],"tags":[],"class_list":["post-199710","post","type-post","status-publish","format-standard","has-post-thumbnail","hentry","category-sociedad"],"featured_image_urls":{"full":["https:\/\/radiofenix.com.ar\/2023\/wp-content\/uploads\/2025\/08\/wp-header-logo-125.png",960,540,false],"thumbnail":["https:\/\/radiofenix.com.ar\/2023\/wp-content\/uploads\/2025\/08\/wp-header-logo-125-150x150.png",150,150,true],"medium":["https:\/\/radiofenix.com.ar\/2023\/wp-content\/uploads\/2025\/08\/wp-header-logo-125-300x169.png",300,169,true],"medium_large":["https:\/\/radiofenix.com.ar\/2023\/wp-content\/uploads\/2025\/08\/wp-header-logo-125-768x432.png",640,360,true],"large":["https:\/\/radiofenix.com.ar\/2023\/wp-content\/uploads\/2025\/08\/wp-header-logo-125.png",640,360,false],"1536x1536":["https:\/\/radiofenix.com.ar\/2023\/wp-content\/uploads\/2025\/08\/wp-header-logo-125.png",960,540,false],"2048x2048":["https:\/\/radiofenix.com.ar\/2023\/wp-content\/uploads\/2025\/08\/wp-header-logo-125.png",960,540,false],"newsium-slider-full":["https:\/\/radiofenix.com.ar\/2023\/wp-content\/uploads\/2025\/08\/wp-header-logo-125.png",960,540,false],"newsium-featured":["https:\/\/radiofenix.com.ar\/2023\/wp-content\/uploads\/2025\/08\/wp-header-logo-125.png",960,540,false],"newsium-medium":["https:\/\/radiofenix.com.ar\/2023\/wp-content\/uploads\/2025\/08\/wp-header-logo-125-720x475.png",720,475,true]},"author_info":{"info":[""]},"category_info":"<a href=\"https:\/\/radiofenix.com.ar\/2023\/category\/sociedad\/\" rel=\"category tag\">Sociedad<\/a>","tag_info":"Sociedad","comment_count":"0","_links":{"self":[{"href":"https:\/\/radiofenix.com.ar\/2023\/wp-json\/wp\/v2\/posts\/199710","targetHints":{"allow":["GET"]}}],"collection":[{"href":"https:\/\/radiofenix.com.ar\/2023\/wp-json\/wp\/v2\/posts"}],"about":[{"href":"https:\/\/radiofenix.com.ar\/2023\/wp-json\/wp\/v2\/types\/post"}],"replies":[{"embeddable":true,"href":"https:\/\/radiofenix.com.ar\/2023\/wp-json\/wp\/v2\/comments?post=199710"}],"version-history":[{"count":0,"href":"https:\/\/radiofenix.com.ar\/2023\/wp-json\/wp\/v2\/posts\/199710\/revisions"}],"wp:featuredmedia":[{"embeddable":true,"href":"https:\/\/radiofenix.com.ar\/2023\/wp-json\/wp\/v2\/media\/199711"}],"wp:attachment":[{"href":"https:\/\/radiofenix.com.ar\/2023\/wp-json\/wp\/v2\/media?parent=199710"}],"wp:term":[{"taxonomy":"category","embeddable":true,"href":"https:\/\/radiofenix.com.ar\/2023\/wp-json\/wp\/v2\/categories?post=199710"},{"taxonomy":"post_tag","embeddable":true,"href":"https:\/\/radiofenix.com.ar\/2023\/wp-json\/wp\/v2\/tags?post=199710"}],"curies":[{"name":"wp","href":"https:\/\/api.w.org\/{rel}","templated":true}]}}