{"id":199712,"date":"2025-08-22T08:57:31","date_gmt":"2025-08-22T08:57:31","guid":{"rendered":"https:\/\/radiofenix.com.ar\/2023\/el-ministro-de-seguridad-bonaerense-apunto-contra-conmebol-solo-les-importa-el-espectaculo-televisivo\/"},"modified":"2025-08-22T08:57:31","modified_gmt":"2025-08-22T08:57:31","slug":"el-ministro-de-seguridad-bonaerense-apunto-contra-conmebol-solo-les-importa-el-espectaculo-televisivo","status":"publish","type":"post","link":"https:\/\/radiofenix.com.ar\/2023\/el-ministro-de-seguridad-bonaerense-apunto-contra-conmebol-solo-les-importa-el-espectaculo-televisivo\/","title":{"rendered":"El ministro de Seguridad bonaerense apunt\u00f3 contra CONMEBOL: &quot;Solo les importa el espect\u00e1culo televisivo&quot;"},"content":{"rendered":"<div><!-- Body --><\/p>\n<p><b>Javier Alonso<\/b>, ministro de Seguridad de la Provincia de Buenos Aires, responsabiliz\u00f3 a Independiente y a la seguridad privada, que es la encargada del orden en el interior del estadio, por los<a href=\"https:\/\/www.pagina12.com.ar\/851275-graves-incidentes-en-avellaneda-10-heridos-90-detenidos-dest\">\u00a0graves inicidentes de este mi\u00e9rcoles a la noche en Avellaneda<\/a>\u00a0durante el partido por Copa Sudamericana entre el club local y Universidad de Chile. Fue especialmente duro con la CONMEBOL:<b> \u00abSolo les interesa el espect\u00e1culo televisivo, no la seguridad del p\u00fablico\u00bb<\/b>.<\/p>\n<h3\/>\n<p>\u201cQueda claro que <b>hubo protocolos de la CONMEBOL<\/b>, que est\u00e1n escritos en manuales muy claros donde se le exige al club presentar un plan operativo, <b>que\u00a0no se cumplieron<\/b>\u201d, asegur\u00f3 el ministro de Seguridad bonaerense.\u00a0<\/p>\n<p>El funcionario destac\u00f3 que la responsabilidad de las fuerzas de seguridad es garantizar el orden en el exterior y las inmediaciones del estadio. <b>Adentro se tiene que encargar la empresa de seguridad privada<\/b>, en este caso <i>UP<\/i>.\u00a0\u00a0<b>\u00abEn el exterior del estadio no se produjo ning\u00fan incidente<\/b>. Los hinchas llegaron en el horario establecido, se coordin\u00f3 con la Polic\u00eda de la Ciudad su traslado\u00bb, resalt\u00f3 Alonso.<\/p>\n<p>\u201cLo que queda claro y se ve en las im\u00e1genes es que <b>no hab\u00eda un cord\u00f3n de agentes de seguridad privada limitando la acci\u00f3n de los hinchas visitantes hacia lo que se llaman las gargantas de las esquinas (las uniones entre tribunas)<\/b>, <b>ni que impidieran que los hinchas balcone\u00e9n hacia la parte de abajo\u00bb<\/b>, apunt\u00f3 el Ministro.<\/p>\n<p>Alonso sostuvo que ya<b> antes del final del primer tiempo, la Polic\u00eda bonaerense le dijo al oficial de CONMEBOL que hab\u00eda que suspender el partido:<\/b>\u00a0<b>\u201cLa responsabilidad es del oficial delegado de CONMEBOL, que es quien decide de acuerdo al protocolo establecido las medidas que se tienen que tomar\u00bb<\/b>.<\/p>\n<p>Al regresar los equipos, el ministro de Seguridad asegura que desde CONMEBOL le pidieron a los efectivos policiales que reprimieran para desalojar la tribuna visitante,<b> desde donde los hinchas chilenos arrojaban hierros y butacas<\/b>, y seguir jugando el partido. \u201cCuando la situaci\u00f3n ya era complicada pretend\u00edan que la Infanter\u00eda subiera a reprimir, no s\u00e9 con qu\u00e9, con gases, con balas de goma, a 2300 familias que hab\u00eda ah\u00ed, que es una locura, que de ninguna manera nosotros \u00edbamos a hacer eso. <b>Hubiera sido otra \u201cPuerta 12<\/b>\u201d, advirti\u00f3 el responsable de la cartera de Seguridad.<\/p>\n<p>\u00abAc\u00e1 hay una responsabilidad clara en la dilaci\u00f3n de la CONMEBOL en suspender el partido cuando era claro que hab\u00eda una actitud muy hostil.\u00a0Han destrozado todo el estadio. Los ca\u00f1os, los palos, han arrancado los perfiles fierros de la escalera. Rompieron todos los ba\u00f1os, los mingitorios, los inodoros.\u00a0Podr\u00eda haber sido una tragedia mucho m\u00e1s importante, fall\u00f3 el trabajo de la seguridad privada y el de la CONMEBOL. <b>A ellos solo les importa el espect\u00e1culo televisivo<\/b>\u00ab, remarc\u00f3 Alonso.<\/p>\n<h2>Respuesta a Patricia Bullrich<\/h2>\n<p>Luego, consultado sobre la declaraciones de la ministra Patricia Bullrich, quien lo responsabiliz\u00f3 por los incidentes, el funcionario bonaerense respondi\u00f3: <b>\u00abBullrich es candidata, estamos en una campa\u00f1a erro\u00f1osa, est\u00e1 mintiendo con un mont\u00f3n de situaciones y me parece que&#8230; lo que tiene que hacer es combatir al narcotr\u00e1fico<\/b>, que deje de tuitear y que vaya a combatir a los narcos, est\u00e1 carancheando con el dolor de la gente\u00bb.<\/p>\n<p>\u00abSi hay un lugar donde se juega con los dos p\u00fablicos es en la provincia de Buenos Aires. Hicimos cinco partidos por Copa Argentina en la cancha de Independiente donde no tuvimos un solo problema. \u00bfPor qu\u00e9? Porque nosotros sabemos c\u00f3mo distribuir las tribunas. No pod\u00e9s tener unos hinchas arriba y otros abajo. Lo dijimos en la reuni\u00f3n. Ellos lo quisieron hacer as\u00ed. <b>La Conmebol exigi\u00f3 que estuviera toda la tribuna. Le dijimos que era un error. Lo hicieron igual. Bueno, ac\u00e1 est\u00e1n las consecuencias. Entonces hay un organizador que va a tener que hacerse cargo de lo que pas\u00f3 (&#8230;) Entonces que sea seria Patricia Bullrich, y si no que renuncie y sea candidata\u00bb.<\/b><\/p>\n<h2>Heridos y detenidos<\/h2>\n<p>El Ministro confirm\u00f3 que <b>hay 20 heridos, dos de ellos en estado grave<\/b>. Ambos fueron intervenidos quir\u00fargicamente en el Hospital Fiorito, mientras que el resto est\u00e1n fuera de peligro. Por otra parte, inform\u00f3 que son 111 los detenidos, quienes pasaron la noche en la Comisar\u00eda 4ta.<b>\u00a0\u201cVamos a identificar a los hinchas que se escaparon, ya tenemos las caras. Les vamos a prohibir el ingreso a la cancha\u201d<\/b>, advirt\u00f3 Alonso.\u00a0<\/p>\n<p>En cuanto a la causa judicial, el funcionario remarc\u00f3 que <a href=\"https:\/\/www.pagina12.com.ar\/851340-el-embajador-de-chile-critico-el-operativo-policial\">el embajador de Chile<\/a> estuvo hablando con el fiscal y que este \u00faltimo aval\u00f3 todo lo actuado por la Polic\u00eda. <b>\u201cLa seguridad privada y el delegado de CONMEBOL tendr\u00e1n que darle explicaciones a la Justicia de por qu\u00e9 tomaron las decisiones que se tomaron\u00bb<\/b>, advirti\u00f3.<\/p>\n<p>\u201cHay que poner sanciones duras y que no vengan m\u00e1s a la cancha. Es lo que hacemos nosotros en el f\u00fatbol argentino. Les damos a los visitantes la tribuna completa, no hay posibilidad de que se crucen con los locales. Esta es la decisi\u00f3n de la CONMEBOL y as\u00ed termin\u00f3\u201d, sentenci\u00f3 Alonso.\u00a0<\/p>\n<h2>El carancheo pol\u00edtico de Bullrich<\/h2>\n<p>Como de costumbre,<b> Patricia Bullrich aprovech\u00f3 la tragedia para intentar sacar un provecho pol\u00edtico e incluso insultar al gobernador Axel Kicillof<\/b>. Sin argumentos ni explicaciones, la ministra de Seguridad de la Naci\u00f3n apunt\u00f3 contra el gobierno provincial al que acus\u00f3 de \u00abtener miedo de hacer intervenir a la Polic\u00eda\u00bb y de \u00abconvivir con los barras y sus negocios\u00bb.\u00a0<\/p>\n<p>Es importante destacar que el presidente de Independiente, <b>N\u00e9stor Grindetti<\/b>, es un dirigente af\u00edn a Bullrich, tanto que incluso fue su candidato a gobernador bonaerense en las elecciones de 2023 en las que ella busc\u00f3 la presidencia.\u00a0<\/p>\n<h3>Segu\u00ed leyendo<\/h3>\n<h3\/><!-- Live Blog Post --><\/div>\n<p><a href=\"https:\/\/www.pagina12.com.ar\/851359-el-ministro-de-seguridad-bonaerense-apunto-contra-conmebol-s\">source<\/a><\/p>\n","protected":false},"excerpt":{"rendered":"<p>Javier Alonso, ministro de Seguridad de la Provincia de Buenos Aires, responsabiliz\u00f3 a Independiente y&#8230;<\/p>\n","protected":false},"author":0,"featured_media":199713,"comment_status":"open","ping_status":"open","sticky":false,"template":"","format":"standard","meta":{"footnotes":""},"categories":[3],"tags":[],"class_list":["post-199712","post","type-post","status-publish","format-standard","has-post-thumbnail","hentry","category-deportes"],"featured_image_urls":{"full":["https:\/\/radiofenix.com.ar\/2023\/wp-content\/uploads\/2025\/08\/wp-header-logo-126.png",960,540,false],"thumbnail":["https:\/\/radiofenix.com.ar\/2023\/wp-content\/uploads\/2025\/08\/wp-header-logo-126-150x150.png",150,150,true],"medium":["https:\/\/radiofenix.com.ar\/2023\/wp-content\/uploads\/2025\/08\/wp-header-logo-126-300x169.png",300,169,true],"medium_large":["https:\/\/radiofenix.com.ar\/2023\/wp-content\/uploads\/2025\/08\/wp-header-logo-126-768x432.png",640,360,true],"large":["https:\/\/radiofenix.com.ar\/2023\/wp-content\/uploads\/2025\/08\/wp-header-logo-126.png",640,360,false],"1536x1536":["https:\/\/radiofenix.com.ar\/2023\/wp-content\/uploads\/2025\/08\/wp-header-logo-126.png",960,540,false],"2048x2048":["https:\/\/radiofenix.com.ar\/2023\/wp-content\/uploads\/2025\/08\/wp-header-logo-126.png",960,540,false],"newsium-slider-full":["https:\/\/radiofenix.com.ar\/2023\/wp-content\/uploads\/2025\/08\/wp-header-logo-126.png",960,540,false],"newsium-featured":["https:\/\/radiofenix.com.ar\/2023\/wp-content\/uploads\/2025\/08\/wp-header-logo-126.png",960,540,false],"newsium-medium":["https:\/\/radiofenix.com.ar\/2023\/wp-content\/uploads\/2025\/08\/wp-header-logo-126-720x475.png",720,475,true]},"author_info":{"info":[""]},"category_info":"<a href=\"https:\/\/radiofenix.com.ar\/2023\/category\/deportes\/\" rel=\"category tag\">Deportes<\/a>","tag_info":"Deportes","comment_count":"0","_links":{"self":[{"href":"https:\/\/radiofenix.com.ar\/2023\/wp-json\/wp\/v2\/posts\/199712","targetHints":{"allow":["GET"]}}],"collection":[{"href":"https:\/\/radiofenix.com.ar\/2023\/wp-json\/wp\/v2\/posts"}],"about":[{"href":"https:\/\/radiofenix.com.ar\/2023\/wp-json\/wp\/v2\/types\/post"}],"replies":[{"embeddable":true,"href":"https:\/\/radiofenix.com.ar\/2023\/wp-json\/wp\/v2\/comments?post=199712"}],"version-history":[{"count":0,"href":"https:\/\/radiofenix.com.ar\/2023\/wp-json\/wp\/v2\/posts\/199712\/revisions"}],"wp:featuredmedia":[{"embeddable":true,"href":"https:\/\/radiofenix.com.ar\/2023\/wp-json\/wp\/v2\/media\/199713"}],"wp:attachment":[{"href":"https:\/\/radiofenix.com.ar\/2023\/wp-json\/wp\/v2\/media?parent=199712"}],"wp:term":[{"taxonomy":"category","embeddable":true,"href":"https:\/\/radiofenix.com.ar\/2023\/wp-json\/wp\/v2\/categories?post=199712"},{"taxonomy":"post_tag","embeddable":true,"href":"https:\/\/radiofenix.com.ar\/2023\/wp-json\/wp\/v2\/tags?post=199712"}],"curies":[{"name":"wp","href":"https:\/\/api.w.org\/{rel}","templated":true}]}}