{"id":199714,"date":"2025-08-22T08:57:34","date_gmt":"2025-08-22T08:57:34","guid":{"rendered":"https:\/\/radiofenix.com.ar\/2023\/un-especialista-en-cronobiologia-tildo-de-incorrecto-el-proyecto-para-modificar-la-hora-oficial-de-argentina\/"},"modified":"2025-08-22T08:57:34","modified_gmt":"2025-08-22T08:57:34","slug":"un-especialista-en-cronobiologia-tildo-de-incorrecto-el-proyecto-para-modificar-la-hora-oficial-de-argentina","status":"publish","type":"post","link":"https:\/\/radiofenix.com.ar\/2023\/un-especialista-en-cronobiologia-tildo-de-incorrecto-el-proyecto-para-modificar-la-hora-oficial-de-argentina\/","title":{"rendered":"Un especialista en cronobiolog\u00eda tild\u00f3 de &quot;incorrecto&quot; el proyecto para modificar la hora oficial de Argentina"},"content":{"rendered":"<div id=\"\">\n<div contenteditable=\"false\" class=\"embed_cont type_imagen\" id=\"8116355-Libre-1070975850_wrap\">\n<p> cobos huso horario golombek <span onclick=\"parent.parent.TinyMCETdcuerpo.preview_embed('8116355-Libre-1070975850')\" class=\"embed_colapse less\" id=\"8116355-Libre-1070975850_colapse\"\/>  <span onclick=\"parent.parent.TinyMCETdcuerpo.delete_embed('8116355-Libre-1070975850')\" class=\"embed_delete less\" id=\"8116355-Libre-1070975850_delete\"\/><\/p>\n<div id=\"8116355-Libre-1070975850_content\" class=\"embed_content\"><img decoding=\"async\" src=\"https:\/\/media.minutouno.com\/p\/450db1fd6ce6df3cca34af73360918bb\/adjuntos\/150\/imagenes\/042\/693\/0042693190\/610x0\/smart\/cobos-huso-horario-golombek.JPG\" alt=\"\" title=\"\" width=\"610\" height=\"undefined\" id=\"8116355-Libre-1070975850_embed\"\/><\/div>\n<\/p><\/div>\n<p>Golombek, que es investigador del CONICET adem\u00e1s de especialista en c\u00f3mo el tiempo afecta la biolog\u00eda humana, se\u00f1al\u00f3 que sab\u00eda del proyecto para aplicar <strong>un cambio horario en nuestro pa\u00eds pero se lament\u00f3 porque \u00abprim\u00f3 la opini\u00f3n sobre la ciencia\u00bb<\/strong>, a juzgar por la propuesta que lleg\u00f3 al recinto de Diputados el mi\u00e9rcoles de esta semana.<\/p>\n<p>\u00abHace tiempo, <strong>cuando vimos el proyecto lo advertimos y prove\u00edmos evidencia cient\u00edfica de que deb\u00edamos estar en el huso horario -4 todo el a\u00f1o<\/strong>. Ahora vemos que <span class=\"saysCMSEmphasis\" id=\"saysCMSEmphasisgjau7g6tdeb\">no nos prestaron atenci\u00f3n<\/span>, y que nuevamente prim\u00f3 la opini\u00f3n sobre la ciencia\u00bb, convino.<\/p>\n<div contenteditable=\"false\" class=\"embed_cont type_imagen\" id=\"8116199-Libre-282747594_wrap\">\n<p>posteos huso horario argentina <span onclick=\"parent.parent.TinyMCETdcuerpo.preview_embed('8116199-Libre-282747594')\" class=\"embed_colapse less\" id=\"8116199-Libre-282747594_colapse\"\/>  <span onclick=\"parent.parent.TinyMCETdcuerpo.delete_embed('8116199-Libre-282747594')\" class=\"embed_delete less\" id=\"8116199-Libre-282747594_delete\"\/><\/p>\n<div id=\"8116199-Libre-282747594_content\" class=\"embed_content\"><img decoding=\"async\" src=\"https:\/\/media.minutouno.com\/p\/126dc72b238811af5c89ffc316afe3be\/adjuntos\/150\/imagenes\/042\/692\/0042692275\/610x0\/smart\/posteos-huso-horario-argentina.JPG\" alt=\"\" title=\"\" width=\"610\" height=\"undefined\" id=\"8116199-Libre-282747594_embed\"\/><\/div>\n<\/p><\/div>\n<p>Golombek subray\u00f3 que \u00ab<strong>es lamentable, porque la intenci\u00f3n de corregir nuestro desfasaje horario es muy acertada<\/strong>, pero la alternancia de horarios trae m\u00e1s trastornos que soluciones\u00bb, y volvi\u00f3 a resaltar la importancia del criterio cient\u00edfico para la elaboraci\u00f3n de normas.<\/p>\n<p>\u00abPara esto est\u00e1 la ciencia: para proveer de evidencia a las discusiones sobre pol\u00edticas p\u00fablicas. Pero si no la tienen en cuenta, caeremos una y otra vez en errores, idas y vueltas que no le hacen bien a nadie\u00bb, sentenci\u00f3.<\/p>\n<div contenteditable=\"false\" class=\"embed_cont type_freetext\" rel=\"freetext\" id=\"embed75_wrap\">\n<p>Embed <span onclick=\"parent.parent.TinyMCETdcuerpo.preview_embed('embed75')\" class=\"embed_colapse less\" id=\"embed75_colapse\"\/>  <span onclick=\"parent.parent.TinyMCETdcuerpo.delete_embed('embed75')\" class=\"embed_delete less\" id=\"embed75_delete\"\/><\/p>\n<div id=\"embed75_content\" class=\"embed_content\">\n<div id=\"embed75_embed\">\n<figure class=\"figure\"><a href=\"https:\/\/t.me\/minutounocom\" target=\"_blank\" data-bcup-haslogintext=\"no\"><img decoding=\"async\" src=\"https:\/\/media.minutouno.com\/adjuntos\/150\/banners\/039\/099\/0039099175.jpg\" class=\"figure-img img-fluid\" style=\"width:100%;height:auto;\"\/><\/a><\/figure>\n<\/p><\/div>\n<\/div><\/div>\n<\/p><\/div>\n<p><a href=\"https:\/\/www.minutouno.com\/politica\/un-especialista-cronobiologia-tildo-incorrecto-el-proyecto-modificar-la-hora-oficial-argentina-n6181173\">source<\/a><\/p>\n","protected":false},"excerpt":{"rendered":"<p>cobos huso horario golombek Golombek, que es investigador del CONICET adem\u00e1s de especialista en c\u00f3mo&#8230;<\/p>\n","protected":false},"author":0,"featured_media":199715,"comment_status":"open","ping_status":"open","sticky":false,"template":"","format":"standard","meta":{"footnotes":""},"categories":[2],"tags":[],"class_list":["post-199714","post","type-post","status-publish","format-standard","has-post-thumbnail","hentry","category-politica"],"featured_image_urls":{"full":["https:\/\/radiofenix.com.ar\/2023\/wp-content\/uploads\/2025\/08\/wp-header-logo-127.png",610,801,false],"thumbnail":["https:\/\/radiofenix.com.ar\/2023\/wp-content\/uploads\/2025\/08\/wp-header-logo-127-150x150.png",150,150,true],"medium":["https:\/\/radiofenix.com.ar\/2023\/wp-content\/uploads\/2025\/08\/wp-header-logo-127-228x300.png",228,300,true],"medium_large":["https:\/\/radiofenix.com.ar\/2023\/wp-content\/uploads\/2025\/08\/wp-header-logo-127.png",610,801,false],"large":["https:\/\/radiofenix.com.ar\/2023\/wp-content\/uploads\/2025\/08\/wp-header-logo-127.png",610,801,false],"1536x1536":["https:\/\/radiofenix.com.ar\/2023\/wp-content\/uploads\/2025\/08\/wp-header-logo-127.png",610,801,false],"2048x2048":["https:\/\/radiofenix.com.ar\/2023\/wp-content\/uploads\/2025\/08\/wp-header-logo-127.png",610,801,false],"newsium-slider-full":["https:\/\/radiofenix.com.ar\/2023\/wp-content\/uploads\/2025\/08\/wp-header-logo-127.png",610,801,false],"newsium-featured":["https:\/\/radiofenix.com.ar\/2023\/wp-content\/uploads\/2025\/08\/wp-header-logo-127.png",610,801,false],"newsium-medium":["https:\/\/radiofenix.com.ar\/2023\/wp-content\/uploads\/2025\/08\/wp-header-logo-127-610x475.png",610,475,true]},"author_info":{"info":[""]},"category_info":"<a href=\"https:\/\/radiofenix.com.ar\/2023\/category\/politica\/\" rel=\"category tag\">Pol\u00edtica<\/a>","tag_info":"Pol\u00edtica","comment_count":"0","_links":{"self":[{"href":"https:\/\/radiofenix.com.ar\/2023\/wp-json\/wp\/v2\/posts\/199714","targetHints":{"allow":["GET"]}}],"collection":[{"href":"https:\/\/radiofenix.com.ar\/2023\/wp-json\/wp\/v2\/posts"}],"about":[{"href":"https:\/\/radiofenix.com.ar\/2023\/wp-json\/wp\/v2\/types\/post"}],"replies":[{"embeddable":true,"href":"https:\/\/radiofenix.com.ar\/2023\/wp-json\/wp\/v2\/comments?post=199714"}],"version-history":[{"count":0,"href":"https:\/\/radiofenix.com.ar\/2023\/wp-json\/wp\/v2\/posts\/199714\/revisions"}],"wp:featuredmedia":[{"embeddable":true,"href":"https:\/\/radiofenix.com.ar\/2023\/wp-json\/wp\/v2\/media\/199715"}],"wp:attachment":[{"href":"https:\/\/radiofenix.com.ar\/2023\/wp-json\/wp\/v2\/media?parent=199714"}],"wp:term":[{"taxonomy":"category","embeddable":true,"href":"https:\/\/radiofenix.com.ar\/2023\/wp-json\/wp\/v2\/categories?post=199714"},{"taxonomy":"post_tag","embeddable":true,"href":"https:\/\/radiofenix.com.ar\/2023\/wp-json\/wp\/v2\/tags?post=199714"}],"curies":[{"name":"wp","href":"https:\/\/api.w.org\/{rel}","templated":true}]}}