{"id":199716,"date":"2025-08-22T08:57:36","date_gmt":"2025-08-22T08:57:36","guid":{"rendered":"https:\/\/radiofenix.com.ar\/2023\/el-coro-del-tabernaculo-por-primera-vez-en-argentina\/"},"modified":"2025-08-22T08:57:36","modified_gmt":"2025-08-22T08:57:36","slug":"el-coro-del-tabernaculo-por-primera-vez-en-argentina","status":"publish","type":"post","link":"https:\/\/radiofenix.com.ar\/2023\/el-coro-del-tabernaculo-por-primera-vez-en-argentina\/","title":{"rendered":"El Coro del Tabern\u00e1culo, por primera vez en Argentina"},"content":{"rendered":"<div><!-- Body --><\/p>\n<p>Decir Coro del Tabern\u00e1culo es decir majestuosidad, tal vez la palabra m\u00e1s adecuada para describir la combinaci\u00f3n de calidad art\u00edstica con cantidad de miembros:<b> son 360 cantantes y 70 instrumentistas de la orquesta asociada<\/b>. Pero tambi\u00e9n es el t\u00e9rmino justo para caracterizar su ic\u00f3nico repertorio de himnos y canciones de alabanza: es el coro de la Iglesia de Jesucristo de los Santos de los \u00daltimo D\u00edas, uno de los m\u00e1s famosos del mundo, que cuenta con<b> cuatro premios Emmy y un Grammy<\/b>, entre otros reconocimientos a su centenaria trayectoria. Toda su historia, conjugada con un repertorio popular, <b>se presenta ahora por primera vez en la Argentina<\/b>: el martes pasado en una gala en el CCK con la participaci\u00f3n de <b>Ra\u00fal Lavi\u00e9<\/b> y este viernes 22 y s\u00e1bado 23 en el Movistar Arena, en dos conciertos que incluir\u00e1n a <b>Soledad Pastorutti<\/b> entre otros invitados locales.<\/p>\n<p>El coro est\u00e1 conformado por voluntarios que deben superar un examen riguroso de selecci\u00f3n y asistir puntualmente a los ensayos. <b>Fue fundado en 1847 <\/b>y en su recorrido se present\u00f3 en numerosos escenarios del mundo y particip\u00f3 en la asunci\u00f3n de siete presidentes de los Estados Unidos. Tambi\u00e9n<b> grab\u00f3 con orquestas como la de Filadelfia con la direcci\u00f3n del m\u00edtico Eugene Ormandy, o la de Nueva York dirigida por otro legendario, Leonard Bernstein.<\/b><\/p>\n<p>Al margen de esa aura solemne, la inclusi\u00f3n del \u00abNegro\u00bb Lavi\u00e9 y <i>La Sole<\/i>, adem\u00e1s de la cantante Maggie Cullen y el grupo Dos m\u00e1s uno, responde a la tradici\u00f3n del coro de<b> incluir en sus conciertos en otros pa\u00edses a m\u00fasica y artistas locales<\/b>. Lavi\u00e9, que justo este viernes cumple 88 a\u00f1os, se mostr\u00f3 feliz por haber sido convocado: <b>\u00abPens\u00e9 que a mi edad ya estaba todo hecho -dijo este jueves en la presentaci\u00f3n del evento-, cuando recib\u00ed esta invitaci\u00f3n que me honra\u00bb<\/b>. Y cont\u00f3 como infidencia que para este concierto se puso a estudiar de nuevo: \u00abVolv\u00ed a la foniatra y a hacer ejercicios\u00bb, confes\u00f3 y enseguida se mostr\u00f3 conforme \u00abcon lo logrado\u00bb en la presentaci\u00f3n del martes.\u00a0 Ese d\u00eda <b>demostr\u00f3 su estado impecable con \u00abGolondrinas\u00bb (Gardel y LePera) y una estupenda \u00abBalada para un loco\u00bb interpretada junto a sus m\u00fasicos, adem\u00e1s de \u00abSue\u00f1o imposible\u00bb del musical <i>El hombre de la Mancha<\/i>.<\/b><\/p>\n<p>Es que el coro, en esta gira mundial llamada <i><b>Canciones de esperanza<\/b>,<\/i> busca retroalimentar su repertorio cl\u00e1sico de m\u00fasica sacra con expresiones populares. La elecci\u00f3n de Buenos Aires no fue casual: la Iglesia a la que pertenece celebra este a\u00f1o <b>el centenario de su llegada a Argentina y Sudam\u00e9rica<\/b>. Quentin Cooke, uno de sus doce ap\u00f3stoles, tambi\u00e9n presente en la conferencia de prensa, destac\u00f3 justamente que el prop\u00f3sito de esta visita \u00abes llevar un mensaje de esperanza en este mundo convulsionado\u00bb.<\/p>\n<p>El repertorio propuesto para esta celebraci\u00f3n fue en esa l\u00ednea: <b>conjug\u00f3 lo religioso -esencia ineludible del coro- con m\u00fasica popular de distintas regiones del mundo, con un particular \u00e9nfasis en Buenos Aires y su tango.<\/b><\/p>\n<p>En la apertura del concierto en el Centro Cultural Kirchner, dos himnos de alabanza dieron muestra de esa imponencia que caracterizan al grupo coral y su orquesta, sobre todo en la incial \u00abAleluya &#8211; Alma, bendice al Se\u00f1or\u00bb, que incluy\u00f3 un particular efecto de campanitas en manos de los cantantes. <b>Los himnos y sus pompas de voces y orquesta a toda potencia son el sello m\u00e1s difundido del coro.<\/b><\/p>\n<p>El tramo siguiente estuvo dedicado a tres aleluyas: uno barroco que se le atribuye a Gulio Caccini, otro del argentino<b> Alberto Ginastera<\/b> y el tercero, el de<b> H\u00e4ndel<\/b>, del oratorio El Mes\u00edas, sin duda una de las piezas m\u00e1s sublimes de la m\u00fasica sacra. La ubicaci\u00f3n estrat\u00e9gica de los cantantes en tres niveles de altura y tambi\u00e9n a los costados del escenario le imprimieron a esa interpretaci\u00f3n un sonido envolvente que agudiz\u00f3 la potencia natural de la partitura.<b> Y el p\u00fablico respondi\u00f3 acorde: escuch\u00f3 de pie toda la obra.<\/b><\/p>\n<p>Entre las melod\u00edas del mundo hubo lugar para <b>una particular versi\u00f3n de <i>Adi\u00f3s Nonino<\/i>, de Astor Piazzolla, con el coro engarzado como un instrumento m\u00e1s. <\/b>Los arreglos fueron del argentino Juli\u00e1n Mansilla (oriundo de Bah\u00eda Blanca), que interpret\u00f3 el bandone\u00f3n junto al rosarino Leandro Curaba en viol\u00edn. La elecci\u00f3n no fue casual: ambos son miembros de esa Iglesia.<\/p>\n<p>El segmento de canciones tradicionales de Estados Unidos incluy\u00f3 un negro spiritual (\u00abMy God is So High\u00bb), el tema popular \u00abCindy\u00bb y el famoso \u00ab<b>What a wonderful world\u00bb,<\/b> inmortalizado por Louis Armstrong e interpretado en ese caso por un coro que demostr\u00f3 que as\u00ed como puede imponer potencia a los himnos tambi\u00e9n le cabe la dulzura propia de las delicias de cada d\u00eda. El final, no pod\u00eda ser de otra manera, volvi\u00f3 a los himnos, en este caso de esperanza.<\/p>\n<p><b>La presentaci\u00f3n en el Movistar Arena tendr\u00e1 algunas variantes, entre ellas, la participaci\u00f3n de Soledad.<\/b> Habr\u00e1 canciones de su autor\u00eda y luego una interpretaci\u00f3n conjunta de \u00ab<b>Todo cambia\u00bb<\/b>.<i>\u00a0<\/i>\u00abVoy a confesar que para m\u00ed es un desaf\u00edo. Yo soy solista, estoy acostumbrada a cantar sola, encima me llamo Soledad y ahora tengo que ponerme de acuerdo con m\u00e1s de 300 cantantes\u00bb, brome\u00f3 en la presentaci\u00f3n. <b>\u00abPero s\u00e9 que me voy a sentir acompa\u00f1ada. La m\u00fasica siempre unifica y este concierto tiene ese sentido\u00bb.<\/b>\u00a0<\/p>\n<p>\u00bfY c\u00f3mo se organiza un coro y una orquesta de unos 400 miembros para acompa\u00f1ar a un cantante con canciones que no son propias del repertorio? Mack Wilberg, el director, cont\u00f3 que la gira se viene preparando desde hace dos a\u00f1os, pero explic\u00f3 que la maquinaria est\u00e1 aceitada para que en un mes de ensayo estuvieran a punto las canciones nuevas. \u00abEn general, lo m\u00e1s dif\u00edcil de cantar en otro idioma es la pronunciaci\u00f3n, pero en este caso, <b>muchos de los miembros del coro sirvieron como misioneros en Sudam\u00e9rica, as\u00ed que hablan castellano<\/b>\u00ab, relat\u00f3. Y confes\u00f3 que en realidad el desaf\u00edo mayor es generar la log\u00edstica para el traslado, alojamiento y comida de casi 500 personas, entre cantantes, m\u00fasicos y t\u00e9cnicos. Es que en el Coro de Tabern\u00e1culo todo es exuberante. <\/p>\n<p><i>* El concierto del s\u00e1bado 23 (a las 19) ser\u00e1 transmitido en directo por el <a href=\"https:\/\/www.youtube.com\/watch?reload=9&amp;app=desktop&amp;v=F9tIW4bzhlM&amp;ab_channel=ElCorodelTabern%C3%A1culo\" target=\"_blank\">canal de youtube de la gira<\/a>.<\/i><\/p>\n<p><!-- Live Blog Post --><\/div>\n<p><a href=\"https:\/\/www.pagina12.com.ar\/851463-el-coro-del-tabernaculo-por-primera-vez-en-argentina\">source<\/a><\/p>\n","protected":false},"excerpt":{"rendered":"<p>Decir Coro del Tabern\u00e1culo es decir majestuosidad, tal vez la palabra m\u00e1s adecuada para describir&#8230;<\/p>\n","protected":false},"author":0,"featured_media":199717,"comment_status":"open","ping_status":"open","sticky":false,"template":"","format":"standard","meta":{"footnotes":""},"categories":[4],"tags":[],"class_list":["post-199716","post","type-post","status-publish","format-standard","has-post-thumbnail","hentry","category-espectaculos"],"featured_image_urls":{"full":["https:\/\/radiofenix.com.ar\/2023\/wp-content\/uploads\/2025\/08\/wp-header-logo-128.png",960,540,false],"thumbnail":["https:\/\/radiofenix.com.ar\/2023\/wp-content\/uploads\/2025\/08\/wp-header-logo-128-150x150.png",150,150,true],"medium":["https:\/\/radiofenix.com.ar\/2023\/wp-content\/uploads\/2025\/08\/wp-header-logo-128-300x169.png",300,169,true],"medium_large":["https:\/\/radiofenix.com.ar\/2023\/wp-content\/uploads\/2025\/08\/wp-header-logo-128-768x432.png",640,360,true],"large":["https:\/\/radiofenix.com.ar\/2023\/wp-content\/uploads\/2025\/08\/wp-header-logo-128.png",640,360,false],"1536x1536":["https:\/\/radiofenix.com.ar\/2023\/wp-content\/uploads\/2025\/08\/wp-header-logo-128.png",960,540,false],"2048x2048":["https:\/\/radiofenix.com.ar\/2023\/wp-content\/uploads\/2025\/08\/wp-header-logo-128.png",960,540,false],"newsium-slider-full":["https:\/\/radiofenix.com.ar\/2023\/wp-content\/uploads\/2025\/08\/wp-header-logo-128.png",960,540,false],"newsium-featured":["https:\/\/radiofenix.com.ar\/2023\/wp-content\/uploads\/2025\/08\/wp-header-logo-128.png",960,540,false],"newsium-medium":["https:\/\/radiofenix.com.ar\/2023\/wp-content\/uploads\/2025\/08\/wp-header-logo-128-720x475.png",720,475,true]},"author_info":{"info":[""]},"category_info":"<a href=\"https:\/\/radiofenix.com.ar\/2023\/category\/espectaculos\/\" rel=\"category tag\">Espectaculos<\/a>","tag_info":"Espectaculos","comment_count":"0","_links":{"self":[{"href":"https:\/\/radiofenix.com.ar\/2023\/wp-json\/wp\/v2\/posts\/199716","targetHints":{"allow":["GET"]}}],"collection":[{"href":"https:\/\/radiofenix.com.ar\/2023\/wp-json\/wp\/v2\/posts"}],"about":[{"href":"https:\/\/radiofenix.com.ar\/2023\/wp-json\/wp\/v2\/types\/post"}],"replies":[{"embeddable":true,"href":"https:\/\/radiofenix.com.ar\/2023\/wp-json\/wp\/v2\/comments?post=199716"}],"version-history":[{"count":0,"href":"https:\/\/radiofenix.com.ar\/2023\/wp-json\/wp\/v2\/posts\/199716\/revisions"}],"wp:featuredmedia":[{"embeddable":true,"href":"https:\/\/radiofenix.com.ar\/2023\/wp-json\/wp\/v2\/media\/199717"}],"wp:attachment":[{"href":"https:\/\/radiofenix.com.ar\/2023\/wp-json\/wp\/v2\/media?parent=199716"}],"wp:term":[{"taxonomy":"category","embeddable":true,"href":"https:\/\/radiofenix.com.ar\/2023\/wp-json\/wp\/v2\/categories?post=199716"},{"taxonomy":"post_tag","embeddable":true,"href":"https:\/\/radiofenix.com.ar\/2023\/wp-json\/wp\/v2\/tags?post=199716"}],"curies":[{"name":"wp","href":"https:\/\/api.w.org\/{rel}","templated":true}]}}