{"id":199720,"date":"2025-08-23T08:57:20","date_gmt":"2025-08-23T08:57:20","guid":{"rendered":"https:\/\/radiofenix.com.ar\/2023\/mas-de-90-mil-muertes-anuales-por-contaminacion-del-aire-en-ee-uu\/"},"modified":"2025-08-23T08:57:20","modified_gmt":"2025-08-23T08:57:20","slug":"mas-de-90-mil-muertes-anuales-por-contaminacion-del-aire-en-ee-uu","status":"publish","type":"post","link":"https:\/\/radiofenix.com.ar\/2023\/mas-de-90-mil-muertes-anuales-por-contaminacion-del-aire-en-ee-uu\/","title":{"rendered":"M\u00e1s de 90 mil muertes anuales por contaminaci\u00f3n del aire en EE.UU."},"content":{"rendered":"<div><!-- Body --><\/p>\n<p>Un estudio publicado en la revista <i>Science Advances<\/i> revel\u00f3 que<b> la contaminaci\u00f3n del aire causada por el petr\u00f3leo y el gas provoca 90 mil muertes prematuras por a\u00f1o solo en Estados Unidos<\/b>. Adem\u00e1s de demostrar que tambi\u00e9n enferma a otros cientos de miles de habitantes estadounidenses, <b>la investigaci\u00f3n hace hincapi\u00e9 en que perjudica m\u00e1s a la comunidades afroamericana, ind\u00edgena e hisp\u00e1nica<\/b>.<\/p>\n<p>Seg\u00fan los mismos investigadores del University College de Londres y del Instituto de Medio Ambiente de Estocolmo, el hecho se debe a las part\u00edculas finas que provienen del gas y el petr\u00f3leo. A ellas tambi\u00e9n se les atribuyen <b>10.000 nacimientos prematuros por a\u00f1o, 216.000 casos de asma infantil en el mismo per\u00edodo y hasta 1610 casos de diferentes tipos de c\u00e1ncer<\/b>. De esta forma, en el escrito se sostienen que este motivo explica el <b>20% de los nacimientos prematuros, de las muertes prematuras y el 90% del asma en los ni\u00f1os<\/b>.<\/p>\n<p>Dentro de Estados Unidos <b>los estados m\u00e1s damnificados son California, Texas, Nueva York, Pensilvania y Nueva Jersey<\/b>, aunque entre los m\u00e1s perjudicados en valores per c\u00e1pita se encuentran tambi\u00e9n Washington D.C. y Maryland. Adem\u00e1s, solo la producci\u00f3n estadounidense genera tambi\u00e9n <b>1170 fallecimientos anuales en el sur de Canad\u00e1 y otros 440 en el norte de M\u00e9xico<\/b>.<\/p>\n<p>Esta publicaci\u00f3n es la primera que <b>rastrea los impactos en la salud de la poblaci\u00f3n de toda la cadena del suministro de gas y petr\u00f3leo, poniendo la lupa sobre las desigualdades raciales<\/b> en todo el camino y se inscribe como el estudio m\u00e1s acabado del concepto \u00ab<b>racismo de combustibles f\u00f3siles\u00bb<\/b>. De esta forma se constat\u00f3 que la poblaci\u00f3n ind\u00edgena e hisp\u00e1nica viven con mayor exposici\u00f3n a la contaminaci\u00f3n proveniente de la exploraci\u00f3n, extracci\u00f3n, transporte y almacenamiento, mientras que la comunidad afroamericana y la asi\u00e1tica son las m\u00e1s damnificadas por las emisiones del\u00a0procesamiento, refinaci\u00f3n, fabricaci\u00f3n, distribuci\u00f3n y uso.<\/p>\n<p>El informe tambi\u00e9n se\u00f1ala que <b>la fase de uso final es la m\u00e1s perjudicial para la salud de las personas<\/b> que viven pr\u00f3ximas a las zonas de procesamiento, causando el 96% del total de estos incidentes. <b>\u201cSabemos desde hace tiempo que estas comunidades est\u00e1n expuestas a niveles de exposici\u00f3n inequitativa, as\u00ed como a una carga sanitaria\u201d<\/b>, afirm\u00f3 <b>Karn Vohra<\/b>, uno de los investigadores universitarios posdoctorales que dirigi\u00f3 el estudio, que adem\u00e1s reconoci\u00f3 que <b>reci\u00e9n ahora \u00abpudimos cuantificar su impacto\u00bb<\/b>.<\/p>\n<p><b>Timothy Donaghy<\/b>, un investigador de Greenpeace con experiencia en trabajos de contaminaci\u00f3n y desigualdad racial, consider\u00f3 que lo que le da valor al estudio publicado este viernes <b>\u00abes c\u00f3mo analiza los impactos en la salud a lo largo de todo el ciclo de vida del petr\u00f3leo y el gas\u00bb. Y<\/b>\u00a0dictamin\u00f3 que el caso de los combustibles f\u00f3siles constituye \u00abun claro ejemplo de racismo\u00bb.<\/p>\n<h2>La investigaci\u00f3n por dentro<\/h2>\n<p>En los trabajos previos a la publicaci\u00f3n, sus autores realizaron un <b>inventario de cada etapa de la producci\u00f3n del petr\u00f3leo y el gas<\/b>. Para ello utilizaron datos del gobierno de Estados Unidos y de la Universidad de Colorado. La informaci\u00f3n obtenida fue agregada a un modelo inform\u00e1tico de \u00faltima generaci\u00f3n donde <b>rastrearon la contaminaci\u00f3n en cada momento de la cadena<\/b>. Finalmente se usaron <b>datos epidemiol\u00f3gicos y sanitarios para detectar los impactos posibles<\/b> causados por las emisiones.<\/p>\n<p>Adem\u00e1s, los cient\u00edficos explicaron <b>por qu\u00e9 esta contaminaci\u00f3n atac\u00f3 a\u00fan m\u00e1s fuertemente a los sectores m\u00e1s postergados<\/b> de la poblaci\u00f3n. En primer lugar apuntaron al <i><b>redlining<\/b><\/i><b>, <\/b>una pol\u00edtica nacional posterior a la Gran Depresi\u00f3n en la que <b>se le negaban cr\u00e9ditos hipotecarios, pr\u00e9stamos o seguros a los residentes de barrios afroamericanos, latinos o asi\u00e1ticos<\/b>. Por otro lado se explic\u00f3 por la extendida medida de <b>altas tasas de permisos para instalar plantas de procesamiento de gas y petr\u00f3leo en territorios cercanos a las comunidades posteriormente perjudicadas<\/b>. Estas situaciones explican al \u00abCallej\u00f3n del C\u00e1ncer\u00bb, ubicado entre el sur del estado de Louisiana y el este de Texas, donde la mayor\u00eda de sus habitantes son personas negras.<\/p>\n<p>Si bien el estudio ya concluy\u00f3 que uno de cada cinco nacimientos prematuros y el mismo porcentaje de muertes de adultos se explica por esta contaminaci\u00f3n, tambi\u00e9n se debe aclarar que <b>estas cifras pueden ser menores a las reales<\/b>. Esto se debe a que el estudio se hizo con los \u00faltimos datos obtenidos que corresponden al 2017. <b>Desde ese a\u00f1o hasta el 2023 la producci\u00f3n de gas y petr\u00f3leo en Estados Unidos aument\u00f3 un 40%<\/b>, por lo que se estima que los perjuicios por esta actividad son a\u00fan mayores.<\/p>\n<p>Por este motivo y frente al llamado del presidente Donald Trump a elevar todav\u00eda m\u00e1s los niveles de producci\u00f3n, <b>Donaghy consider\u00f3 que el estudio debe ser \u00abuna luz de advertencia roja\u00bb<\/b> para su pa\u00eds. A pesar de que el sector de los combustibles f\u00f3siles puede ser tomado como pujante en la econom\u00eda, tambi\u00e9n son contundentes las cifras que implica en gastos de salud: nada menos que <b>77 mil millones de d\u00f3lares por a\u00f1o se gastan en tratar las condiciones generadas por esta contaminaci\u00f3n<\/b>.<\/p>\n<p>La coautora del estudio, <b>Eloise Marais<\/b>, expres\u00f3 su deseo de <b>que este hallazgo sea \u00abrecogido por los tipos de l\u00edderes comunitarios y grupos de defensa\u00bb<\/b> que luchan por un aire m\u00e1s limpio. Adem\u00e1s, la investigadora explic\u00f3 que si desisti\u00e9ramos del gas y del petr\u00f3leo, los beneficios ambientales se ver\u00e1n \u00abdentro de 50, 100, 200 a\u00f1os\u00bb, aunque <b>las personas afectadas \u00abexperimentar\u00edan los beneficios para la salud de inmediato\u00bb<\/b>.<\/p>\n<p><!-- Live Blog Post --><\/div>\n<p><a href=\"https:\/\/www.pagina12.com.ar\/851730-mas-de-90-mil-muertes-anuales-por-contaminacion-del-aire-en-\">source<\/a><\/p>\n","protected":false},"excerpt":{"rendered":"<p>Un estudio publicado en la revista Science Advances revel\u00f3 que la contaminaci\u00f3n del aire causada&#8230;<\/p>\n","protected":false},"author":0,"featured_media":199721,"comment_status":"open","ping_status":"open","sticky":false,"template":"","format":"standard","meta":{"footnotes":""},"categories":[7],"tags":[],"class_list":["post-199720","post","type-post","status-publish","format-standard","has-post-thumbnail","hentry","category-sociedad"],"featured_image_urls":{"full":["https:\/\/radiofenix.com.ar\/2023\/wp-content\/uploads\/2025\/08\/wp-header-logo-130.png",960,540,false],"thumbnail":["https:\/\/radiofenix.com.ar\/2023\/wp-content\/uploads\/2025\/08\/wp-header-logo-130-150x150.png",150,150,true],"medium":["https:\/\/radiofenix.com.ar\/2023\/wp-content\/uploads\/2025\/08\/wp-header-logo-130-300x169.png",300,169,true],"medium_large":["https:\/\/radiofenix.com.ar\/2023\/wp-content\/uploads\/2025\/08\/wp-header-logo-130-768x432.png",640,360,true],"large":["https:\/\/radiofenix.com.ar\/2023\/wp-content\/uploads\/2025\/08\/wp-header-logo-130.png",640,360,false],"1536x1536":["https:\/\/radiofenix.com.ar\/2023\/wp-content\/uploads\/2025\/08\/wp-header-logo-130.png",960,540,false],"2048x2048":["https:\/\/radiofenix.com.ar\/2023\/wp-content\/uploads\/2025\/08\/wp-header-logo-130.png",960,540,false],"newsium-slider-full":["https:\/\/radiofenix.com.ar\/2023\/wp-content\/uploads\/2025\/08\/wp-header-logo-130.png",960,540,false],"newsium-featured":["https:\/\/radiofenix.com.ar\/2023\/wp-content\/uploads\/2025\/08\/wp-header-logo-130.png",960,540,false],"newsium-medium":["https:\/\/radiofenix.com.ar\/2023\/wp-content\/uploads\/2025\/08\/wp-header-logo-130-720x475.png",720,475,true]},"author_info":{"info":[""]},"category_info":"<a href=\"https:\/\/radiofenix.com.ar\/2023\/category\/sociedad\/\" rel=\"category tag\">Sociedad<\/a>","tag_info":"Sociedad","comment_count":"0","_links":{"self":[{"href":"https:\/\/radiofenix.com.ar\/2023\/wp-json\/wp\/v2\/posts\/199720","targetHints":{"allow":["GET"]}}],"collection":[{"href":"https:\/\/radiofenix.com.ar\/2023\/wp-json\/wp\/v2\/posts"}],"about":[{"href":"https:\/\/radiofenix.com.ar\/2023\/wp-json\/wp\/v2\/types\/post"}],"replies":[{"embeddable":true,"href":"https:\/\/radiofenix.com.ar\/2023\/wp-json\/wp\/v2\/comments?post=199720"}],"version-history":[{"count":0,"href":"https:\/\/radiofenix.com.ar\/2023\/wp-json\/wp\/v2\/posts\/199720\/revisions"}],"wp:featuredmedia":[{"embeddable":true,"href":"https:\/\/radiofenix.com.ar\/2023\/wp-json\/wp\/v2\/media\/199721"}],"wp:attachment":[{"href":"https:\/\/radiofenix.com.ar\/2023\/wp-json\/wp\/v2\/media?parent=199720"}],"wp:term":[{"taxonomy":"category","embeddable":true,"href":"https:\/\/radiofenix.com.ar\/2023\/wp-json\/wp\/v2\/categories?post=199720"},{"taxonomy":"post_tag","embeddable":true,"href":"https:\/\/radiofenix.com.ar\/2023\/wp-json\/wp\/v2\/tags?post=199720"}],"curies":[{"name":"wp","href":"https:\/\/api.w.org\/{rel}","templated":true}]}}