{"id":199724,"date":"2025-08-23T08:57:23","date_gmt":"2025-08-23T08:57:23","guid":{"rendered":"https:\/\/radiofenix.com.ar\/2023\/trump-aseguro-que-las-tropas-se-quedaran-un-largo-tiempo-en-washington\/"},"modified":"2025-08-23T08:57:23","modified_gmt":"2025-08-23T08:57:23","slug":"trump-aseguro-que-las-tropas-se-quedaran-un-largo-tiempo-en-washington","status":"publish","type":"post","link":"https:\/\/radiofenix.com.ar\/2023\/trump-aseguro-que-las-tropas-se-quedaran-un-largo-tiempo-en-washington\/","title":{"rendered":"Trump asegur\u00f3 que las tropas se quedar\u00e1n &quot;un largo tiempo&quot; en Washington"},"content":{"rendered":"<div><!-- Body --><\/p>\n<p>El presidente de Estados Unidos,<b> <a href=\"https:\/\/www.pagina12.com.ar\/tags\/687-donald-trump\">Donald Trump<\/a><\/b>, dijo este jueves que<b> <a href=\"https:\/\/www.pagina12.com.ar\/848904-trump-despliega-la-guardia-nacional-en-washington\">la Guardia Nacional y los agentes federales desplegados en Washington<\/a> se quedar\u00e1n ah\u00ed \u00abun largo tiempo\u00bb<\/b>, durante una visita a una sede policial en un barrio del sudeste de la capital del pa\u00eds. <b>El 11 de agosto pasado, Trump tom\u00f3 el control de la seguridad de Washington, por 30 d\u00edas inicialmente<\/b>, ampar\u00e1ndose en la ley que permite intervenir la autoridad de la ciudad justificando que existe una \u00abemergencia\u00bb por la alta criminalidad.\u00a0<\/p>\n<h2>\u00abQueremos nuestra ciudad perfecta\u00bb<\/h2>\n<p>\u00abNos vamos a quedar por un largo tiempo (&#8230;) queremos que nuestra ciudad sea perfecta\u00bb, dijo Trump rodeado de unos 300 efectivos de la Guardia Nacional, el Departamento de Seguridad Nacional (DHS), la Administraci\u00f3n de Control de Drogas (DEA), el Bur\u00f3 Federal de Investigaciones (FBI) y otras agencias m\u00e1s. Trump visit\u00f3 una sede de la polic\u00eda en Anacostia, uno de los vecindarios de Washington con mayores indices de criminalidad, ubicado a cuatro millas de la Casa Blanca.<\/p>\n<p><b>Inicialmente Trump hab\u00eda anunciado que patrullar\u00eda las calles de la capital junto a las fuerzas de seguridad, pero se limit\u00f3 a presidir un acto de agradecimiento para los agentes con los que comparti\u00f3 pizza.<\/b> En redes sociales, el movimiento ciudadano \u00abFree D.C.\u00bb convoc\u00f3 a los residentes de la capital estadounidense a salir a las calles con cacerolas, matracas y silbatos como medida de rechazo a las medidas adoptadas por el presidente.<\/p>\n<div class=\"iframely-embed medium-embedded-content\" data-html=\"Jmx0O2Jsb2NrcXVvdGUgY2xhc3M9InR3aXR0ZXItdHdlZXQiIGRhdGEtZG50PSJ0cnVlIiBhbGlnbj0iY2VudGVyIiZndDsmbHQ7cCBsYW5nPSJlbiIgZGlyPSJsdHIiJmd0O1ByZXNpZGVudCZuYnNwO0RvbmFsZCBUcnVtcCZuYnNwO3Zpc2l0ZWQgYSBQYXJrIFBvbGljZSBvcGVyYXRpb25zIGZhY2lsaXR5IHRvIHRoYW5rIGZlZGVyYWwgbGF3IGVuZm9yY2VtZW50IG9mZmljZXJzIGhl4oCZcyBkZXBsb3llZCB0byBwYXRyb2wgdGhlIHN0cmVldHMgb2YgV2FzaGluZ3RvbiwgREMgJmx0O2EgaHJlZj0iaHR0cHM6Ly90LmNvL2IzRVlqT3g5MTciJmd0O2h0dHBzOi8vdC5jby9iM0VZak94OTE3Jmx0Oy9hJmd0OyAmbHQ7YSBocmVmPSJodHRwczovL3QuY28vNExCYkYwTjlXZiImZ3Q7cGljLnR3aXR0ZXIuY29tLzRMQmJGME45V2YmbHQ7L2EmZ3Q7Jmx0Oy9wJmd0OyZhbXA7bWRhc2g7IEJsb29tYmVyZyBUViAoQEJsb29tYmVyZ1RWKSAmbHQ7YSBocmVmPSJodHRwczovL3R3aXR0ZXIuY29tL0Jsb29tYmVyZ1RWL3N0YXR1cy8xOTU4NjY3MDk3NTY0Njc2Mjc4P3JlZl9zcmM9dHdzcmMlNUV0ZnciJmd0O0F1Z3VzdCAyMSwgMjAyNSZsdDsvYSZndDsmbHQ7L2Jsb2NrcXVvdGUmZ3Q7CiZsdDtzY3JpcHQgYXN5bmMgc3JjPSJodHRwczovL3BsYXRmb3JtLnR3aXR0ZXIuY29tL3dpZGdldHMuanMiIGNoYXJzZXQ9InV0Zi04IiZndDsmbHQ7L3NjcmlwdCZndDsKCiZsdDtkaXYgY2xhc3M9Im1lZGl1bS1pbnNlcnQtZW1iZWRzLW1ldGEiJmd0OyZsdDtzY3JpcHQgdHlwZT0idGV4dC9qc29uIiZndDt7InVybCI6Imh0dHBzOi8vdHdpdHRlci5jb20vQmxvb21iZXJnVFYvc3RhdHVzLzE5NTg2NjcwOTc1NjQ2NzYyNzgiLCJ0eXBlIjoicmljaCIsInZlcnNpb24iOiIxLjAiLCJ0aXRsZSI6IkJsb29tYmVyZyBUViBvbiBUd2l0dGVyIC8gWCIsImF1dGhvciI6IkJsb29tYmVyZyBUViIsImF1dGhvcl91cmwiOiJodHRwczovL3R3aXR0ZXIuY29tL0Jsb29tYmVyZ1RWIiwicHJvdmlkZXJfbmFtZSI6IlR3aXR0ZXIiLCJkZXNjcmlwdGlvbiI6IlByZXNpZGVudCZuYnNwO0RvbmFsZCBUcnVtcCZuYnNwO3Zpc2l0ZWQgYSBQYXJrIFBvbGljZSBvcGVyYXRpb25zIGZhY2lsaXR5IHRvIHRoYW5rIGZlZGVyYWwgbGF3IGVuZm9yY2VtZW50IG9mZmljZXJzIGhl4oCZcyBkZXBsb3llZCB0byBwYXRyb2wgdGhlIHN0cmVldHMgb2YgV2FzaGluZ3RvbiwgREMgaHR0cHM6Ly90LmNvL2IzRVlqT3g5MTcgcGljLnR3aXR0ZXIuY29tLzRMQmJGME45V2bigJQgQmxvb21iZXJnIFRWIChAQmxvb21iZXJnVFYpIEF1Z3VzdCAyMSwgMjAyNVxuXG5cbiIsInRodW1ibmFpbF91cmwiOiJodHRwczovL3Bicy50d2ltZy5jb20vbWVkaWEvR3k2VldIRFhRQUFIN0tvLmpwZzpsYXJnZSIsInRodW1ibmFpbF93aWR0aCI6OTUwLCJ0aHVtYm5haWxfaGVpZ2h0Ijo1MzQsImNhY2hlX2FnZSI6ODY0MDAsIm9wdGlvbnMiOnsiX2hpZGVfbWVkaWEiOnsibGFiZWwiOiJIaWRlIHBob3RvcywgdmlkZW9zLCBhbmQgY2FyZHMiLCJ2YWx1ZSI6ZmFsc2V9LCJfdGhlbWUiOnsidmFsdWUiOiIiLCJ2YWx1ZXMiOnsiZGFyayI6IlVzZSBkYXJrIHRoZW1lIn19LCJfbWF4d2lkdGgiOnsidmFsdWUiOiIiLCJsYWJlbCI6IkFkanVzdCB3aWR0aCIsInBsYWNlaG9sZGVyIjoiMjIwLTU1MCwgaW4gcHgifX19Jmx0Oy9zY3JpcHQmZ3Q7Jmx0Oy9kaXYmZ3Q7\">\n                <a data-iframely-url=\"\" href=\"https:\/\/twitter.com\/BloombergTV\/status\/1958667097564676278\">https:\/\/twitter.com\/BloombergTV\/status\/1958667097564676278<\/a>\n              <\/div>\n<p><b>El pasado 11 de agosto Trump declar\u00f3 una \u00abemergencia de seguridad p\u00fablica\u00bb<\/b>, tom\u00f3 el control de la polic\u00eda de Washington<b> y anunci\u00f3 la activaci\u00f3n de unos 800 soldados de la Guardia Nacional de la capital <\/b>para \u00abrestablecer el orden p\u00fablico\u00bb, pese a que los datos de criminalidad de la ciudad se encuentran en su menor nivel en 30 a\u00f1os.\u00a0<b>Desde entonces seis estados gobernados por republicanos<\/b> (Virginia Occidental, Carolina del Sur, Ohio, Misisipi, Luisiana y Tennessee) enviaron m\u00e1s efectivos,\u00a0 el n\u00famero de soldados de la Guardia Nacional en Washington superar\u00eda los 2 mil.<\/p>\n<p><b>Trump\u00a0<\/b>mostr\u00f3 este jueves su inter\u00e9s por ampliar el periodo de control federal sobre la ciudad por medio de una petici\u00f3n que ser\u00e1 presentada ante el Congreso y<b> dijo que \u00abno habr\u00e1 tolerancia para la barbarie, la suciedad y la escoria\u00bb<\/b>. El inquilino de la Casa Blanca acus\u00f3 a la ciudad de ser \u00abun santuario para los criminales\u00bb y dijo que est\u00e1 llena de \u00abturbas errantes de j\u00f3venes desenfrenados, drogadictos y personas sin hogar\u00bb.<\/p>\n<h2>M\u00e1s de 600 detenciones<\/h2>\n<p>La medida de emergencia del republicano fue duramente criticada por la mayor\u00eda de los ciudadanos de la capital estadounidense, seg\u00fan muestran los sondeos, y el vicepresidente, JD Vance, y el secretario de Defensa, Pete Hegseth, fueron abucheados el mi\u00e9rcoles al visitar a tropas de la Guardia Nacional desplegadas en la estaci\u00f3n central de trenes de Washington.\u00a0<b>\u00abVamos a ignorar a estos est\u00fapidos hippies blancos que deber\u00edan irse a casa a dormir una siesta porque tienen m\u00e1s de 90 a\u00f1os\u00bb<\/b>, respondi\u00f3 <b>Vance<\/b>.\u00a0<\/p>\n<p>Grupos ciudadanos tambi\u00e9n subrayan que la militarizaci\u00f3n de las calles de la ciudad provoca accidentes como el que ocurri\u00f3 cerca de la Explanada Nacional, cuando <b>un jeep\u00a0Humvee de la Guardia Nacional impact\u00f3 a un veh\u00edculo civil<\/b>, obligando a los bomberos a activar un operativo para sacar de su interior al conductor, que sufri\u00f3 heridas leves.<\/p>\n<p>Este jueves las autoridades estadounidenses cifraron en m\u00e1s de 600 los arrestos realizados desde que la Guardia Nacional fue desplegada en la ciudad hace una semana. De ellos, 251 fueron detenciones de migrantes irregulares. Los reservistas patrullan principalmente zonas del centro, como monumentos y estaciones de transporte p\u00fablico, aunque vienen operando con mayor frecuencia en toda la ciudad.<\/p>\n<p><b>Trump <\/b>aprovech\u00f3 este jueves una entrevista con un podcast de derecha\u00a0para cargar contra la pol\u00edtica migratoria del gobierno anterior. <b>\u00abEn los \u00faltimos cuatro meses, no ha entrado nadie a nuestro pa\u00eds porque somos duros, somos inteligentes y sabemos lo que hacemos\u00bb<\/b>, dijo el presidente republicano, quien agreg\u00f3 que \u00abel da\u00f1o que Joe Biden y su grupo de idiotas le hicieron a este pa\u00eds es inimaginable, especialmente en la frontera\u00bb.\u00a0<\/p>\n<h2>Ca\u00edda de la delincuencia <\/h2>\n<p>Varios incidentes relacionados con el despliegue militar se volvieron virales, como<b> la detenci\u00f3n de un hombre que fue grabado arroj\u00e1ndole un s\u00e1ndwich a un agente<\/b> despu\u00e9s de una noche de fiesta. Carteles al estilo Banksy en honor al llamado \u00abhombre del s\u00e1ndwich\u00bb aparecieron por toda la ciudad.<\/p>\n<p>Pol\u00edticos republicanos afirman que Washington, ciudad mayoritariamente dem\u00f3crata, est\u00e1 plagada de delincuentes y personas sin hogar y tiene una mala gesti\u00f3n financiera. Sin embargo\u00a0<b>los datos de la polic\u00eda de Washington muestran descensos significativos en los delitos violentos entre 2023 y 2024<\/b>, tras un aumento repentino despu\u00e9s de la pandemia, en 2020.<\/p>\n<p><!-- Live Blog Post --><\/div>\n<p><script async src=\"\/\/platform.twitter.com\/widgets.js\" charset=\"utf-8\"><\/script><br \/><a href=\"https:\/\/www.pagina12.com.ar\/851517-trump-aseguro-que-las-tropas-se-quedaran-un-largo-tiempo-en-\">source<\/a><\/p>\n","protected":false},"excerpt":{"rendered":"<p>El presidente de Estados Unidos, Donald Trump, dijo este jueves que la Guardia Nacional y&#8230;<\/p>\n","protected":false},"author":0,"featured_media":199725,"comment_status":"open","ping_status":"open","sticky":false,"template":"","format":"standard","meta":{"footnotes":""},"categories":[60],"tags":[],"class_list":["post-199724","post","type-post","status-publish","format-standard","has-post-thumbnail","hentry","category-internacional"],"featured_image_urls":{"full":["https:\/\/radiofenix.com.ar\/2023\/wp-content\/uploads\/2025\/08\/wp-header-logo-132.png",960,540,false],"thumbnail":["https:\/\/radiofenix.com.ar\/2023\/wp-content\/uploads\/2025\/08\/wp-header-logo-132-150x150.png",150,150,true],"medium":["https:\/\/radiofenix.com.ar\/2023\/wp-content\/uploads\/2025\/08\/wp-header-logo-132-300x169.png",300,169,true],"medium_large":["https:\/\/radiofenix.com.ar\/2023\/wp-content\/uploads\/2025\/08\/wp-header-logo-132-768x432.png",640,360,true],"large":["https:\/\/radiofenix.com.ar\/2023\/wp-content\/uploads\/2025\/08\/wp-header-logo-132.png",640,360,false],"1536x1536":["https:\/\/radiofenix.com.ar\/2023\/wp-content\/uploads\/2025\/08\/wp-header-logo-132.png",960,540,false],"2048x2048":["https:\/\/radiofenix.com.ar\/2023\/wp-content\/uploads\/2025\/08\/wp-header-logo-132.png",960,540,false],"newsium-slider-full":["https:\/\/radiofenix.com.ar\/2023\/wp-content\/uploads\/2025\/08\/wp-header-logo-132.png",960,540,false],"newsium-featured":["https:\/\/radiofenix.com.ar\/2023\/wp-content\/uploads\/2025\/08\/wp-header-logo-132.png",960,540,false],"newsium-medium":["https:\/\/radiofenix.com.ar\/2023\/wp-content\/uploads\/2025\/08\/wp-header-logo-132-720x475.png",720,475,true]},"author_info":{"info":[""]},"category_info":"<a href=\"https:\/\/radiofenix.com.ar\/2023\/category\/internacional\/\" rel=\"category tag\">Internacional<\/a>","tag_info":"Internacional","comment_count":"0","_links":{"self":[{"href":"https:\/\/radiofenix.com.ar\/2023\/wp-json\/wp\/v2\/posts\/199724","targetHints":{"allow":["GET"]}}],"collection":[{"href":"https:\/\/radiofenix.com.ar\/2023\/wp-json\/wp\/v2\/posts"}],"about":[{"href":"https:\/\/radiofenix.com.ar\/2023\/wp-json\/wp\/v2\/types\/post"}],"replies":[{"embeddable":true,"href":"https:\/\/radiofenix.com.ar\/2023\/wp-json\/wp\/v2\/comments?post=199724"}],"version-history":[{"count":0,"href":"https:\/\/radiofenix.com.ar\/2023\/wp-json\/wp\/v2\/posts\/199724\/revisions"}],"wp:featuredmedia":[{"embeddable":true,"href":"https:\/\/radiofenix.com.ar\/2023\/wp-json\/wp\/v2\/media\/199725"}],"wp:attachment":[{"href":"https:\/\/radiofenix.com.ar\/2023\/wp-json\/wp\/v2\/media?parent=199724"}],"wp:term":[{"taxonomy":"category","embeddable":true,"href":"https:\/\/radiofenix.com.ar\/2023\/wp-json\/wp\/v2\/categories?post=199724"},{"taxonomy":"post_tag","embeddable":true,"href":"https:\/\/radiofenix.com.ar\/2023\/wp-json\/wp\/v2\/tags?post=199724"}],"curies":[{"name":"wp","href":"https:\/\/api.w.org\/{rel}","templated":true}]}}