{"id":199726,"date":"2025-08-23T08:57:25","date_gmt":"2025-08-23T08:57:25","guid":{"rendered":"https:\/\/radiofenix.com.ar\/2023\/que-encontraron-en-la-casa-de-diego-spagnuolo\/"},"modified":"2025-08-23T08:57:25","modified_gmt":"2025-08-23T08:57:25","slug":"que-encontraron-en-la-casa-de-diego-spagnuolo","status":"publish","type":"post","link":"https:\/\/radiofenix.com.ar\/2023\/que-encontraron-en-la-casa-de-diego-spagnuolo\/","title":{"rendered":"Qu\u00e9 encontraron en la casa de Diego Spagnuolo"},"content":{"rendered":"<div id=\"note-body\">\n<p>En el marco del esc\u00e1ndalo por la filtraci\u00f3n de audios que probar\u00edan presuntas coimas en la <strong>Agencia Nacional de Discapacidad (ANDIS)<\/strong>, <strong>Diego Spagnuolo<\/strong> fue <a href=\"https:\/\/www.minutouno.com\/politica\/encontraron-diego-spagnuolo-y-le-secuestraron-el-telefono-celular-n6181596\" target=\"_blank\" rel=\"follow\">encontrado en el mediod\u00eda de este viernes 22 de agosto en su casa<\/a> de la localidad bonaerense de <strong>Pilar<\/strong>, y ya se conocen los primeros detalles del allanamiento. <\/p>\n<\/div>\n<p><a href=\"https:\/\/www.minutouno.com\/politica\/que-encontraron-la-casa-diego-spagnuolo-n6181677\">source<\/a><\/p>\n","protected":false},"excerpt":{"rendered":"<p>En el marco del esc\u00e1ndalo por la filtraci\u00f3n de audios que probar\u00edan presuntas coimas en&#8230;<\/p>\n","protected":false},"author":0,"featured_media":199727,"comment_status":"open","ping_status":"open","sticky":false,"template":"","format":"standard","meta":{"footnotes":""},"categories":[2],"tags":[],"class_list":["post-199726","post","type-post","status-publish","format-standard","has-post-thumbnail","hentry","category-politica"],"featured_image_urls":{"full":["https:\/\/radiofenix.com.ar\/2023\/wp-content\/uploads\/2025\/08\/wp-header-logo-133.png",1200,675,false],"thumbnail":["https:\/\/radiofenix.com.ar\/2023\/wp-content\/uploads\/2025\/08\/wp-header-logo-133-150x150.png",150,150,true],"medium":["https:\/\/radiofenix.com.ar\/2023\/wp-content\/uploads\/2025\/08\/wp-header-logo-133-300x169.png",300,169,true],"medium_large":["https:\/\/radiofenix.com.ar\/2023\/wp-content\/uploads\/2025\/08\/wp-header-logo-133-768x432.png",640,360,true],"large":["https:\/\/radiofenix.com.ar\/2023\/wp-content\/uploads\/2025\/08\/wp-header-logo-133-1024x576.png",640,360,true],"1536x1536":["https:\/\/radiofenix.com.ar\/2023\/wp-content\/uploads\/2025\/08\/wp-header-logo-133.png",1200,675,false],"2048x2048":["https:\/\/radiofenix.com.ar\/2023\/wp-content\/uploads\/2025\/08\/wp-header-logo-133.png",1200,675,false],"newsium-slider-full":["https:\/\/radiofenix.com.ar\/2023\/wp-content\/uploads\/2025\/08\/wp-header-logo-133.png",1200,675,false],"newsium-featured":["https:\/\/radiofenix.com.ar\/2023\/wp-content\/uploads\/2025\/08\/wp-header-logo-133-1024x576.png",1024,576,true],"newsium-medium":["https:\/\/radiofenix.com.ar\/2023\/wp-content\/uploads\/2025\/08\/wp-header-logo-133-720x475.png",720,475,true]},"author_info":{"info":[""]},"category_info":"<a href=\"https:\/\/radiofenix.com.ar\/2023\/category\/politica\/\" rel=\"category tag\">Pol\u00edtica<\/a>","tag_info":"Pol\u00edtica","comment_count":"0","_links":{"self":[{"href":"https:\/\/radiofenix.com.ar\/2023\/wp-json\/wp\/v2\/posts\/199726","targetHints":{"allow":["GET"]}}],"collection":[{"href":"https:\/\/radiofenix.com.ar\/2023\/wp-json\/wp\/v2\/posts"}],"about":[{"href":"https:\/\/radiofenix.com.ar\/2023\/wp-json\/wp\/v2\/types\/post"}],"replies":[{"embeddable":true,"href":"https:\/\/radiofenix.com.ar\/2023\/wp-json\/wp\/v2\/comments?post=199726"}],"version-history":[{"count":0,"href":"https:\/\/radiofenix.com.ar\/2023\/wp-json\/wp\/v2\/posts\/199726\/revisions"}],"wp:featuredmedia":[{"embeddable":true,"href":"https:\/\/radiofenix.com.ar\/2023\/wp-json\/wp\/v2\/media\/199727"}],"wp:attachment":[{"href":"https:\/\/radiofenix.com.ar\/2023\/wp-json\/wp\/v2\/media?parent=199726"}],"wp:term":[{"taxonomy":"category","embeddable":true,"href":"https:\/\/radiofenix.com.ar\/2023\/wp-json\/wp\/v2\/categories?post=199726"},{"taxonomy":"post_tag","embeddable":true,"href":"https:\/\/radiofenix.com.ar\/2023\/wp-json\/wp\/v2\/tags?post=199726"}],"curies":[{"name":"wp","href":"https:\/\/api.w.org\/{rel}","templated":true}]}}