{"id":199728,"date":"2025-08-23T08:57:27","date_gmt":"2025-08-23T08:57:27","guid":{"rendered":"https:\/\/radiofenix.com.ar\/2023\/se-estrena-el-documental-sobre-norma-pla\/"},"modified":"2025-08-23T08:57:27","modified_gmt":"2025-08-23T08:57:27","slug":"se-estrena-el-documental-sobre-norma-pla","status":"publish","type":"post","link":"https:\/\/radiofenix.com.ar\/2023\/se-estrena-el-documental-sobre-norma-pla\/","title":{"rendered":"Se estrena el documental sobre Norma Pla"},"content":{"rendered":"<div><!-- Body --><\/p>\n<p> Cada vez m\u00e1s v\u00e9rtigo y entonces hay que darle un empujoncito a la memoria colectiva para que arranque. Por ejemplo, recordarle que no hace mucho, en la Argentina, hubo una jubilada llamada <b>Norma Pla<\/b>. Una luchadora que no solo fue l\u00edder de un movimiento que cop\u00f3 las calles durante la d\u00e9cada perdida sino que adem\u00e1s, entre otros hitos de la historia reciente, hizo llorar a Domingo Cavallo, el tipo que estaba destrozando los bolsillos y el alma de argentinos y argentinas. Tiene sentido pues que exista un <b>documental<\/b> cuyo prop\u00f3sito sea reactivar esa memoria, sobre todo en este presente de represi\u00f3n sistem\u00e1tica a jubilados y jubiladas. Se llama tal <i><b>Norma tambi\u00e9n<\/b><\/i>. Lo <b>dirigieron y guionaron Natalia Vinelli y Alejandra Guzzo<\/b>. Se exhibir\u00e1 por primera vez el<b> s\u00e1bado 23 a las 19 y el domingo 24 a las 19.30 en el Gaumont (Rivadavia 1636)<\/b>, como parte de la 16va. <b>Muestra de Cine Documental DOCA<\/b>. Se volver\u00e1 a ver los d\u00edas 27, 28, 29 y 30 de agosto en la Sala Padre Mugica del palacio El Victorial. Goza de material audiovisual in\u00e9dito. Y \u2013fundamental- dialoga e interpela al presente inmediato.\u00a0<\/p>\n<p>\u201cPodemos decir que el documental sobre Norma encontr\u00f3 su momento desde que Milei gan\u00f3 el gobierno. Se volvi\u00f3 urgente, porque <b>esa mirada del pasado nos permite interrogar al presente<\/b>, nos ofrece herramientas, nos muestra que hay una experiencia acumulada que emerge como bandera en las protestas actuales de los jubilados y las jubiladas, y de todos los sectores vulnerables que resisten el ajuste y la motosierra\u201d afirma Vinelli, <b>fundadora y exdirectora de Barricada TV<\/b> y hacedora de los libros <i>ANCLA. Una experiencia de comunicaci\u00f3n clandestina orientada por Rodolfo Walsh <\/i>y <i>La televisi\u00f3n desde abajo<\/i>, entre otros<i>.<\/i><\/p>\n<p>\u201cLa pel\u00edcula aborda a ella desde muchas aristas, pero una de las m\u00e1s significativas es su claridad pol\u00edtica expuesta a nivel discursivo para manejarse en los medios de comunicaci\u00f3n de la \u00e9poca, considerando adem\u00e1s que, por ser mujer, pobre y vieja, era muy maltratada por los periodistas\u201d, agrega Guzzo, realizadora y docente uruguaya en cuyo curr\u00edculum se encuentran la direcci\u00f3n de <i>Los desobedientes de la Zulma<\/i> y <i>Un pueblo de nuestro mapa.<\/i><\/p>\n<div class=\"medium-insert-embeds\">\n<figure>\n<div class=\"medium-insert-embed\">\n<div align=\"center\">\n<figure role=\"group\" class=\"caption caption-drupal-entity\"><figcaption>Solve hace dialogar a la generaci\u00f3n de Pla con la actual.<\/figcaption><\/figure>\n<\/div><\/div><figcaption class=\"\"\/><\/figure>\n<\/div>\n<p> La narrativa del documental cuenta con un hilo investigador encarnado en Solve (<b>Sol Ver\u00f3nica Gui<\/b>), militante feminista y estudiante de ciencias sociales. La idea de las directoras fue justamente incluir un personaje que haga dialogar a la generaci\u00f3n de Pla con la actual. \u201cQue nos permita acercarnos a Norma y a las luchas de los &#8217;90 con otra frescura\u201d, dicen la directoras. \u201cCuando comenzamos el rodaje, Solve apenas ten\u00eda una referencia de Norma y a medida que fuimos avanzando la figura se fue construyendo, fue emergiendo tambi\u00e9n en las luchas actuales. A esto se suma otra arista que es todo lo que se resisti\u00f3 en la d\u00e9cada del &#8217;90. Hay una generaci\u00f3n que parte de 2001 como punto cero. Y lo que Solve nos permiti\u00f3 fue conectar el camino previo que permiti\u00f3 construir ese momento hist\u00f3rico, que es muy significativo en este presente\u201d, extiende Vinelli. <\/p>\n<p><b> -\u00bfCon qu\u00e9 se fueron encontrando\u00a0<\/b><b>durante la investigaci\u00f3n<\/b><b>\u00a0que no sab\u00edan acerca de Norma Pla?<\/b><\/p>\n<p><b> Alejandra Guzzo: <\/b>-Lo m\u00e1s sorprendente fue descubrir, luego de una entrevista que o\u00edmos por radio a su hijo Germ\u00e1n, que exist\u00edan archivos en video filmados por servicios de inteligencia. Entonces fuimos a buscar im\u00e1genes de la \u00e9poca al Archivo Provincial de la Memoria en La Plata y ah\u00ed dimos con ellos, que est\u00e1n integrados a la pel\u00edcula con el fin de dar cuenta que Norma era seguida todo el tiempo, en toda su etapa militante.<\/p>\n<p><b> Natalia Vinelli:<\/b> -Le pusimos <i>Norma tambi\u00e9n<\/i> justamente<i> <\/i>porque el foco puesto en su claridad pol\u00edtica, su uso del espacio p\u00fablico y su forma de intervenir los medios, algo que \u201ctambi\u00e9n\u201d nos habilita la posibilidad de pensarla en el marco del feminismo popular. No porque nosotras definamos a Norma como feminista sino porque su pr\u00e1ctica es un ejemplo para los feminismos. La pregunta inicial que nos hicimos fue si pod\u00edamos considerar a Norma tambi\u00e9n como una feminista, de hecho.<\/p>\n<p><b> -\u00bfC\u00f3mo recuerdan ustedes, personalmente, a Norma Pla y a esos a\u00f1os?<\/b><\/p>\n<p><b> A.G.:<\/b> -Yo llegu\u00e9 a la Argentina en 1993 y la realidad pol\u00edtica del momento me sobrepas\u00f3. Fueron dif\u00edciles esos a\u00f1os sin v\u00ednculos personales y pol\u00edticos, y la figura de Norma y la marcha de jubilados de los d\u00edas mi\u00e9rcoles fue una de las im\u00e1genes m\u00e1s intensas que recuerdo, porque en Montevideo no exist\u00eda nada ni por asomo similar en lo pol\u00edtico.<\/p>\n<p><b> N.V.:<\/b> -Conoc\u00ed a Norma en 1995, durante una marcha contra la Ley de Educaci\u00f3n Superior, y qued\u00e9 impactada. Creo que eso les pasaba a todas las personas que llegaban a conocerla. Para mi generaci\u00f3n fue una referente. En esta primera mitad de la d\u00e9cada de los &#8217;90, el movimiento estudiantil en defensa de la educaci\u00f3n p\u00fablica y las luchas de los jubilados coincidieron, algo que hoy tambi\u00e9n sucede.<\/p>\n<p><b> -Hay dos momentos que el documental saca del olvido y son para alquilar balcones. Uno es la <i>choriceada<\/i> que arm\u00f3 Pla frente a la casa de Cavallo. Y el otro, la aparici\u00f3n de Sa\u00fal Ubaldini arengando contra Menem como figura de un peronismo que no se alineaba con el neoliberalismo imperante. <\/b><\/p>\n<p><b> N.V.:<\/b> -Es que la marcha 100 en la que apareci\u00f3 Ubaldini fue muy significativa en la militancia y la acci\u00f3n de Norma, y tambi\u00e9n para el sindicalismo que se opuso a Menem, sobre todo a partir de 1994. Lo de la <i>choriceada, <\/i>en tanto, es una de las secuencias que m\u00e1s trabajamos y que a m\u00ed m\u00e1s me gust\u00f3 hacer, porque rodamos en el mismo lugar frente al edificio donde viv\u00eda Cavallo.<\/p>\n<p><b> -Muchas personas, incluso militantes, no se la tomaban muy en serio a Norma. \u00bfPor qu\u00e9 creen que pasaba?<\/b><\/p>\n<p><b> A.G.: <\/b>-Porque el pensamiento hegem\u00f3nico de la \u00e9poca y tambi\u00e9n el actual rechaza la virulencia perform\u00e1tica como forma de hacer pol\u00edtica que Norma encabez\u00f3. En el conservadurismo militante y pacato no hab\u00eda lugar para tanta incorrecci\u00f3n, digo. Sin embargo, su imagen perdura en el coraz\u00f3n de mucha gente, sobre todo en este presente.<\/p>\n<p><!-- Live Blog Post --><\/div>\n<p><a href=\"https:\/\/www.pagina12.com.ar\/851706-se-estrena-el-documental-sobre-norma-pla\">source<\/a><\/p>\n","protected":false},"excerpt":{"rendered":"<p>Cada vez m\u00e1s v\u00e9rtigo y entonces hay que darle un empujoncito a la memoria colectiva&#8230;<\/p>\n","protected":false},"author":0,"featured_media":199729,"comment_status":"open","ping_status":"open","sticky":false,"template":"","format":"standard","meta":{"footnotes":""},"categories":[4],"tags":[],"class_list":["post-199728","post","type-post","status-publish","format-standard","has-post-thumbnail","hentry","category-espectaculos"],"featured_image_urls":{"full":["https:\/\/radiofenix.com.ar\/2023\/wp-content\/uploads\/2025\/08\/wp-header-logo-134.png",960,540,false],"thumbnail":["https:\/\/radiofenix.com.ar\/2023\/wp-content\/uploads\/2025\/08\/wp-header-logo-134-150x150.png",150,150,true],"medium":["https:\/\/radiofenix.com.ar\/2023\/wp-content\/uploads\/2025\/08\/wp-header-logo-134-300x169.png",300,169,true],"medium_large":["https:\/\/radiofenix.com.ar\/2023\/wp-content\/uploads\/2025\/08\/wp-header-logo-134-768x432.png",640,360,true],"large":["https:\/\/radiofenix.com.ar\/2023\/wp-content\/uploads\/2025\/08\/wp-header-logo-134.png",640,360,false],"1536x1536":["https:\/\/radiofenix.com.ar\/2023\/wp-content\/uploads\/2025\/08\/wp-header-logo-134.png",960,540,false],"2048x2048":["https:\/\/radiofenix.com.ar\/2023\/wp-content\/uploads\/2025\/08\/wp-header-logo-134.png",960,540,false],"newsium-slider-full":["https:\/\/radiofenix.com.ar\/2023\/wp-content\/uploads\/2025\/08\/wp-header-logo-134.png",960,540,false],"newsium-featured":["https:\/\/radiofenix.com.ar\/2023\/wp-content\/uploads\/2025\/08\/wp-header-logo-134.png",960,540,false],"newsium-medium":["https:\/\/radiofenix.com.ar\/2023\/wp-content\/uploads\/2025\/08\/wp-header-logo-134-720x475.png",720,475,true]},"author_info":{"info":[""]},"category_info":"<a href=\"https:\/\/radiofenix.com.ar\/2023\/category\/espectaculos\/\" rel=\"category tag\">Espectaculos<\/a>","tag_info":"Espectaculos","comment_count":"0","_links":{"self":[{"href":"https:\/\/radiofenix.com.ar\/2023\/wp-json\/wp\/v2\/posts\/199728","targetHints":{"allow":["GET"]}}],"collection":[{"href":"https:\/\/radiofenix.com.ar\/2023\/wp-json\/wp\/v2\/posts"}],"about":[{"href":"https:\/\/radiofenix.com.ar\/2023\/wp-json\/wp\/v2\/types\/post"}],"replies":[{"embeddable":true,"href":"https:\/\/radiofenix.com.ar\/2023\/wp-json\/wp\/v2\/comments?post=199728"}],"version-history":[{"count":0,"href":"https:\/\/radiofenix.com.ar\/2023\/wp-json\/wp\/v2\/posts\/199728\/revisions"}],"wp:featuredmedia":[{"embeddable":true,"href":"https:\/\/radiofenix.com.ar\/2023\/wp-json\/wp\/v2\/media\/199729"}],"wp:attachment":[{"href":"https:\/\/radiofenix.com.ar\/2023\/wp-json\/wp\/v2\/media?parent=199728"}],"wp:term":[{"taxonomy":"category","embeddable":true,"href":"https:\/\/radiofenix.com.ar\/2023\/wp-json\/wp\/v2\/categories?post=199728"},{"taxonomy":"post_tag","embeddable":true,"href":"https:\/\/radiofenix.com.ar\/2023\/wp-json\/wp\/v2\/tags?post=199728"}],"curies":[{"name":"wp","href":"https:\/\/api.w.org\/{rel}","templated":true}]}}