{"id":199730,"date":"2025-08-24T08:57:14","date_gmt":"2025-08-24T08:57:14","guid":{"rendered":"https:\/\/radiofenix.com.ar\/2023\/la-tasa-complica-el-superavit-financiero\/"},"modified":"2025-08-24T08:57:14","modified_gmt":"2025-08-24T08:57:14","slug":"la-tasa-complica-el-superavit-financiero","status":"publish","type":"post","link":"https:\/\/radiofenix.com.ar\/2023\/la-tasa-complica-el-superavit-financiero\/","title":{"rendered":"La tasa complica el super\u00e1vit financiero"},"content":{"rendered":"<div><!-- Body --><\/p>\n<p><span>Hay <b>32 billones de pesos en vencimientos s\u00f3lo de Lecaps hasta octubre y se complica el super\u00e1vit financiero<\/b>, que se ve\u00a0<\/span>cada vez m\u00e1s presionado por la suba de tasas de inter\u00e9s, la cual ya elev\u00f3 en 1,3 billones de pesos el costo de financiamiento del Tesoro entre agosto de 2025 y febrero de 2026, equivalente al 0,13 por ciento del PBI.<\/p>\n<p>El encarecimiento de las colocaciones es resultado de que las Lecaps m\u00e1s cortas, que en junio pagaban una tasa efectiva mensual del 2,7 por ciento, ahora lo hacen al 3,9 por ciento. El Tesoro debi\u00f3 convalidar estos rendimientos en las \u00faltimas licitaciones para sostener la estabilidad cambiaria y el proceso de desinflaci\u00f3n, aunque a costa de comprometer m\u00e1s recursos fiscales.<\/p>\n<p>De repetirse esta din\u00e1mica en las pr\u00f3ximas licitaciones, <b>el costo financiero adicional podr\u00eda trepar hasta los 2,6 billones de pesos, es decir, 0,27 por ciento del PBI. <\/b>Ese monto es comparable al costo fiscal de la Ley de Emergencia en Discapacidad, lo que dimensiona la magnitud del esfuerzo extra que enfrenta el Estado.<\/p>\n<p>La \u00faltima licitaci\u00f3n de deuda dej\u00f3 un saldo ilustrativo: de los vencimientos totales, apenas se logr\u00f3 renovar el 61 por ciento. Para cubrir el resto, el Tesoro se vio obligado a recurrir a 5,8 billones de pesos de sus dep\u00f3sitos en el Banco Central, un recurso que no puede extenderse indefinidamente sin afectar la estabilidad de las cuentas p\u00fablicas. El escenario, marcado por vencimientos masivos y un encarecimiento sostenido de las tasas, tensiona la sostenibilidad del programa econ\u00f3mico.<\/p>\n<p><!-- Live Blog Post --><\/div>\n<p><a href=\"https:\/\/www.pagina12.com.ar\/851756-la-tasa-complica-el-superavit-financiero\">source<\/a><\/p>\n","protected":false},"excerpt":{"rendered":"<p>Hay 32 billones de pesos en vencimientos s\u00f3lo de Lecaps hasta octubre y se complica&#8230;<\/p>\n","protected":false},"author":0,"featured_media":199731,"comment_status":"open","ping_status":"open","sticky":false,"template":"","format":"standard","meta":{"footnotes":""},"categories":[5],"tags":[],"class_list":["post-199730","post","type-post","status-publish","format-standard","has-post-thumbnail","hentry","category-economia"],"featured_image_urls":{"full":["https:\/\/radiofenix.com.ar\/2023\/wp-content\/uploads\/2025\/08\/wp-header-logo-135.png",960,540,false],"thumbnail":["https:\/\/radiofenix.com.ar\/2023\/wp-content\/uploads\/2025\/08\/wp-header-logo-135-150x150.png",150,150,true],"medium":["https:\/\/radiofenix.com.ar\/2023\/wp-content\/uploads\/2025\/08\/wp-header-logo-135-300x169.png",300,169,true],"medium_large":["https:\/\/radiofenix.com.ar\/2023\/wp-content\/uploads\/2025\/08\/wp-header-logo-135-768x432.png",640,360,true],"large":["https:\/\/radiofenix.com.ar\/2023\/wp-content\/uploads\/2025\/08\/wp-header-logo-135.png",640,360,false],"1536x1536":["https:\/\/radiofenix.com.ar\/2023\/wp-content\/uploads\/2025\/08\/wp-header-logo-135.png",960,540,false],"2048x2048":["https:\/\/radiofenix.com.ar\/2023\/wp-content\/uploads\/2025\/08\/wp-header-logo-135.png",960,540,false],"newsium-slider-full":["https:\/\/radiofenix.com.ar\/2023\/wp-content\/uploads\/2025\/08\/wp-header-logo-135.png",960,540,false],"newsium-featured":["https:\/\/radiofenix.com.ar\/2023\/wp-content\/uploads\/2025\/08\/wp-header-logo-135.png",960,540,false],"newsium-medium":["https:\/\/radiofenix.com.ar\/2023\/wp-content\/uploads\/2025\/08\/wp-header-logo-135-720x475.png",720,475,true]},"author_info":{"info":[""]},"category_info":"<a href=\"https:\/\/radiofenix.com.ar\/2023\/category\/economia\/\" rel=\"category tag\">Economia<\/a>","tag_info":"Economia","comment_count":"0","_links":{"self":[{"href":"https:\/\/radiofenix.com.ar\/2023\/wp-json\/wp\/v2\/posts\/199730","targetHints":{"allow":["GET"]}}],"collection":[{"href":"https:\/\/radiofenix.com.ar\/2023\/wp-json\/wp\/v2\/posts"}],"about":[{"href":"https:\/\/radiofenix.com.ar\/2023\/wp-json\/wp\/v2\/types\/post"}],"replies":[{"embeddable":true,"href":"https:\/\/radiofenix.com.ar\/2023\/wp-json\/wp\/v2\/comments?post=199730"}],"version-history":[{"count":0,"href":"https:\/\/radiofenix.com.ar\/2023\/wp-json\/wp\/v2\/posts\/199730\/revisions"}],"wp:featuredmedia":[{"embeddable":true,"href":"https:\/\/radiofenix.com.ar\/2023\/wp-json\/wp\/v2\/media\/199731"}],"wp:attachment":[{"href":"https:\/\/radiofenix.com.ar\/2023\/wp-json\/wp\/v2\/media?parent=199730"}],"wp:term":[{"taxonomy":"category","embeddable":true,"href":"https:\/\/radiofenix.com.ar\/2023\/wp-json\/wp\/v2\/categories?post=199730"},{"taxonomy":"post_tag","embeddable":true,"href":"https:\/\/radiofenix.com.ar\/2023\/wp-json\/wp\/v2\/tags?post=199730"}],"curies":[{"name":"wp","href":"https:\/\/api.w.org\/{rel}","templated":true}]}}