{"id":199736,"date":"2025-08-24T08:57:18","date_gmt":"2025-08-24T08:57:18","guid":{"rendered":"https:\/\/radiofenix.com.ar\/2023\/peru-declaran-a-gustavo-petro-persona-non-grata\/"},"modified":"2025-08-24T08:57:18","modified_gmt":"2025-08-24T08:57:18","slug":"peru-declaran-a-gustavo-petro-persona-non-grata","status":"publish","type":"post","link":"https:\/\/radiofenix.com.ar\/2023\/peru-declaran-a-gustavo-petro-persona-non-grata\/","title":{"rendered":"Per\u00fa: declaran a Gustavo Petro persona &quot;non grata&quot;"},"content":{"rendered":"<div><!-- Body --><\/p>\n<p>El pleno del <b>Congreso peruano aprob\u00f3 una moci\u00f3n que pide reiterar la declaraci\u00f3n de persona non grata contra el presidente de Colombia, <a href=\"https:\/\/www.pagina12.com.ar\/851157-crece-la-preocupacion-en-la-region-frente-a-la-amenaza-de-ee\">Gustavo Petro<\/a><\/b>, por sus actos que \u00abdesconocen y atentan contra la soberan\u00eda nacional\u00bb, <a href=\"https:\/\/www.pagina12.com.ar\/848219-petro-colombia-no-reconoce-la-soberania-del-peru-sobre-la-de\">tras reclamar una isla amaz\u00f3nica<\/a> que Per\u00fa considera en su territorio.<\/p>\n<p>La moci\u00f3n tambi\u00e9n pide al ministerio de Relaciones Exteriores emitir una nota diplom\u00e1tica oficial comunicando la aprobaci\u00f3n al Gobierno de Colombia y a la comunidad internacional. Esta decisi\u00f3n del Legislativo es <b>reiterativa a una primera declaraci\u00f3n de persona non grata contra Petro aprobada en 2023<\/b>, tras las protestas antigubernamentales contra la presidenta peruana, Dina Boluarte, y a quien no reconoci\u00f3 legitimidad como mandataria.<\/p>\n<p>La nueva moci\u00f3n responde a las declaraciones de Petro que alentaron una <b>disputa de la soberan\u00eda sobre el distrito de Santa Rosa de Loreto<\/b>, ubicado en una isla en el Amazonas, y que han derivado en actos como la colocaci\u00f3n de una bandera colombiana, el sobrevuelo de un avi\u00f3n militar colombiano y la detenci\u00f3n de dos top\u00f3grafos colombianos en el lugar.<\/p>\n<p>Bogot\u00e1 sostiene que este territorio surgi\u00f3 despu\u00e9s de la firma del Tratado de la isla Santa Rosa de 1922 y, por lo tanto, no estar\u00eda cubierto por el Protocolo de R\u00edo de Janeiro de 1934 que defini\u00f3 los l\u00edmites bilaterales, mientras que el gobierno de Dina Boluarte defiende que ese territorio forma parte de la isla Chiner\u00eda y que su soberan\u00eda qued\u00f3 ratificada en 1929.<\/p>\n<p><!-- Live Blog Post --><\/div>\n<p><a href=\"https:\/\/www.pagina12.com.ar\/851743-peru-declaran-a-gustavo-petro-persona-non-grata\">source<\/a><\/p>\n","protected":false},"excerpt":{"rendered":"<p>El pleno del Congreso peruano aprob\u00f3 una moci\u00f3n que pide reiterar la declaraci\u00f3n de persona&#8230;<\/p>\n","protected":false},"author":0,"featured_media":199737,"comment_status":"open","ping_status":"open","sticky":false,"template":"","format":"standard","meta":{"footnotes":""},"categories":[60],"tags":[],"class_list":["post-199736","post","type-post","status-publish","format-standard","has-post-thumbnail","hentry","category-internacional"],"featured_image_urls":{"full":["https:\/\/radiofenix.com.ar\/2023\/wp-content\/uploads\/2025\/08\/wp-header-logo-138.png",960,540,false],"thumbnail":["https:\/\/radiofenix.com.ar\/2023\/wp-content\/uploads\/2025\/08\/wp-header-logo-138-150x150.png",150,150,true],"medium":["https:\/\/radiofenix.com.ar\/2023\/wp-content\/uploads\/2025\/08\/wp-header-logo-138-300x169.png",300,169,true],"medium_large":["https:\/\/radiofenix.com.ar\/2023\/wp-content\/uploads\/2025\/08\/wp-header-logo-138-768x432.png",640,360,true],"large":["https:\/\/radiofenix.com.ar\/2023\/wp-content\/uploads\/2025\/08\/wp-header-logo-138.png",640,360,false],"1536x1536":["https:\/\/radiofenix.com.ar\/2023\/wp-content\/uploads\/2025\/08\/wp-header-logo-138.png",960,540,false],"2048x2048":["https:\/\/radiofenix.com.ar\/2023\/wp-content\/uploads\/2025\/08\/wp-header-logo-138.png",960,540,false],"newsium-slider-full":["https:\/\/radiofenix.com.ar\/2023\/wp-content\/uploads\/2025\/08\/wp-header-logo-138.png",960,540,false],"newsium-featured":["https:\/\/radiofenix.com.ar\/2023\/wp-content\/uploads\/2025\/08\/wp-header-logo-138.png",960,540,false],"newsium-medium":["https:\/\/radiofenix.com.ar\/2023\/wp-content\/uploads\/2025\/08\/wp-header-logo-138-720x475.png",720,475,true]},"author_info":{"info":[""]},"category_info":"<a href=\"https:\/\/radiofenix.com.ar\/2023\/category\/internacional\/\" rel=\"category tag\">Internacional<\/a>","tag_info":"Internacional","comment_count":"0","_links":{"self":[{"href":"https:\/\/radiofenix.com.ar\/2023\/wp-json\/wp\/v2\/posts\/199736","targetHints":{"allow":["GET"]}}],"collection":[{"href":"https:\/\/radiofenix.com.ar\/2023\/wp-json\/wp\/v2\/posts"}],"about":[{"href":"https:\/\/radiofenix.com.ar\/2023\/wp-json\/wp\/v2\/types\/post"}],"replies":[{"embeddable":true,"href":"https:\/\/radiofenix.com.ar\/2023\/wp-json\/wp\/v2\/comments?post=199736"}],"version-history":[{"count":0,"href":"https:\/\/radiofenix.com.ar\/2023\/wp-json\/wp\/v2\/posts\/199736\/revisions"}],"wp:featuredmedia":[{"embeddable":true,"href":"https:\/\/radiofenix.com.ar\/2023\/wp-json\/wp\/v2\/media\/199737"}],"wp:attachment":[{"href":"https:\/\/radiofenix.com.ar\/2023\/wp-json\/wp\/v2\/media?parent=199736"}],"wp:term":[{"taxonomy":"category","embeddable":true,"href":"https:\/\/radiofenix.com.ar\/2023\/wp-json\/wp\/v2\/categories?post=199736"},{"taxonomy":"post_tag","embeddable":true,"href":"https:\/\/radiofenix.com.ar\/2023\/wp-json\/wp\/v2\/tags?post=199736"}],"curies":[{"name":"wp","href":"https:\/\/api.w.org\/{rel}","templated":true}]}}