{"id":199738,"date":"2025-08-24T08:57:20","date_gmt":"2025-08-24T08:57:20","guid":{"rendered":"https:\/\/radiofenix.com.ar\/2023\/casacion-fijo-audiencia-para-revisar-el-monto-del-decomiso-a-los-bienes-de-cristina-kirchner\/"},"modified":"2025-08-24T08:57:20","modified_gmt":"2025-08-24T08:57:20","slug":"casacion-fijo-audiencia-para-revisar-el-monto-del-decomiso-a-los-bienes-de-cristina-kirchner","status":"publish","type":"post","link":"https:\/\/radiofenix.com.ar\/2023\/casacion-fijo-audiencia-para-revisar-el-monto-del-decomiso-a-los-bienes-de-cristina-kirchner\/","title":{"rendered":"Casaci\u00f3n fij\u00f3 audiencia para revisar el monto del decomiso a los bienes de Cristina Kirchner"},"content":{"rendered":"<div id=\"note-body\">\n<p>La Sala IV de la C\u00e1mara Federal de Casaci\u00f3n Penal resolvi\u00f3 convocar a una audiencia para el pr\u00f3ximo 11 de septiembre a fin de <strong>comenzar a analizar si se confirma o no la actualizaci\u00f3n del decomiso sobre los bienes de Cristina Fern\u00e1ndez de Kirchner<\/strong>.<\/p>\n<\/div>\n<p><a href=\"https:\/\/www.minutouno.com\/politica\/casacion-fijo-audiencia-revisar-el-monto-del-decomiso-los-bienes-cristina-kirchner-n6181804\">source<\/a><\/p>\n","protected":false},"excerpt":{"rendered":"<p>La Sala IV de la C\u00e1mara Federal de Casaci\u00f3n Penal resolvi\u00f3 convocar a una audiencia&#8230;<\/p>\n","protected":false},"author":0,"featured_media":199739,"comment_status":"open","ping_status":"open","sticky":false,"template":"","format":"standard","meta":{"footnotes":""},"categories":[2],"tags":[],"class_list":["post-199738","post","type-post","status-publish","format-standard","has-post-thumbnail","hentry","category-politica"],"featured_image_urls":{"full":["https:\/\/radiofenix.com.ar\/2023\/wp-content\/uploads\/2025\/08\/wp-header-logo-139.png",1200,675,false],"thumbnail":["https:\/\/radiofenix.com.ar\/2023\/wp-content\/uploads\/2025\/08\/wp-header-logo-139-150x150.png",150,150,true],"medium":["https:\/\/radiofenix.com.ar\/2023\/wp-content\/uploads\/2025\/08\/wp-header-logo-139-300x169.png",300,169,true],"medium_large":["https:\/\/radiofenix.com.ar\/2023\/wp-content\/uploads\/2025\/08\/wp-header-logo-139-768x432.png",640,360,true],"large":["https:\/\/radiofenix.com.ar\/2023\/wp-content\/uploads\/2025\/08\/wp-header-logo-139-1024x576.png",640,360,true],"1536x1536":["https:\/\/radiofenix.com.ar\/2023\/wp-content\/uploads\/2025\/08\/wp-header-logo-139.png",1200,675,false],"2048x2048":["https:\/\/radiofenix.com.ar\/2023\/wp-content\/uploads\/2025\/08\/wp-header-logo-139.png",1200,675,false],"newsium-slider-full":["https:\/\/radiofenix.com.ar\/2023\/wp-content\/uploads\/2025\/08\/wp-header-logo-139.png",1200,675,false],"newsium-featured":["https:\/\/radiofenix.com.ar\/2023\/wp-content\/uploads\/2025\/08\/wp-header-logo-139-1024x576.png",1024,576,true],"newsium-medium":["https:\/\/radiofenix.com.ar\/2023\/wp-content\/uploads\/2025\/08\/wp-header-logo-139-720x475.png",720,475,true]},"author_info":{"info":[""]},"category_info":"<a href=\"https:\/\/radiofenix.com.ar\/2023\/category\/politica\/\" rel=\"category tag\">Pol\u00edtica<\/a>","tag_info":"Pol\u00edtica","comment_count":"0","_links":{"self":[{"href":"https:\/\/radiofenix.com.ar\/2023\/wp-json\/wp\/v2\/posts\/199738","targetHints":{"allow":["GET"]}}],"collection":[{"href":"https:\/\/radiofenix.com.ar\/2023\/wp-json\/wp\/v2\/posts"}],"about":[{"href":"https:\/\/radiofenix.com.ar\/2023\/wp-json\/wp\/v2\/types\/post"}],"replies":[{"embeddable":true,"href":"https:\/\/radiofenix.com.ar\/2023\/wp-json\/wp\/v2\/comments?post=199738"}],"version-history":[{"count":0,"href":"https:\/\/radiofenix.com.ar\/2023\/wp-json\/wp\/v2\/posts\/199738\/revisions"}],"wp:featuredmedia":[{"embeddable":true,"href":"https:\/\/radiofenix.com.ar\/2023\/wp-json\/wp\/v2\/media\/199739"}],"wp:attachment":[{"href":"https:\/\/radiofenix.com.ar\/2023\/wp-json\/wp\/v2\/media?parent=199738"}],"wp:term":[{"taxonomy":"category","embeddable":true,"href":"https:\/\/radiofenix.com.ar\/2023\/wp-json\/wp\/v2\/categories?post=199738"},{"taxonomy":"post_tag","embeddable":true,"href":"https:\/\/radiofenix.com.ar\/2023\/wp-json\/wp\/v2\/tags?post=199738"}],"curies":[{"name":"wp","href":"https:\/\/api.w.org\/{rel}","templated":true}]}}