{"id":199748,"date":"2025-08-25T08:57:27","date_gmt":"2025-08-25T08:57:27","guid":{"rendered":"https:\/\/radiofenix.com.ar\/2023\/ucrania-celebro-34-anos-de-independencia-en-medio-de-la-guerra\/"},"modified":"2025-08-25T08:57:27","modified_gmt":"2025-08-25T08:57:27","slug":"ucrania-celebro-34-anos-de-independencia-en-medio-de-la-guerra","status":"publish","type":"post","link":"https:\/\/radiofenix.com.ar\/2023\/ucrania-celebro-34-anos-de-independencia-en-medio-de-la-guerra\/","title":{"rendered":"Ucrania celebr\u00f3 34 a\u00f1os de independencia en medio de la guerra"},"content":{"rendered":"<div><!-- Body --><\/p>\n<p>El <b>34\u00ba aniversario de la independencia de <a href=\"https:\/\/www.pagina12.com.ar\/852047-ucrania-ataco-con-drones-una-planta-nuclear-en-territorio-ru\">Ucrania<\/a><\/b>, celebrado este domingo, estuvo <b>lejos de ser una <a href=\"https:\/\/www.pagina12.com.ar\/849974-rusia-sigue-avanzando-pero-ucrania-se-mantiene-en-la-linea-d\">celebraci\u00f3n de paz<\/a><\/b>. En medio de <b>ofensivas con drones<\/b> y <b>esfuerzos diplom\u00e1ticos sin avances<\/b> concretos, <b>la guerra contin\u00faa<\/b> dejando <b>decenas de miles de muertos<\/b>, y parece <b>empantanada <\/b>militar y diplom\u00e1ticamente. Ante este escenario, el presidente <b><a href=\"https:\/\/www.pagina12.com.ar\/850783-trump-advirtio-que-no-apoyara-el-ingreso-de-ucrania-a-la-ota\">Volod\u00edmir Zelenski<\/a><\/b> volvi\u00f3 a insistir en que <b>la \u00fanica salida efectiva sigue siendo una <\/b><a href=\"https:\/\/www.pagina12.com.ar\/849932-el-canciller-de-rusia-fue-a-la-cumbre-trump-putin-con-un-sim\"><b>cumbre<\/b> cara a cara<\/a> con su par ruso, <b>Vladimir Putin<\/b>.<\/p>\n<p>Mientras los l\u00edderes intercambian declaraciones en los medios internacionales, <b>la realidad sobre el terreno sigue marcada por el conflicto armado<\/b>. Kiev celebr\u00f3 su independencia con una ceremonia encabezada por Zelenski, a la que asistieron el emisario estadounidense <b>Keith Kellogg<\/b> y el primer ministro canadiense, <b>Mark Carney<\/b>. \u00ab<b>Juntos, ucranianos y aliados, empujamos a Rusia hacia la paz<\/b>\u00ab, expres\u00f3 el mandatario ucraniano.<\/p>\n<h2>Un aniversario atravesado por la guerra<\/h2>\n<p>En un video grabado desde el <b>Maid\u00e1n <\/b>de Kiev, <b>Zelenski dirigi\u00f3 un mensaje emotivo a la poblaci\u00f3n<\/b>, en el que apel\u00f3 a la esperanza de alcanzar una \u00ab<b>paz justa y duradera<\/b>\u00ab, en contraste con los discursos m\u00e1s combativos de a\u00f1os anteriores. El presidente destac\u00f3 la unidad nacional y la resistencia frente a las ocupaciones temporales, <b>sin prometer una liberaci\u00f3n inmediata de los territorios bajo control ruso<\/b>.\u00a0<\/p>\n<div class=\"iframely-embed medium-embedded-content\" data-html=\"Jmx0O2Jsb2NrcXVvdGUgY2xhc3M9InR3aXR0ZXItdHdlZXQiIGRhdGEtZG50PSJ0cnVlIiBhbGlnbj0iY2VudGVyIiZndDsmbHQ7cCBsYW5nPSJlbiIgZGlyPSJsdHIiJmd0O1RvZGF5IGlzIGFuIGltcG9ydGFudCBkYXkg4oCTIGEgZGF5IG9mIG9uZSBvZiBvdXIgc3Ryb25nZXN0IGVtb3Rpb25zOiB0aGUgZmVlbGluZyB5b3UgZ2V0IHdoZW4geW91IGFyZSBhdCBob21lLCBvciB3aGVuIHlvdSByZWNvZ25pemUgeW91ciBvd24gcGVvcGxlIGFuZCB3aGF0IGNvbWVzIGZyb20geW91ciBob21lbGFuZC4gQW5kIHdoZXJldmVyIHlvdSBhcmUgaW4gdGhlIHdvcmxkLCB3aGljaGV2ZXIgY291bnRyeSB5b3UgbWF5IHRyYXZlbCB0bywgd2hlbiB5b3Ugc3BvdCB0aGXigKYgJmx0O2EgaHJlZj0iaHR0cHM6Ly90LmNvL2VoTW94QmFpWUYiJmd0O3BpYy50d2l0dGVyLmNvbS9laE1veEJhaVlGJmx0Oy9hJmd0OyZsdDsvcCZndDsmYW1wO21kYXNoOyBWb2xvZHlteXIgWmVsZW5za3l5IC8g0JLQvtC70L7QtNC40LzQuNGAINCX0LXQu9C10L3RgdGM0LrQuNC5IChAWmVsZW5za3l5VWEpICZsdDthIGhyZWY9Imh0dHBzOi8vdHdpdHRlci5jb20vWmVsZW5za3l5VWEvc3RhdHVzLzE5NTkxNjExMzE3MjI4MDU1NDk\/cmVmX3NyYz10d3NyYyU1RXRmdyImZ3Q7QXVndXN0IDIzLCAyMDI1Jmx0Oy9hJmd0OyZsdDsvYmxvY2txdW90ZSZndDsKJmx0O3NjcmlwdCBhc3luYyBzcmM9Imh0dHBzOi8vcGxhdGZvcm0udHdpdHRlci5jb20vd2lkZ2V0cy5qcyIgY2hhcnNldD0idXRmLTgiJmd0OyZsdDsvc2NyaXB0Jmd0OwoKJmx0O2RpdiBjbGFzcz0ibWVkaXVtLWluc2VydC1lbWJlZHMtbWV0YSImZ3Q7Jmx0O3NjcmlwdCB0eXBlPSJ0ZXh0L2pzb24iJmd0O3sidXJsIjoiaHR0cHM6Ly90d2l0dGVyLmNvbS9aZWxlbnNreXlVYS9zdGF0dXMvMTk1OTE2MTEzMTcyMjgwNTU0OSIsInR5cGUiOiJyaWNoIiwidmVyc2lvbiI6IjEuMCIsInRpdGxlIjoiVm9sb2R5bXlyIFplbGVuc2t5eSAvINCS0L7Qu9C+0LTQuNC80LjRgCDQl9C10LvQtdC90YHRjNC60LjQuSBvbiBUd2l0dGVyIC8gWCIsImF1dGhvciI6IlZvbG9keW15ciBaZWxlbnNreXkgLyDQktC+0LvQvtC00LjQvNC40YAg0JfQtdC70LXQvdGB0YzQutC40LkiLCJhdXRob3JfdXJsIjoiaHR0cHM6Ly90d2l0dGVyLmNvbS9aZWxlbnNreXlVYSIsInByb3ZpZGVyX25hbWUiOiJUd2l0dGVyIiwiZGVzY3JpcHRpb24iOiJUb2RheSBpcyBhbiBpbXBvcnRhbnQgZGF5IOKAkyBhIGRheSBvZiBvbmUgb2Ygb3VyIHN0cm9uZ2VzdCBlbW90aW9uczogdGhlIGZlZWxpbmcgeW91IGdldCB3aGVuIHlvdSBhcmUgYXQgaG9tZSwgb3Igd2hlbiB5b3UgcmVjb2duaXplIHlvdXIgb3duIHBlb3BsZSBhbmQgd2hhdCBjb21lcyBmcm9tIHlvdXIgaG9tZWxhbmQuIEFuZCB3aGVyZXZlciB5b3UgYXJlIGluIHRoZSB3b3JsZCwgd2hpY2hldmVyIGNvdW50cnkgeW91IG1heSB0cmF2ZWwgdG8sIHdoZW4geW91IHNwb3QgdGhl4oCmIHBpYy50d2l0dGVyLmNvbS9laE1veEJhaVlG4oCUIFZvbG9keW15ciBaZWxlbnNreXkgLyDQktC+0LvQvtC00LjQvNC40YAg0JfQtdC70LXQvdGB0YzQutC40LkgKEBaZWxlbnNreXlVYSkgQXVndXN0IDIzLCAyMDI1XG5cblxuIiwidGh1bWJuYWlsX3VybCI6Imh0dHBzOi8vcGJzLnR3aW1nLmNvbS9tZWRpYS9HekJWMVB2WEFBQUZYcy0uanBnOmxhcmdlIiwidGh1bWJuYWlsX3dpZHRoIjoyMDQ4LCJ0aHVtYm5haWxfaGVpZ2h0IjoxMTUyLCJjYWNoZV9hZ2UiOjg2NDAwLCJvcHRpb25zIjp7Il9oaWRlX21lZGlhIjp7ImxhYmVsIjoiSGlkZSBwaG90b3MsIHZpZGVvcywgYW5kIGNhcmRzIiwidmFsdWUiOmZhbHNlfSwiX3RoZW1lIjp7InZhbHVlIjoiIiwidmFsdWVzIjp7ImRhcmsiOiJVc2UgZGFyayB0aGVtZSJ9fSwiX21heHdpZHRoIjp7InZhbHVlIjoiIiwibGFiZWwiOiJBZGp1c3Qgd2lkdGgiLCJwbGFjZWhvbGRlciI6IjIyMC01NTAsIGluIHB4In19fSZsdDsvc2NyaXB0Jmd0OyZsdDsvZGl2Jmd0Ow==\">\n                <a data-iframely-url=\"\" href=\"https:\/\/twitter.com\/ZelenskyyUa\/status\/1959161131722805549\">https:\/\/twitter.com\/ZelenskyyUa\/status\/1959161131722805549<\/a>\n              <\/div>\n<p>En un contexto donde algunos actores internacionales plantean concesiones territoriales como parte de una eventual negociaci\u00f3n, Zelenski se limit\u00f3 a expresar: \u00ab<b>Un d\u00eda la distancia entre los ucranianos desaparecer\u00e1 y estaremos juntos como pa\u00eds y familia<\/b>. Solo es cuesti\u00f3n de tiempo\u00bb.<\/p>\n<p>Advirti\u00f3, adem\u00e1s, que <b>Ucrania tiene capacidad para responder golpe por golpe a los ataques rusos<\/b>, incluyendo ataques a infraestructuras estrat\u00e9gicas en territorio enemigo. \u00abNadie nos puede prohibir estos ataques porque son actos de justicia\u00bb, declar\u00f3.<\/p>\n<p>Sin embargo, en el frente, <b>la guerra no dio tregua<\/b>. Ucrania lanz\u00f3 una nueva serie de <b>ataques con drones sobre territorio ruso<\/b>, incluido uno que impact\u00f3 en la planta nuclear de <b>Kursk<\/b>, provocando un incendio. Las autoridades locales aseguraron que <b>no hubo v\u00edctimas<\/b> ni alteraciones en los niveles de radiaci\u00f3n.\u00a0Por su parte, el jefe del ej\u00e9rcito ucraniano, <b>Oleksandr Sirski<\/b>, inform\u00f3 que las fuerzas locales <b>recuperaron tres aldeas en Donetsk<\/b>.<\/p>\n<p>Del lado ucraniano, <b>Rusia atac\u00f3 nuevamente regiones civiles<\/b>, dejando al menos una mujer muerta en <b>Dnipropetrovsk <\/b>y varios heridos. La fuerza a\u00e9rea ucraniana inform\u00f3 haber derribado 48 de los 72 drones Shahed lanzados por Mosc\u00fa durante la madrugada. Esto \u00faltimos enfrentamientos ocurren cuando Ucrania celebra su d\u00eda de la independencia, obtenida tras la disoluci\u00f3n de la Uni\u00f3n Sovi\u00e9tica en 1991.<\/p>\n<p>En este contexto, la fecha patria adquiere <b>otro significado<\/b> para quienes combaten en el frente. \u00ab<b>Tiene sabor a sudor y sangre<\/b>\u00ab, dijo a la <i>AFP <\/i><b>Dobrii<\/b>, un m\u00e9dico de combate. \u00abSoy patriota, pero cuando el D\u00eda de la Independencia se convierte en un d\u00eda de lucha, el sentimiento cambia\u00bb, a\u00f1adi\u00f3.<\/p>\n<h2>Intercambio de prisioneros y gesto humanitario<\/h2>\n<p>Zelenski confirm\u00f3 este domingo un <b>nuevo canje de prisioneros,\u00a0<\/b>anunciado previamente por Mosc\u00fa, sin detallar la cantidad exacta. Finalmente, se supo que <b>fueron liberados 146 militares de cada bando<\/b>, adem\u00e1s de <b>ocho civiles rusos<\/b> que estaban en manos ucranianas.<\/p>\n<p>Entre los liberados ucranianos se encuentra el periodista <b>Dmitro Jiliuk<\/b>, secuestrado en Kiev en marzo de 2022, y el exalcalde de Jers\u00f3n, <b>Volodimir Mikolayenko<\/b>, quien estuvo <b>m\u00e1s de tres a\u00f1os en cautiverio<\/b>. Seg\u00fan el asesor presidencial ucraniano, <b>Andrii Yermak<\/b>, Mikolayenko hab\u00eda postergado su canje para priorizar a compa\u00f1eros heridos.<\/p>\n<p>Los intercambios de prisioneros a gran escala han sido el \u00fanico resultado tangible de <b>tres rondas de conversaciones<\/b> entre las partes desde el inicio del conflicto. La operaci\u00f3n cont\u00f3 con la <b>mediaci\u00f3n de Emiratos \u00c1rabes Unidos <\/b>y se suma a otros canjes previos que, pese al contexto de guerra, fueron posibles a trav\u00e9s de <b>negociaciones discretas<\/b>.<\/p>\n<h2>Negociaciones<\/h2>\n<p>En su discurso de este domingo, Zelenski insisti\u00f3 en que \u00abel formato de las conversaciones entre l\u00edderes es la forma m\u00e1s eficaz de avanzar\u00bb. Sin embargo, <b>Mosc\u00fa descart\u00f3 nuevamente la posibilidad de una reuni\u00f3n inmediata<\/b>. El canciller ruso, <b>Sergu\u00e9i Lavrov<\/b>, acus\u00f3 a Zelenski de \u00ab<b>empecinarse y poner condiciones<\/b>\u00ab, mientras responsabiliz\u00f3 a las potencias occidentales \u00ab<b>buscar un pretexto para impedir las negociaciones<\/b> lanzadas por los presidentes\u00bb ruso y estadounidense.<\/p>\n<p>En paralelo, el vicepresidente estadounidense, <b>JD Vance<\/b>, defendi\u00f3 los intentos de Trump por avanzar en una soluci\u00f3n negociada. \u00abPor primera vez en tres a\u00f1os y medio, <b>Rusia ha hecho concesiones significativas<\/b>\u00ab, asegur\u00f3. Seg\u00fan Vance, <b>Mosc\u00fa estar\u00eda dispuesta a reconocer la integridad territorial ucraniana y abandonar su intenci\u00f3n de instalar un gobierno af\u00edn en Kiev<\/b><\/p>\n<p>\u00abPor supuesto, a\u00fan no lo han logrado del todo, y la guerra no ha terminado, pero estamos participando en un proceso diplom\u00e1tico de buena fe\u00bb, declar\u00f3 el vicepresidente, quien considera que Trump est\u00e1 \u00abintentando aplicar una <b>diplomacia muy agresiva y contundente<\/b>\u00bb contra Rusia. \u00ab<b>La guerra no beneficia a nadie<\/b>. Ni a Europa ni a Estados Unidos, y no creemos que Rusia ni Ucrania tengan inter\u00e9s alguno en seguir combatiendo\u00bb, concluy\u00f3.\u00a0<\/p>\n<p>No obstante, Lavrov minimiz\u00f3<b>\u00a0las declaraciones de Vance<\/b> y minimiz\u00f3 la posibilidad de una cumbre. En una entrevista con el canal p\u00fablico <i>Rossia<\/i>, Lavrov\u00a0<b>desestim\u00f3 el impulso del presidente estadounidense Donald Trump para facilitar un acuerdo de paz<\/b>, al considerar que a\u00fan no hay \u00abuna <b>agenda concreta<\/b>\u00bb para un encuentro entre los mandatarios.\u00a0\u00ab<b>Putin est\u00e1 listo para reunirse con Zelenski cuando la agenda est\u00e9 lista para una cumbre. Y esta agenda no est\u00e1 lista en absoluto<\/b>\u00ab, precis\u00f3 Lavrov.<\/p>\n<p>Adem\u00e1s, Lavrov <b>cuestion\u00f3 la legitimidad del presidente ucraniano<\/b>, alegando que tras la postergaci\u00f3n de las elecciones por la ley marcial, <b>Zelenski ya no es un interlocutor v\u00e1lido<\/b>. \u00abPara firmar un acuerdo, es necesario que quien lo haga sea leg\u00edtimo. <b>Seg\u00fan la Constituci\u00f3n ucraniana, Zelenski hoy no lo es<\/b>\u00ab, afirm\u00f3. Sin embargo, reconoci\u00f3 un acercamiento entre Putin y Trump, a quienes describi\u00f3 como \u201c<b>l\u00edderes que desean la paz<\/b>\u201d.<\/p>\n<p>Por su parte, el dirigente canadiense se\u00f1al\u00f3 que \u00ab<b>no corresponde a Rusia decidir c\u00f3mo garantizar la soberan\u00eda, la independencia y la libertad de Ucrania<\/b>\u00ab, a la vez que reclam\u00f3 un alto al fuego en el frente.<\/p>\n<h2><span>Una llamado global por la paz<\/span><\/h2>\n<p>Zelenski tambi\u00e9n agradeci\u00f3 p\u00fablicamente las <b>felicitaciones <\/b>recibidas de l\u00edderes internacionales, entre ellos el <b>Papa Le\u00f3n XIV<\/b>, el presidente estadounidense, el turco, <b>Recep Tayyip Erdogan<\/b>, el chino, <b>Xi Jinping<\/b>,\u00a0 y dirigentes de organismos multilaterales como la ONU.\u00a0Las muestras de apoyo a Ucrania llegaron desde m\u00faltiples latitudes, incluyendo una sorpresiva declaraci\u00f3n del presidente bielorruso <b>Alexander Lukashenko<\/b>, uno de los aliados m\u00e1s cercanos de Putin, quien manifest\u00f3 su <b>disposici\u00f3n al di\u00e1logo con Kiev<\/b>.<span\/><\/p>\n<p>Desde el Vaticano, el Papa Le\u00f3n XIV <b>envi\u00f3 una carta al mandatario ucraniano <\/b>en la que expres\u00f3 su esperanza de que el aniversario pueda abrir caminos hacia el di\u00e1logo. \u00abCon un coraz\u00f3n herido por la violencia que asola su tierra, me dirijo a usted en este d\u00eda de su fiesta nacional\u00bb, comienza la misiva.<\/p>\n<p>El presidente ucraniano, <strong>Volodimir Zelenski, <\/strong>reaccion\u00f3 r\u00e1pidamente en su redes, donde agradeci\u00f3 al sumo pont\u00edfice por \u00absus profundas palabras, su coraz\u00f3n y su atenci\u00f3n\u00bb al pueblo ucraniano. En ese mismo mensaje, Zelenski reafirm\u00f3 que todas las esperanzas y esfuerzos de su naci\u00f3n est\u00e1n dirigidos a alcanzar<strong> \u201cla paz tan esperada\u201d<\/strong>, y sostuvo que el objetivo es que <strong>\u201cprevalezcan el bien, la verdad y la justicia<\/strong>\u201d.<\/p>\n<div class=\"iframely-embed medium-embedded-content\" data-html=\"Jmx0O2Jsb2NrcXVvdGUgY2xhc3M9InR3aXR0ZXItdHdlZXQiIGRhdGEtZG50PSJ0cnVlIiBhbGlnbj0iY2VudGVyIiZndDsmbHQ7cCBsYW5nPSJlbiIgZGlyPSJsdHIiJmd0O0kgYW0gc2luY2VyZWx5IGdyYXRlZnVsIHRvIEhpcyBIb2xpbmVzcyBmb3IgaGlzIHRob3VnaHRmdWwgd29yZHMsIHByYXllciwgYW5kIGF0dGVudGlvbiB0byB0aGUgcGVvcGxlIG9mIFVrcmFpbmUgYW1pZCBkZXZhc3RhdGluZyB3YXIuIEFsbCBvZiBvdXIgaG9wZXMgYW5kIGVmZm9ydHMgYXJlIGZvciBvdXIgbmF0aW9uIHRvIGFjaGlldmUgdGhlIGxvbmctYXdhaXRlZCBwZWFjZS4gRm9yIGdvb2QsIHRydXRoLCBhbmQganVzdGljZSB0byBwcmV2YWlsLiBXZSBhcHByZWNpYXRl4oCmICZsdDthIGhyZWY9Imh0dHBzOi8vdC5jby9RZU8ydTQzamlZIiZndDtwaWMudHdpdHRlci5jb20vUWVPMnU0M2ppWSZsdDsvYSZndDsmbHQ7L3AmZ3Q7JmFtcDttZGFzaDsgVm9sb2R5bXlyIFplbGVuc2t5eSAvINCS0L7Qu9C+0LTQuNC80LjRgCDQl9C10LvQtdC90YHRjNC60LjQuSAoQFplbGVuc2t5eVVhKSAmbHQ7YSBocmVmPSJodHRwczovL3R3aXR0ZXIuY29tL1plbGVuc2t5eVVhL3N0YXR1cy8xOTU5NTAwMjQ0NzY2MzY3ODMzP3JlZl9zcmM9dHdzcmMlNUV0ZnciJmd0O0F1Z3VzdCAyNCwgMjAyNSZsdDsvYSZndDsmbHQ7L2Jsb2NrcXVvdGUmZ3Q7CiZsdDtzY3JpcHQgYXN5bmMgc3JjPSJodHRwczovL3BsYXRmb3JtLnR3aXR0ZXIuY29tL3dpZGdldHMuanMiIGNoYXJzZXQ9InV0Zi04IiZndDsmbHQ7L3NjcmlwdCZndDsKCiZsdDtkaXYgY2xhc3M9Im1lZGl1bS1pbnNlcnQtZW1iZWRzLW1ldGEiJmd0OyZsdDtzY3JpcHQgdHlwZT0idGV4dC9qc29uIiZndDt7InVybCI6Imh0dHBzOi8vdHdpdHRlci5jb20vWmVsZW5za3l5VWEvc3RhdHVzLzE5NTk1MDAyNDQ3NjYzNjc4MzMiLCJ0eXBlIjoicmljaCIsInZlcnNpb24iOiIxLjAiLCJ0aXRsZSI6IlZvbG9keW15ciBaZWxlbnNreXkgLyDQktC+0LvQvtC00LjQvNC40YAg0JfQtdC70LXQvdGB0YzQutC40Lkgb24gVHdpdHRlciAvIFgiLCJhdXRob3IiOiJWb2xvZHlteXIgWmVsZW5za3l5IC8g0JLQvtC70L7QtNC40LzQuNGAINCX0LXQu9C10L3RgdGM0LrQuNC5IiwiYXV0aG9yX3VybCI6Imh0dHBzOi8vdHdpdHRlci5jb20vWmVsZW5za3l5VWEiLCJwcm92aWRlcl9uYW1lIjoiVHdpdHRlciIsImRlc2NyaXB0aW9uIjoiSSBhbSBzaW5jZXJlbHkgZ3JhdGVmdWwgdG8gSGlzIEhvbGluZXNzIGZvciBoaXMgdGhvdWdodGZ1bCB3b3JkcywgcHJheWVyLCBhbmQgYXR0ZW50aW9uIHRvIHRoZSBwZW9wbGUgb2YgVWtyYWluZSBhbWlkIGRldmFzdGF0aW5nIHdhci4gQWxsIG9mIG91ciBob3BlcyBhbmQgZWZmb3J0cyBhcmUgZm9yIG91ciBuYXRpb24gdG8gYWNoaWV2ZSB0aGUgbG9uZy1hd2FpdGVkIHBlYWNlLiBGb3IgZ29vZCwgdHJ1dGgsIGFuZCBqdXN0aWNlIHRvIHByZXZhaWwuIFdlIGFwcHJlY2lhdGXigKYgcGljLnR3aXR0ZXIuY29tL1FlTzJ1NDNqaVnigJQgVm9sb2R5bXlyIFplbGVuc2t5eSAvINCS0L7Qu9C+0LTQuNC80LjRgCDQl9C10LvQtdC90YHRjNC60LjQuSAoQFplbGVuc2t5eVVhKSBBdWd1c3QgMjQsIDIwMjVcblxuXG4iLCJ0aHVtYm5haWxfdXJsIjoiaHR0cHM6Ly9wYnMudHdpbWcuY29tL21lZGlhL0d6R0xCU3FYb0FBbDNEdS5qcGc6bGFyZ2UiLCJ0aHVtYm5haWxfd2lkdGgiOjExNzksInRodW1ibmFpbF9oZWlnaHQiOjExMDksImNhY2hlX2FnZSI6ODY0MDAsIm9wdGlvbnMiOnsiX2hpZGVfbWVkaWEiOnsibGFiZWwiOiJIaWRlIHBob3RvcywgdmlkZW9zLCBhbmQgY2FyZHMiLCJ2YWx1ZSI6ZmFsc2V9LCJfdGhlbWUiOnsidmFsdWUiOiIiLCJ2YWx1ZXMiOnsiZGFyayI6IlVzZSBkYXJrIHRoZW1lIn19LCJfbWF4d2lkdGgiOnsidmFsdWUiOiIiLCJsYWJlbCI6IkFkanVzdCB3aWR0aCIsInBsYWNlaG9sZGVyIjoiMjIwLTU1MCwgaW4gcHgifX19Jmx0Oy9zY3JpcHQmZ3Q7Jmx0Oy9kaXYmZ3Q7\">\n                <a data-iframely-url=\"\" href=\"https:\/\/twitter.com\/ZelenskyyUa\/status\/1959500244766367833\">https:\/\/twitter.com\/ZelenskyyUa\/status\/1959500244766367833<\/a>\n              <\/div>\n<p>            <!-- Live Blog Post --><\/div>\n<p><script async src=\"\/\/platform.twitter.com\/widgets.js\" charset=\"utf-8\"><\/script><br \/><a href=\"https:\/\/www.pagina12.com.ar\/852086-ucrania-celebro-34-anos-de-independencia-en-medio-de-la-guer\">source<\/a><\/p>\n","protected":false},"excerpt":{"rendered":"<p>El 34\u00ba aniversario de la independencia de Ucrania, celebrado este domingo, estuvo lejos de ser&#8230;<\/p>\n","protected":false},"author":0,"featured_media":199749,"comment_status":"open","ping_status":"open","sticky":false,"template":"","format":"standard","meta":{"footnotes":""},"categories":[60],"tags":[],"class_list":["post-199748","post","type-post","status-publish","format-standard","has-post-thumbnail","hentry","category-internacional"],"featured_image_urls":{"full":["https:\/\/radiofenix.com.ar\/2023\/wp-content\/uploads\/2025\/08\/wp-header-logo-144.png",960,540,false],"thumbnail":["https:\/\/radiofenix.com.ar\/2023\/wp-content\/uploads\/2025\/08\/wp-header-logo-144-150x150.png",150,150,true],"medium":["https:\/\/radiofenix.com.ar\/2023\/wp-content\/uploads\/2025\/08\/wp-header-logo-144-300x169.png",300,169,true],"medium_large":["https:\/\/radiofenix.com.ar\/2023\/wp-content\/uploads\/2025\/08\/wp-header-logo-144-768x432.png",640,360,true],"large":["https:\/\/radiofenix.com.ar\/2023\/wp-content\/uploads\/2025\/08\/wp-header-logo-144.png",640,360,false],"1536x1536":["https:\/\/radiofenix.com.ar\/2023\/wp-content\/uploads\/2025\/08\/wp-header-logo-144.png",960,540,false],"2048x2048":["https:\/\/radiofenix.com.ar\/2023\/wp-content\/uploads\/2025\/08\/wp-header-logo-144.png",960,540,false],"newsium-slider-full":["https:\/\/radiofenix.com.ar\/2023\/wp-content\/uploads\/2025\/08\/wp-header-logo-144.png",960,540,false],"newsium-featured":["https:\/\/radiofenix.com.ar\/2023\/wp-content\/uploads\/2025\/08\/wp-header-logo-144.png",960,540,false],"newsium-medium":["https:\/\/radiofenix.com.ar\/2023\/wp-content\/uploads\/2025\/08\/wp-header-logo-144-720x475.png",720,475,true]},"author_info":{"info":[""]},"category_info":"<a href=\"https:\/\/radiofenix.com.ar\/2023\/category\/internacional\/\" rel=\"category tag\">Internacional<\/a>","tag_info":"Internacional","comment_count":"0","_links":{"self":[{"href":"https:\/\/radiofenix.com.ar\/2023\/wp-json\/wp\/v2\/posts\/199748","targetHints":{"allow":["GET"]}}],"collection":[{"href":"https:\/\/radiofenix.com.ar\/2023\/wp-json\/wp\/v2\/posts"}],"about":[{"href":"https:\/\/radiofenix.com.ar\/2023\/wp-json\/wp\/v2\/types\/post"}],"replies":[{"embeddable":true,"href":"https:\/\/radiofenix.com.ar\/2023\/wp-json\/wp\/v2\/comments?post=199748"}],"version-history":[{"count":0,"href":"https:\/\/radiofenix.com.ar\/2023\/wp-json\/wp\/v2\/posts\/199748\/revisions"}],"wp:featuredmedia":[{"embeddable":true,"href":"https:\/\/radiofenix.com.ar\/2023\/wp-json\/wp\/v2\/media\/199749"}],"wp:attachment":[{"href":"https:\/\/radiofenix.com.ar\/2023\/wp-json\/wp\/v2\/media?parent=199748"}],"wp:term":[{"taxonomy":"category","embeddable":true,"href":"https:\/\/radiofenix.com.ar\/2023\/wp-json\/wp\/v2\/categories?post=199748"},{"taxonomy":"post_tag","embeddable":true,"href":"https:\/\/radiofenix.com.ar\/2023\/wp-json\/wp\/v2\/tags?post=199748"}],"curies":[{"name":"wp","href":"https:\/\/api.w.org\/{rel}","templated":true}]}}