{"id":199750,"date":"2025-08-25T08:57:28","date_gmt":"2025-08-25T08:57:28","guid":{"rendered":"https:\/\/radiofenix.com.ar\/2023\/causa-andis-indagaran-al-jefe-de-seguridad-de-nordelta-por-obstruccion-a-la-justicia\/"},"modified":"2025-08-25T08:57:28","modified_gmt":"2025-08-25T08:57:28","slug":"causa-andis-indagaran-al-jefe-de-seguridad-de-nordelta-por-obstruccion-a-la-justicia","status":"publish","type":"post","link":"https:\/\/radiofenix.com.ar\/2023\/causa-andis-indagaran-al-jefe-de-seguridad-de-nordelta-por-obstruccion-a-la-justicia\/","title":{"rendered":"Causa ANDIS: indagar\u00e1n al jefe de Seguridad de Nordelta por &quot;obstrucci\u00f3n a la justicia&quot;"},"content":{"rendered":"<div id=\"\">\n<p>Los investigadores tambi\u00e9n revisar\u00e1n la documentaci\u00f3n incautada en la sede de la ANDIS y en las propiedades particulares para determinar posibles acuerdos il\u00edcitos entre funcionarios y la droguer\u00eda Suizo Argentina.<\/p>\n<p>Los sospechosos clave incluyen a <strong>Emmanuel Kovalivker<\/strong>, accionista minoritario de la empresa, y <strong>Daniel Garbellini<\/strong>, exdirector Nacional de Acceso a los Servicios de Salud de ANDIS, quien cooper\u00f3 entregando la clave de su celular.<\/p>\n<p>Aunque la causa a\u00fan no tiene una car\u00e1tula definitiva ni se formularon cargos espec\u00edficos, se analiza la posible participaci\u00f3n de funcionarios y allegados al Gobierno en la presunta exigencia de sobornos a proveedores de medicamentos. En los audios de Spagnuolo, se escuchan referencias a la modificaci\u00f3n de los porcentajes de pago a proveedores, una maniobra que podr\u00eda haber sido facilitada por <strong>Eduardo \u201cLule\u201d Menem<\/strong>.<\/p>\n<p>La citaci\u00f3n a indagatoria de De Vincentis marca un <strong>avance concreto<\/strong> al enfocarse en quienes pudieron haber impedido la acci\u00f3n de la Justicia. La prioridad ahora es dar con Jonathan Kovalivker y definir la situaci\u00f3n procesal de todos los involucrados en este complejo caso de corrupci\u00f3n.<\/p>\n<div contenteditable=\"false\" class=\"embed_cont type_freetext\" rel=\"freetext\" id=\"embed25_wrap\">\n<p> Embed <span onclick=\"parent.parent.TinyMCETdcuerpo.preview_embed('embed25')\" class=\"embed_colapse less\" id=\"embed25_colapse\"\/>  <span onclick=\"parent.parent.TinyMCETdcuerpo.delete_embed('embed25')\" class=\"embed_delete less\" id=\"embed25_delete\"\/><\/p>\n<div id=\"embed25_content\" class=\"embed_content\">\n<div id=\"embed25_embed\">\n<figure class=\"figure\"><a href=\"https:\/\/t.me\/minutounocom\" target=\"_blank\"><img decoding=\"async\" src=\"https:\/\/media.minutouno.com\/adjuntos\/150\/banners\/039\/099\/0039099175.jpg\" class=\"figure-img img-fluid\" style=\"width:100%;height:auto;\"\/><\/a><\/figure>\n<\/p><\/div>\n<\/div><\/div>\n<\/div>\n<p><a href=\"https:\/\/www.minutouno.com\/politica\/causa-andis-indagaran-al-jefe-seguridad-nordelta-obstruccion-la-justicia-n6182202\">source<\/a><\/p>\n","protected":false},"excerpt":{"rendered":"<p>Los investigadores tambi\u00e9n revisar\u00e1n la documentaci\u00f3n incautada en la sede de la ANDIS y en&#8230;<\/p>\n","protected":false},"author":0,"featured_media":199751,"comment_status":"open","ping_status":"open","sticky":false,"template":"","format":"standard","meta":{"footnotes":""},"categories":[2],"tags":[],"class_list":["post-199750","post","type-post","status-publish","format-standard","has-post-thumbnail","hentry","category-politica"],"featured_image_urls":{"full":["https:\/\/radiofenix.com.ar\/2023\/wp-content\/uploads\/2025\/08\/wp-header-logo-145.png",730,100,false],"thumbnail":["https:\/\/radiofenix.com.ar\/2023\/wp-content\/uploads\/2025\/08\/wp-header-logo-145-150x100.png",150,100,true],"medium":["https:\/\/radiofenix.com.ar\/2023\/wp-content\/uploads\/2025\/08\/wp-header-logo-145-300x41.png",300,41,true],"medium_large":["https:\/\/radiofenix.com.ar\/2023\/wp-content\/uploads\/2025\/08\/wp-header-logo-145.png",640,88,false],"large":["https:\/\/radiofenix.com.ar\/2023\/wp-content\/uploads\/2025\/08\/wp-header-logo-145.png",640,88,false],"1536x1536":["https:\/\/radiofenix.com.ar\/2023\/wp-content\/uploads\/2025\/08\/wp-header-logo-145.png",730,100,false],"2048x2048":["https:\/\/radiofenix.com.ar\/2023\/wp-content\/uploads\/2025\/08\/wp-header-logo-145.png",730,100,false],"newsium-slider-full":["https:\/\/radiofenix.com.ar\/2023\/wp-content\/uploads\/2025\/08\/wp-header-logo-145.png",730,100,false],"newsium-featured":["https:\/\/radiofenix.com.ar\/2023\/wp-content\/uploads\/2025\/08\/wp-header-logo-145.png",730,100,false],"newsium-medium":["https:\/\/radiofenix.com.ar\/2023\/wp-content\/uploads\/2025\/08\/wp-header-logo-145-720x100.png",720,100,true]},"author_info":{"info":[""]},"category_info":"<a href=\"https:\/\/radiofenix.com.ar\/2023\/category\/politica\/\" rel=\"category tag\">Pol\u00edtica<\/a>","tag_info":"Pol\u00edtica","comment_count":"0","_links":{"self":[{"href":"https:\/\/radiofenix.com.ar\/2023\/wp-json\/wp\/v2\/posts\/199750","targetHints":{"allow":["GET"]}}],"collection":[{"href":"https:\/\/radiofenix.com.ar\/2023\/wp-json\/wp\/v2\/posts"}],"about":[{"href":"https:\/\/radiofenix.com.ar\/2023\/wp-json\/wp\/v2\/types\/post"}],"replies":[{"embeddable":true,"href":"https:\/\/radiofenix.com.ar\/2023\/wp-json\/wp\/v2\/comments?post=199750"}],"version-history":[{"count":0,"href":"https:\/\/radiofenix.com.ar\/2023\/wp-json\/wp\/v2\/posts\/199750\/revisions"}],"wp:featuredmedia":[{"embeddable":true,"href":"https:\/\/radiofenix.com.ar\/2023\/wp-json\/wp\/v2\/media\/199751"}],"wp:attachment":[{"href":"https:\/\/radiofenix.com.ar\/2023\/wp-json\/wp\/v2\/media?parent=199750"}],"wp:term":[{"taxonomy":"category","embeddable":true,"href":"https:\/\/radiofenix.com.ar\/2023\/wp-json\/wp\/v2\/categories?post=199750"},{"taxonomy":"post_tag","embeddable":true,"href":"https:\/\/radiofenix.com.ar\/2023\/wp-json\/wp\/v2\/tags?post=199750"}],"curies":[{"name":"wp","href":"https:\/\/api.w.org\/{rel}","templated":true}]}}