{"id":199752,"date":"2025-08-25T08:57:29","date_gmt":"2025-08-25T08:57:29","guid":{"rendered":"https:\/\/radiofenix.com.ar\/2023\/ana-maria-shua-la-reina-del-microrrelato\/"},"modified":"2025-08-25T08:57:29","modified_gmt":"2025-08-25T08:57:29","slug":"ana-maria-shua-la-reina-del-microrrelato","status":"publish","type":"post","link":"https:\/\/radiofenix.com.ar\/2023\/ana-maria-shua-la-reina-del-microrrelato\/","title":{"rendered":"Ana Mar\u00eda Shua, la reina del microrrelato"},"content":{"rendered":"<div><!-- Body --><\/p>\n<p>Hay un g\u00e9nero que, cada tanto, es redescubierto por la cr\u00edtica y los lectores. Hace poco empez\u00f3 a d\u00e1rsele m\u00e1s espacio, se crearon concursos y premios enfocados en \u00e9l y suele ser una usina donde aparecen innovaciones interesantes.\u00a0Tambi\u00e9n hubo grandes plumas escribiendo en este formato: Franz Kafka e Italo Calvino en Europa, Jorge Luis Borges y Julio Cort\u00e1zar en Argentina. Se trata del <b>microrrelato<\/b>.\u00a0<\/p>\n<p>Una de las escritoras m\u00e1s diestras en la ejecuci\u00f3n de ese desaf\u00edo literario es <b>Ana Mar\u00eda Shua<\/b>. En Espa\u00f1a es conocida como \u00abla reina del microrrelato\u00bb y buena parte de la cr\u00edtica hispanoamericana considera sus textos como \u00ablos mejores en lengua espa\u00f1ola\u00bb.\u00a0<\/p>\n<p>En 2016 recibi\u00f3 el <b>Premio Hispanoamericano Arreola de Microrrelato<\/b> en su primera entrega. Ahora el sello Emec\u00e9, perteneciente al grupo editorial Planeta, reedit\u00f3\u00a0<em><b>Todos los universos posibles. Microrrelatos reunidos<\/b><\/em>, (publicado originalmente en 2017) volumen que <b>recopila todos los libros de la autora dedicados al\u00a0 g\u00e9nero, desde <i>La sue\u00f1era<\/i> hasta <i>Fen\u00f3menos de circo<\/i>, pasando por <i>Temporada de fantasmas<\/i> y <i>Bot\u00e1nica del caos<\/i><\/b>.\u00a0<\/p>\n<p>Aqu\u00ed el lector encontrar\u00e1 una gran variedad de tonos, situaciones y personajes: hay relatos enigm\u00e1ticos, otros inquietantes y otros enga\u00f1osamente simples.<\/p>\n<p><!-- Live Blog Post --><\/div>\n<p><a href=\"https:\/\/www.pagina12.com.ar\/852114-ana-maria-shua-la-reina-del-microrrelato\">source<\/a><\/p>\n","protected":false},"excerpt":{"rendered":"<p>Hay un g\u00e9nero que, cada tanto, es redescubierto por la cr\u00edtica y los lectores. Hace&#8230;<\/p>\n","protected":false},"author":0,"featured_media":199753,"comment_status":"open","ping_status":"open","sticky":false,"template":"","format":"standard","meta":{"footnotes":""},"categories":[4],"tags":[],"class_list":["post-199752","post","type-post","status-publish","format-standard","has-post-thumbnail","hentry","category-espectaculos"],"featured_image_urls":{"full":["https:\/\/radiofenix.com.ar\/2023\/wp-content\/uploads\/2025\/08\/wp-header-logo-146.png",960,540,false],"thumbnail":["https:\/\/radiofenix.com.ar\/2023\/wp-content\/uploads\/2025\/08\/wp-header-logo-146-150x150.png",150,150,true],"medium":["https:\/\/radiofenix.com.ar\/2023\/wp-content\/uploads\/2025\/08\/wp-header-logo-146-300x169.png",300,169,true],"medium_large":["https:\/\/radiofenix.com.ar\/2023\/wp-content\/uploads\/2025\/08\/wp-header-logo-146-768x432.png",640,360,true],"large":["https:\/\/radiofenix.com.ar\/2023\/wp-content\/uploads\/2025\/08\/wp-header-logo-146.png",640,360,false],"1536x1536":["https:\/\/radiofenix.com.ar\/2023\/wp-content\/uploads\/2025\/08\/wp-header-logo-146.png",960,540,false],"2048x2048":["https:\/\/radiofenix.com.ar\/2023\/wp-content\/uploads\/2025\/08\/wp-header-logo-146.png",960,540,false],"newsium-slider-full":["https:\/\/radiofenix.com.ar\/2023\/wp-content\/uploads\/2025\/08\/wp-header-logo-146.png",960,540,false],"newsium-featured":["https:\/\/radiofenix.com.ar\/2023\/wp-content\/uploads\/2025\/08\/wp-header-logo-146.png",960,540,false],"newsium-medium":["https:\/\/radiofenix.com.ar\/2023\/wp-content\/uploads\/2025\/08\/wp-header-logo-146-720x475.png",720,475,true]},"author_info":{"info":[""]},"category_info":"<a href=\"https:\/\/radiofenix.com.ar\/2023\/category\/espectaculos\/\" rel=\"category tag\">Espectaculos<\/a>","tag_info":"Espectaculos","comment_count":"0","_links":{"self":[{"href":"https:\/\/radiofenix.com.ar\/2023\/wp-json\/wp\/v2\/posts\/199752","targetHints":{"allow":["GET"]}}],"collection":[{"href":"https:\/\/radiofenix.com.ar\/2023\/wp-json\/wp\/v2\/posts"}],"about":[{"href":"https:\/\/radiofenix.com.ar\/2023\/wp-json\/wp\/v2\/types\/post"}],"replies":[{"embeddable":true,"href":"https:\/\/radiofenix.com.ar\/2023\/wp-json\/wp\/v2\/comments?post=199752"}],"version-history":[{"count":0,"href":"https:\/\/radiofenix.com.ar\/2023\/wp-json\/wp\/v2\/posts\/199752\/revisions"}],"wp:featuredmedia":[{"embeddable":true,"href":"https:\/\/radiofenix.com.ar\/2023\/wp-json\/wp\/v2\/media\/199753"}],"wp:attachment":[{"href":"https:\/\/radiofenix.com.ar\/2023\/wp-json\/wp\/v2\/media?parent=199752"}],"wp:term":[{"taxonomy":"category","embeddable":true,"href":"https:\/\/radiofenix.com.ar\/2023\/wp-json\/wp\/v2\/categories?post=199752"},{"taxonomy":"post_tag","embeddable":true,"href":"https:\/\/radiofenix.com.ar\/2023\/wp-json\/wp\/v2\/tags?post=199752"}],"curies":[{"name":"wp","href":"https:\/\/api.w.org\/{rel}","templated":true}]}}