{"id":199756,"date":"2025-08-26T08:57:26","date_gmt":"2025-08-26T08:57:26","guid":{"rendered":"https:\/\/radiofenix.com.ar\/2023\/denuncian-que-el-gcba-no-dejo-realizar-un-acto-por-las-personas-en-situacion-de-calle\/"},"modified":"2025-08-26T08:57:26","modified_gmt":"2025-08-26T08:57:26","slug":"denuncian-que-el-gcba-no-dejo-realizar-un-acto-por-las-personas-en-situacion-de-calle","status":"publish","type":"post","link":"https:\/\/radiofenix.com.ar\/2023\/denuncian-que-el-gcba-no-dejo-realizar-un-acto-por-las-personas-en-situacion-de-calle\/","title":{"rendered":"Denuncian que el GCBA no dej\u00f3 realizar un acto por las personas en situaci\u00f3n de calle"},"content":{"rendered":"<div><!-- Body --><\/p>\n<p>Organizaciones que trabajan con <b>personas en situaci\u00f3n de calle<\/b> denunciaron este lunes que el <b>Gobierno porte\u00f1o no los dej\u00f3 realizar una serie de actividades<\/b> en conmemoraci\u00f3n del D\u00eda latinoamericano de las luchas y reivindicaci\u00f3n de los derechos de las personas en situaci\u00f3n de calle. Planeaban presentar <b>datos del <\/b><a href=\"https:\/\/www.pagina12.com.ar\/840269-censo-popular-contabilizan-casi-12-000-personas-en-la-calle\"><b>censo popular<\/b> de personas sin techo<\/a>, adem\u00e1s de realizar un <b>frazadazo <\/b>en el Obelisco y una <b>olla popular<\/b> en Plaza de Mayo, pero aseguran que a \u00faltimo momento el GCBA no los autoriz\u00f3 a realizar las actividades.<\/p>\n<p>La presentaci\u00f3n de los datos del censo estaba prevista para las 15 de este lunes en el Obelisco, donde a las 17 se realizar\u00eda el frazadazo con posterior marcha a Plaza de Mayo y una olla popular a las 19. Nada de eso pudo ser finalmente realizado y las organizaciones que impulsaban las actividades, las mismas que hicieron el censo en conjunto, denunciaron que fueron \u00ab<b>prohibidas por el GCBA<\/b>\u00ab. Achacaron a la Subsecretar\u00eda de Ordenamiento Urbano del <b>Ministerio de Espacio P\u00fablico<\/b>, a la Secretar\u00eda de <b>Seguridad <\/b>y a la Direcci\u00f3n General de <b>Econom\u00eda Social la<\/b> responsabilidad en la cuesti\u00f3n por \u00ab<b>obstaculizar esta iniciativa<\/b> colectiva\u00bb.\u00a0<\/p>\n<p>\u00abImpidieron que podamos desarrollar un encuentro que ten\u00eda como objetivo visibilizar la <b>realidad de miles de personas que sobreviven cada d\u00eda en las calles<\/b>, acercarles un plato de comida caliente y exigir pol\u00edticas p\u00fablicas efectivas\u00bb, advirtieron, calificaron a lo sucedido como un \u00ab<b>grave hecho de censura y restricci\u00f3n<\/b> a la libertad de expresi\u00f3n\u00bb y agregaron que \u00abla voluntad popular de organizarse y expresarse <b>no puede ser prohibida<\/b>, la calle no es un lugar para vivir ni para morir, y tampoco puede ser un espacio clausurado\u00bb. Este diario consult\u00f3 a fuentes de Espacio P\u00fablico sobre los motivos de la decisi\u00f3n, pero al cierre de esta edici\u00f3n no hab\u00eda recibido respuestas.\u00a0<\/p>\n<p>Los n\u00fameros del\u00a0censo\u00a0popular realizado por las organizaciones ya fueron presentados el mes pasado con un total de <b>11.892 personas viviendo en las calles porte\u00f1as<\/b>, mientras que este lunes se iban a presentar <b>datos cualitativos<\/b> y complementarios a esa cifra.\u00a0<\/p>\n<p><!-- Live Blog Post --><\/div>\n<p><a href=\"https:\/\/www.pagina12.com.ar\/852376-denuncian-que-el-gcba-no-dejo-realizar-un-acto-por-las-perso\">source<\/a><\/p>\n","protected":false},"excerpt":{"rendered":"<p>Organizaciones que trabajan con personas en situaci\u00f3n de calle denunciaron este lunes que el Gobierno&#8230;<\/p>\n","protected":false},"author":0,"featured_media":199757,"comment_status":"open","ping_status":"open","sticky":false,"template":"","format":"standard","meta":{"footnotes":""},"categories":[7],"tags":[],"class_list":["post-199756","post","type-post","status-publish","format-standard","has-post-thumbnail","hentry","category-sociedad"],"featured_image_urls":{"full":["https:\/\/radiofenix.com.ar\/2023\/wp-content\/uploads\/2025\/08\/wp-header-logo-148.png",960,540,false],"thumbnail":["https:\/\/radiofenix.com.ar\/2023\/wp-content\/uploads\/2025\/08\/wp-header-logo-148-150x150.png",150,150,true],"medium":["https:\/\/radiofenix.com.ar\/2023\/wp-content\/uploads\/2025\/08\/wp-header-logo-148-300x169.png",300,169,true],"medium_large":["https:\/\/radiofenix.com.ar\/2023\/wp-content\/uploads\/2025\/08\/wp-header-logo-148-768x432.png",640,360,true],"large":["https:\/\/radiofenix.com.ar\/2023\/wp-content\/uploads\/2025\/08\/wp-header-logo-148.png",640,360,false],"1536x1536":["https:\/\/radiofenix.com.ar\/2023\/wp-content\/uploads\/2025\/08\/wp-header-logo-148.png",960,540,false],"2048x2048":["https:\/\/radiofenix.com.ar\/2023\/wp-content\/uploads\/2025\/08\/wp-header-logo-148.png",960,540,false],"newsium-slider-full":["https:\/\/radiofenix.com.ar\/2023\/wp-content\/uploads\/2025\/08\/wp-header-logo-148.png",960,540,false],"newsium-featured":["https:\/\/radiofenix.com.ar\/2023\/wp-content\/uploads\/2025\/08\/wp-header-logo-148.png",960,540,false],"newsium-medium":["https:\/\/radiofenix.com.ar\/2023\/wp-content\/uploads\/2025\/08\/wp-header-logo-148-720x475.png",720,475,true]},"author_info":{"info":[""]},"category_info":"<a href=\"https:\/\/radiofenix.com.ar\/2023\/category\/sociedad\/\" rel=\"category tag\">Sociedad<\/a>","tag_info":"Sociedad","comment_count":"0","_links":{"self":[{"href":"https:\/\/radiofenix.com.ar\/2023\/wp-json\/wp\/v2\/posts\/199756","targetHints":{"allow":["GET"]}}],"collection":[{"href":"https:\/\/radiofenix.com.ar\/2023\/wp-json\/wp\/v2\/posts"}],"about":[{"href":"https:\/\/radiofenix.com.ar\/2023\/wp-json\/wp\/v2\/types\/post"}],"replies":[{"embeddable":true,"href":"https:\/\/radiofenix.com.ar\/2023\/wp-json\/wp\/v2\/comments?post=199756"}],"version-history":[{"count":0,"href":"https:\/\/radiofenix.com.ar\/2023\/wp-json\/wp\/v2\/posts\/199756\/revisions"}],"wp:featuredmedia":[{"embeddable":true,"href":"https:\/\/radiofenix.com.ar\/2023\/wp-json\/wp\/v2\/media\/199757"}],"wp:attachment":[{"href":"https:\/\/radiofenix.com.ar\/2023\/wp-json\/wp\/v2\/media?parent=199756"}],"wp:term":[{"taxonomy":"category","embeddable":true,"href":"https:\/\/radiofenix.com.ar\/2023\/wp-json\/wp\/v2\/categories?post=199756"},{"taxonomy":"post_tag","embeddable":true,"href":"https:\/\/radiofenix.com.ar\/2023\/wp-json\/wp\/v2\/tags?post=199756"}],"curies":[{"name":"wp","href":"https:\/\/api.w.org\/{rel}","templated":true}]}}