{"id":199760,"date":"2025-08-26T08:57:29","date_gmt":"2025-08-26T08:57:29","guid":{"rendered":"https:\/\/radiofenix.com.ar\/2023\/bolivia-paz-tuto-quiroga-y-el-neoliberalismo-que-avanza\/"},"modified":"2025-08-26T08:57:29","modified_gmt":"2025-08-26T08:57:29","slug":"bolivia-paz-tuto-quiroga-y-el-neoliberalismo-que-avanza","status":"publish","type":"post","link":"https:\/\/radiofenix.com.ar\/2023\/bolivia-paz-tuto-quiroga-y-el-neoliberalismo-que-avanza\/","title":{"rendered":"Bolivia: Paz, Tuto Quiroga y el neoliberalismo que avanza"},"content":{"rendered":"<div><!-- Body --><\/p>\n<p><i>Desde La Paz<\/i><\/p>\n<p>Con la derecha ya acomodada hacia la segunda vuelta, los presidenciables <b\/><a href=\"https:\/\/www.pagina12.com.ar\/850572-triste-derrota-de-la-izquierda-en-bolivia\"><b>Rodrigo Paz<\/b> y <b>Jorge Tuto Quiroga<\/b> <\/a>empiezan a pescar votos en el electorado que no los eligi\u00f3. La transici\u00f3n hacia el 19 de octubre cuando se definir\u00e1 qui\u00e9n gobierna <b>Bolivia<\/b> por los pr\u00f3ximos cinco a\u00f1os, empez\u00f3 como se esperaba. En materia econ\u00f3mica, los candidatos apuntan a reinstalar un modelo neoliberal con anab\u00f3licos libertarios. El ganador del primer turno y exalcalde de Tarija, sintetiz\u00f3 su idea en tres palabras: \u201cCapitalismo para todos\u201d. Su rival declar\u00f3 que \u201cquiere salir de la c\u00e1rcel del Mercosur, porque Brasil es proteccionista\u201d, adem\u00e1s de los pa\u00edses europeos con los que el bloque comercia.\u00a0<\/p>\n<p>  Si ambos coinciden en <b>terminar con \u201cel milagro\u201d econ\u00f3mico boliviano que se gest\u00f3 en los veinte a\u00f1os de dominio del MAS,<\/b> en pol\u00edtica hay ciertos matices que los diferencian. A Paz lo corren por derecha los extremistas de ese arco ideol\u00f3gico y el expresidente es uno de ellos. Una sola frase define su pensamiento. Del dictador Hugo Banzer, con quien comparti\u00f3 f\u00f3rmula presidencial en 1997, coment\u00f3: \u201cSu contribuci\u00f3n democr\u00e1tica es innegable\u201d.<\/p>\n<p>  Paz, hijo de Jaime Paz Zamora, perseguido por el r\u00e9gimen de Banzer en los a\u00f1os \u201970, grab\u00f3 un mensaje por el bicentenario de Bolivia que se cumpli\u00f3 el 6 de agosto donde record\u00f3 el calvario familiar en esa etapa: \u201cYo ten\u00eda tres a\u00f1os cuando sal\u00ed exiliado y viv\u00ed en m\u00e1s de diez pa\u00edses, estudi\u00e9 en m\u00e1s de diez colegios, vi la muerte de cerca, a hombres y mujeres luchando por la libertad, he visto a mis padres entrar a la c\u00e1rcel, ser torturados y cuando ten\u00eda trece a\u00f1os iba en un taxi en Sopocachi (barrio de La Paz) y escuch\u00e9 que se hab\u00eda ca\u00eddo el avi\u00f3n donde viajaba mi padre y dec\u00edan que todos hab\u00edan muerto. Pero el sobrevivi\u00f3\u201d. <\/p>\n<h2>Voto rechazo al desgaste del MAS<\/h2>\n<p>  Ese autorretrato, una secuencia dolorosa y pr\u00e9terita, tal vez explique lo que se dec\u00eda en Bolivia en las horas posteriores a la elecci\u00f3n. Que Paz recibi\u00f3 votos de un sector descontento de las bases del MAS que lo ven m\u00e1s digerible a Quiroga. \u00c1lvaro Garc\u00eda Linera, el exvice de Morales, declar\u00f3 en estos d\u00edas que \u201c<b>el voto de Paz es el antiguo voto de Evo\u201d<\/b>. Eso no lo ubica al candidato mejor posicionado para el balotaje en la centro izquierda, ni mucho menos en la izquierda. En Bolivia hubo un voto rechazo al desgaste de cuatro gobiernos consecutivos del Movimiento al Socialismo que fueron de mayor a menor. En el \u00faltimo de Luis Arce la econom\u00eda se derrumb\u00f3, el gas dej\u00f3 de ser el commodity que hacia ingresar divisas como antes, la moneda se devalu\u00f3 y los conflictos internos del MAS hicieron el resto.<\/p>\n<p>   En un pa\u00eds donde todo lo que hizo esa fuerza pol\u00edtica colosal, que edific\u00f3 el estado plurinacional, cre\u00f3 una nueva constituci\u00f3n y elev\u00f3 los \u00edndices de igualdad al nivel m\u00e1s alto de Latinoam\u00e9rica, Paz y Quiroga confirmaron que ir\u00e1n en la direcci\u00f3n contraria. Detr\u00e1s del primero est\u00e1<b> Jaime Dunn, ex aspirante frustrado a la presidencia y economista libertario<\/b> con el que coincidi\u00f3 en sus estudios. En un video que puede verse en X, los dos juntos dicen que \u201cel voto liberal hay que ganarlo\u201d y el candidato dem\u00f3crata cristiano sugiere que aquel le redact\u00f3 el plan econ\u00f3mico.<\/p>\n<p>  Los lazos de Dunn con el ide\u00f3logo neofascista detr\u00e1s del presidente argentino, Javier Milei, re\u00fanen evidencia. Nicol\u00e1s Laje, en un di\u00e1logo poselectoral, lo felicit\u00f3 por el programa econ\u00f3mico \u2013 que tambi\u00e9n se atribuy\u00f3 \u2013 y defini\u00f3 al boliviano como \u201cun libertario absoluto\u201d. <\/p>\n<p>  Dunn quiere ser presidente de su pa\u00eds en 2030, aunque por este a\u00f1o se qued\u00f3 con la sangre en el ojo. Se postul\u00f3 el 25 de junio pasado por el partido Nueva Generaci\u00f3n Patri\u00f3tica (NGP). Pero el Tribunal Supremo Electoral (TSE) inhabilit\u00f3 su candidatura el 2 de julio. Adujo que no present\u00f3 la documentaci\u00f3n que acreditaba su solvencia fiscal. A ese personaje, Laje lo despidi\u00f3 en el di\u00e1logo que se puede ver en youtube con su frase de cabecera sobre la \u201cbatalla cultural\u201d. Esta vez en Bolivia.<\/p>\n<p><b>   Tuto Quiroga<\/b>, que corre de atr\u00e1s por el resultado del primer turno, suaviz\u00f3 su discurso de mano dura despu\u00e9s de la campa\u00f1a y aparenta correrse hacia el centro, aunque es una especie de lobo con piel de cordero. Defini\u00f3 al Mercosur como una \u201cc\u00e1rcel\u201d, critic\u00f3 al Brasil de Lula por su proteccionismo y ya <b>anunci\u00f3 que correr\u00e1 presuroso a los brazos del FMI si accede a la presidencia.<\/b> Como buen tecn\u00f3crata se siente c\u00f3modo en su papel de redentor por su llegada al sector financiero. Asegur\u00f3 que tiene un plan de salvataje de varios organismos: consiste en pedir 12.000 millones de d\u00f3lares con el objetivo de estabilizar la econom\u00eda de Bolivia hasta fines de este a\u00f1o. O sea, entrar al c\u00edrculo poco virtuoso del endeudamiento.<\/p>\n<h2>Evo y el voto nulo<\/h2>\n<p>  Dice que le tiene \u201calta estima\u201d a su adversario y en pol\u00edtica mostr\u00f3 algunas cartas: lo seduce la liberaci\u00f3n de los golpistas de 2019, la expresidenta Jeanine \u00c1\u00f1ez y el cruce\u00f1o Fernando Camacho, los dos detenidos en c\u00e1rceles del departamento de La Paz. Cuestion\u00f3 sus enjuciamientos. En un programa de TV emitido por el grupo El Deber de Santa Cruz, compar\u00f3 al dictador Banzer -con quien comparti\u00f3 f\u00f3rmula presidencial y lo sucedi\u00f3 por un a\u00f1o para completar su mandato-, con la figura de Evo. Dijo que este \u00faltimo hizo el camino inverso al presidente de facto porque \u201cfue elegido en democracia y se convirti\u00f3 en un dictador\u201d. <\/p>\n<p><b>   A Morales lo critican de derecha a izquierda<\/b>. Andr\u00f3nico Rodr\u00edguez, el joven senador del MAS que se form\u00f3 en las luchas del Tr\u00f3pico de Cochabamba junto al hist\u00f3rico l\u00edder cocalero, dijo que \u201cel voto nulo perdi\u00f3\u201d, marcando la diferencia con su mentor. <\/p>\n<p>  En estos tiempos de redes sociales omnipresentes, el candidato perdedor de Alianza Popular apel\u00f3 a ellas para dar su opini\u00f3n: \u201cLo \u00fanico que lograron con la campa\u00f1a del voto nulo es promover la victoria de la derecha, adem\u00e1s de confundir, desanimar, dividir y dispersar el voto del movimiento popular. El voto nulo perdi\u00f3, pero algunos dirigentes de izquierda festejaron que la derecha haya ganado. El inter\u00e9s personal prevaleci\u00f3 ante todo, \u2018soy yo o nadie\u2019 con una mezquindad a gran escala\u201d.<\/p>\n<p>  El tres veces presidente de Bolivia entre 2006 y 2019, mantiene su posici\u00f3n de que anular el voto fue un acto de \u201cdignidad\u201d ante lo que consider\u00f3 su proscripci\u00f3n. Y que el 19.87% de rechazo a la elecci\u00f3n que \u00e9l promovi\u00f3, no fue una derrota y s\u00ed una victoria. La imagen de la futura Asamblea Nacional desmiente ese aserto. La mayor\u00eda de la que goz\u00f3 el MAS en el Parlamento durante veinte a\u00f1os qued\u00f3 deshecha y su fuerza reducida a una participaci\u00f3n testimonial. Deber\u00e1 reiventarse para volver al poder y desmentir a la derecha que ya lo ubica en un pasado sin retorno. <\/p>\n<p><a href=\"\/cdn-cgi\/l\/email-protection\" class=\"__cf_email__\" data-cfemail=\"553223303c3234152534323c3b3464677b363a387b3427\">[email\u00a0protected]<\/a>   <\/p>\n<p><!-- Live Blog Post --><\/div>\n<p><a href=\"https:\/\/www.pagina12.com.ar\/852055-bolivia-paz-tuto-quiroga-y-el-neoliberalismo-que-avanza\">source<\/a><\/p>\n","protected":false},"excerpt":{"rendered":"<p>Desde La Paz Con la derecha ya acomodada hacia la segunda vuelta, los presidenciables Rodrigo&#8230;<\/p>\n","protected":false},"author":0,"featured_media":199761,"comment_status":"open","ping_status":"open","sticky":false,"template":"","format":"standard","meta":{"footnotes":""},"categories":[60],"tags":[],"class_list":["post-199760","post","type-post","status-publish","format-standard","has-post-thumbnail","hentry","category-internacional"],"featured_image_urls":{"full":["https:\/\/radiofenix.com.ar\/2023\/wp-content\/uploads\/2025\/08\/wp-header-logo-150.png",960,540,false],"thumbnail":["https:\/\/radiofenix.com.ar\/2023\/wp-content\/uploads\/2025\/08\/wp-header-logo-150-150x150.png",150,150,true],"medium":["https:\/\/radiofenix.com.ar\/2023\/wp-content\/uploads\/2025\/08\/wp-header-logo-150-300x169.png",300,169,true],"medium_large":["https:\/\/radiofenix.com.ar\/2023\/wp-content\/uploads\/2025\/08\/wp-header-logo-150-768x432.png",640,360,true],"large":["https:\/\/radiofenix.com.ar\/2023\/wp-content\/uploads\/2025\/08\/wp-header-logo-150.png",640,360,false],"1536x1536":["https:\/\/radiofenix.com.ar\/2023\/wp-content\/uploads\/2025\/08\/wp-header-logo-150.png",960,540,false],"2048x2048":["https:\/\/radiofenix.com.ar\/2023\/wp-content\/uploads\/2025\/08\/wp-header-logo-150.png",960,540,false],"newsium-slider-full":["https:\/\/radiofenix.com.ar\/2023\/wp-content\/uploads\/2025\/08\/wp-header-logo-150.png",960,540,false],"newsium-featured":["https:\/\/radiofenix.com.ar\/2023\/wp-content\/uploads\/2025\/08\/wp-header-logo-150.png",960,540,false],"newsium-medium":["https:\/\/radiofenix.com.ar\/2023\/wp-content\/uploads\/2025\/08\/wp-header-logo-150-720x475.png",720,475,true]},"author_info":{"info":[""]},"category_info":"<a href=\"https:\/\/radiofenix.com.ar\/2023\/category\/internacional\/\" rel=\"category tag\">Internacional<\/a>","tag_info":"Internacional","comment_count":"0","_links":{"self":[{"href":"https:\/\/radiofenix.com.ar\/2023\/wp-json\/wp\/v2\/posts\/199760","targetHints":{"allow":["GET"]}}],"collection":[{"href":"https:\/\/radiofenix.com.ar\/2023\/wp-json\/wp\/v2\/posts"}],"about":[{"href":"https:\/\/radiofenix.com.ar\/2023\/wp-json\/wp\/v2\/types\/post"}],"replies":[{"embeddable":true,"href":"https:\/\/radiofenix.com.ar\/2023\/wp-json\/wp\/v2\/comments?post=199760"}],"version-history":[{"count":0,"href":"https:\/\/radiofenix.com.ar\/2023\/wp-json\/wp\/v2\/posts\/199760\/revisions"}],"wp:featuredmedia":[{"embeddable":true,"href":"https:\/\/radiofenix.com.ar\/2023\/wp-json\/wp\/v2\/media\/199761"}],"wp:attachment":[{"href":"https:\/\/radiofenix.com.ar\/2023\/wp-json\/wp\/v2\/media?parent=199760"}],"wp:term":[{"taxonomy":"category","embeddable":true,"href":"https:\/\/radiofenix.com.ar\/2023\/wp-json\/wp\/v2\/categories?post=199760"},{"taxonomy":"post_tag","embeddable":true,"href":"https:\/\/radiofenix.com.ar\/2023\/wp-json\/wp\/v2\/tags?post=199760"}],"curies":[{"name":"wp","href":"https:\/\/api.w.org\/{rel}","templated":true}]}}